{"id":28045,"date":"2018-04-13T08:39:07","date_gmt":"2018-04-13T06:39:07","guid":{"rendered":"https:\/\/jag.se\/opinion\/pressreleases\/gladje-och-lattnad-over-domen-om-personlig-assistans-och-sondmaltid\/"},"modified":"2018-04-13T08:39:07","modified_gmt":"2018-04-13T06:39:07","slug":"gladje-och-lattnad-over-domen-om-personlig-assistans-och-sondmaltid","status":"publish","type":"pressreleases","link":"https:\/\/jag.se\/opinion\/pressreleases\/gladje-och-lattnad-over-domen-om-personlig-assistans-och-sondmaltid\/","title":{"rendered":"Gl\u00e4dje och l\u00e4ttnad \u00f6ver domen om personlig assistans och sondm\u00e5ltid"},"content":{"rendered":"<p>H\u00f6gsta f\u00f6rvaltningsdomstolen kom idag med sin dom om sondm\u00e5ltider \u2013 och F\u00f6rs\u00e4kringskassan f\u00e5r bakl\u00e4xa. \u00c4ntligen st\u00e5r det klart att alla m\u00e5ltider r\u00e4knas som grundl\u00e4ggande behov i ans\u00f6kan om personlig assistans, oavsett om de sker genom munnen eller genom en knapp direkt till magen.<\/p>\n<p>\u2013Vi \u00e4r otroligt glada och l\u00e4ttade. Detta inneb\u00e4r att barn med omfattande funktionsneds\u00e4ttningar kan f\u00e5 personlig assistans igen. De st\u00e4lls inte l\u00e4ngre inf\u00f6r det om\u00f6jliga valet mellan att \u00e4ta eller f\u00e5 livsn\u00f6dv\u00e4ndigt praktiskt st\u00f6d,\u00a0, s\u00e4ger Cecilia Blanck Verksamhetschef F\u00f6reningen JAG.<\/p>\n<p>\u2013 Detta visar tydligt att regeringens regleringsbrev till F\u00f6rs\u00e4kringskassan 2016 fick stora konsekvenser. Det ledde uppenbarligen till att F\u00f6rs\u00e4kringskassan, f\u00f6r att uppfylla kravet p\u00e5 att bryta timutvecklingen, valde tolkningar av lagen som var helt felaktiga. Nu har vi det svart p\u00e5 vitt,\u00a0, s\u00e4ger Cecilia Blanck.<\/p>\n<p>\u2013\u00a0Nu hoppas vi att nya ans\u00f6kningar fr\u00e5n alla de barn som de senaste \u00e5ren f\u00f6rv\u00e4grats det st\u00f6d de beh\u00f6ver kommer att hanteras snabbt och korrekt av F\u00f6rs\u00e4kringskassan. De var p\u00e5 v\u00e4g att bli en f\u00f6rlorad generation. Nu har de chansen att f\u00e5 ett gott liv, att v\u00e4xa upp i en familj och hoppas p\u00e5 en framtid igen,\u00a0s\u00e4ger Cecilia Blanck.<\/p>\n","protected":false},"featured_media":28046,"template":"","class_list":["post-28045","pressreleases","type-pressreleases","status-publish","has-post-thumbnail","hentry"],"acf":[],"yoast_head":"<!-- This site is optimized with the Yoast SEO plugin v21.3 - https:\/\/yoast.com\/wordpress\/plugins\/seo\/ -->\n<title>Gl\u00e4dje och l\u00e4ttnad \u00f6ver domen om personlig assistans och sondm\u00e5ltid - JAG Opinion<\/title>\n<meta name=\"robots\" content=\"index, follow, max-snippet:-1, max-image-preview:large, max-video-preview:-1\" \/>\n<link rel=\"canonical\" href=\"https:\/\/jag.se\/opinion\/pressreleases\/gladje-och-lattnad-over-domen-om-personlig-assistans-och-sondmaltid\/\" \/>\n<meta property=\"og:locale\" content=\"sv_SE\" \/>\n<meta property=\"og:type\" content=\"article\" \/>\n<meta property=\"og:title\" content=\"Gl\u00e4dje och l\u00e4ttnad \u00f6ver domen om personlig assistans och sondm\u00e5ltid - JAG Opinion\" \/>\n<meta property=\"og:description\" content=\"H\u00f6gsta f\u00f6rvaltningsdomstolen kom idag med sin dom om sondm\u00e5ltider \u2013 och F\u00f6rs\u00e4kringskassan f\u00e5r bakl\u00e4xa. \u00c4ntligen st\u00e5r det klart att alla m\u00e5ltider r\u00e4knas som grundl\u00e4ggande behov i ans\u00f6kan om personlig assistans, oavsett om de sker genom munnen eller genom en knapp direkt till magen. \u2013Vi \u00e4r otroligt glada och l\u00e4ttade. Detta inneb\u00e4r att barn med omfattande\" \/>\n<meta property=\"og:url\" content=\"https:\/\/jag.se\/opinion\/pressreleases\/gladje-och-lattnad-over-domen-om-personlig-assistans-och-sondmaltid\/\" \/>\n<meta property=\"og:site_name\" content=\"JAG Opinion\" \/>\n<meta property=\"og:image\" content=\"https:\/\/jag.se\/opinion\/wp-content\/uploads\/sites\/3\/2018\/04\/870be20cfb81dafb_org-13-scaled.jpg\" \/>\n\t<meta property=\"og:image:width\" content=\"2560\" \/>\n\t<meta property=\"og:image:height\" content=\"1953\" \/>\n\t<meta property=\"og:image:type\" content=\"image\/jpeg\" \/>\n<meta name=\"twitter:card\" content=\"summary_large_image\" \/>\n<meta name=\"twitter:label1\" content=\"Ber\u00e4knad l\u00e4stid\" \/>\n\t<meta name=\"twitter:data1\" content=\"1 minut\" \/>\n<script type=\"application\/ld+json\" class=\"yoast-schema-graph\">{\"@context\":\"https:\/\/schema.org\",\"@graph\":[{\"@type\":\"WebPage\",\"@id\":\"https:\/\/jag.se\/opinion\/pressreleases\/gladje-och-lattnad-over-domen-om-personlig-assistans-och-sondmaltid\/\",\"url\":\"https:\/\/jag.se\/opinion\/pressreleases\/gladje-och-lattnad-over-domen-om-personlig-assistans-och-sondmaltid\/\",\"name\":\"Gl\u00e4dje och l\u00e4ttnad \u00f6ver domen om personlig assistans och sondm\u00e5ltid - JAG Opinion\",\"isPartOf\":{\"@id\":\"https:\/\/jag.se\/opinion\/#website\"},\"datePublished\":\"2018-04-13T06:39:07+00:00\",\"dateModified\":\"2018-04-13T06:39:07+00:00\",\"breadcrumb\":{\"@id\":\"https:\/\/jag.se\/opinion\/pressreleases\/gladje-och-lattnad-over-domen-om-personlig-assistans-och-sondmaltid\/#breadcrumb\"},\"inLanguage\":\"sv-SE\",\"potentialAction\":[{\"@type\":\"ReadAction\",\"target\":[\"https:\/\/jag.se\/opinion\/pressreleases\/gladje-och-lattnad-over-domen-om-personlig-assistans-och-sondmaltid\/\"]}]},{\"@type\":\"BreadcrumbList\",\"@id\":\"https:\/\/jag.se\/opinion\/pressreleases\/gladje-och-lattnad-over-domen-om-personlig-assistans-och-sondmaltid\/#breadcrumb\",\"itemListElement\":[{\"@type\":\"ListItem\",\"position\":1,\"name\":\"JAG start\",\"item\":\"https:\/\/jag.se\"},{\"@type\":\"ListItem\",\"position\":2,\"name\":\"Riksf\u00f6reningen JAG\",\"item\":\"https:\/\/jag.se\/opinion\/\"},{\"@type\":\"ListItem\",\"position\":3,\"name\":\"Pressmeddelanden\",\"item\":\"https:\/\/jag.se\/opinion\/pressreleases\/\"},{\"@type\":\"ListItem\",\"position\":4,\"name\":\"Gl\u00e4dje och l\u00e4ttnad \u00f6ver domen om personlig assistans och sondm\u00e5ltid\"}]},{\"@type\":\"WebSite\",\"@id\":\"https:\/\/jag.se\/opinion\/#website\",\"url\":\"https:\/\/jag.se\/opinion\/\",\"name\":\"JAG Opinion\",\"description\":\"\",\"potentialAction\":[{\"@type\":\"SearchAction\",\"target\":{\"@type\":\"EntryPoint\",\"urlTemplate\":\"https:\/\/jag.se\/opinion\/?s={search_term_string}\"},\"query-input\":\"required name=search_term_string\"}],\"inLanguage\":\"sv-SE\"}]}<\/script>\n<!-- \/ Yoast SEO plugin. -->","yoast_head_json":{"title":"Gl\u00e4dje och l\u00e4ttnad \u00f6ver domen om personlig assistans och sondm\u00e5ltid - JAG Opinion","robots":{"index":"index","follow":"follow","max-snippet":"max-snippet:-1","max-image-preview":"max-image-preview:large","max-video-preview":"max-video-preview:-1"},"canonical":"https:\/\/jag.se\/opinion\/pressreleases\/gladje-och-lattnad-over-domen-om-personlig-assistans-och-sondmaltid\/","og_locale":"sv_SE","og_type":"article","og_title":"Gl\u00e4dje och l\u00e4ttnad \u00f6ver domen om personlig assistans och sondm\u00e5ltid - JAG Opinion","og_description":"H\u00f6gsta f\u00f6rvaltningsdomstolen kom idag med sin dom om sondm\u00e5ltider \u2013 och F\u00f6rs\u00e4kringskassan f\u00e5r bakl\u00e4xa. \u00c4ntligen st\u00e5r det klart att alla m\u00e5ltider r\u00e4knas som grundl\u00e4ggande behov i ans\u00f6kan om personlig assistans, oavsett om de sker genom munnen eller genom en knapp direkt till magen. \u2013Vi \u00e4r otroligt glada och l\u00e4ttade. Detta inneb\u00e4r att barn med omfattande","og_url":"https:\/\/jag.se\/opinion\/pressreleases\/gladje-och-lattnad-over-domen-om-personlig-assistans-och-sondmaltid\/","og_site_name":"JAG Opinion","og_image":[{"width":2560,"height":1953,"url":"https:\/\/jag.se\/opinion\/wp-content\/uploads\/sites\/3\/2018\/04\/870be20cfb81dafb_org-13-scaled.jpg","type":"image\/jpeg"}],"twitter_card":"summary_large_image","twitter_misc":{"Ber\u00e4knad l\u00e4stid":"1 minut"},"schema":{"@context":"https:\/\/schema.org","@graph":[{"@type":"WebPage","@id":"https:\/\/jag.se\/opinion\/pressreleases\/gladje-och-lattnad-over-domen-om-personlig-assistans-och-sondmaltid\/","url":"https:\/\/jag.se\/opinion\/pressreleases\/gladje-och-lattnad-over-domen-om-personlig-assistans-och-sondmaltid\/","name":"Gl\u00e4dje och l\u00e4ttnad \u00f6ver domen om personlig assistans och sondm\u00e5ltid - JAG Opinion","isPartOf":{"@id":"https:\/\/jag.se\/opinion\/#website"},"datePublished":"2018-04-13T06:39:07+00:00","dateModified":"2018-04-13T06:39:07+00:00","breadcrumb":{"@id":"https:\/\/jag.se\/opinion\/pressreleases\/gladje-och-lattnad-over-domen-om-personlig-assistans-och-sondmaltid\/#breadcrumb"},"inLanguage":"sv-SE","potentialAction":[{"@type":"ReadAction","target":["https:\/\/jag.se\/opinion\/pressreleases\/gladje-och-lattnad-over-domen-om-personlig-assistans-och-sondmaltid\/"]}]},{"@type":"BreadcrumbList","@id":"https:\/\/jag.se\/opinion\/pressreleases\/gladje-och-lattnad-over-domen-om-personlig-assistans-och-sondmaltid\/#breadcrumb","itemListElement":[{"@type":"ListItem","position":1,"name":"JAG start","item":"https:\/\/jag.se"},{"@type":"ListItem","position":2,"name":"Riksf\u00f6reningen JAG","item":"https:\/\/jag.se\/opinion\/"},{"@type":"ListItem","position":3,"name":"Pressmeddelanden","item":"https:\/\/jag.se\/opinion\/pressreleases\/"},{"@type":"ListItem","position":4,"name":"Gl\u00e4dje och l\u00e4ttnad \u00f6ver domen om personlig assistans och sondm\u00e5ltid"}]},{"@type":"WebSite","@id":"https:\/\/jag.se\/opinion\/#website","url":"https:\/\/jag.se\/opinion\/","name":"JAG Opinion","description":"","potentialAction":[{"@type":"SearchAction","target":{"@type":"EntryPoint","urlTemplate":"https:\/\/jag.se\/opinion\/?s={search_term_string}"},"query-input":"required name=search_term_string"}],"inLanguage":"sv-SE"}]}},"_links":{"self":[{"href":"https:\/\/jag.se\/opinion\/wp-json\/wp\/v2\/pressreleases\/28045","targetHints":{"allow":["GET"]}}],"collection":[{"href":"https:\/\/jag.se\/opinion\/wp-json\/wp\/v2\/pressreleases"}],"about":[{"href":"https:\/\/jag.se\/opinion\/wp-json\/wp\/v2\/types\/pressreleases"}],"wp:featuredmedia":[{"embeddable":true,"href":"https:\/\/jag.se\/opinion\/wp-json\/wp\/v2\/media\/28046"}],"wp:attachment":[{"href":"https:\/\/jag.se\/opinion\/wp-json\/wp\/v2\/media?parent=28045"}],"curies":[{"name":"wp","href":"https:\/\/api.w.org\/{rel}","templated":true}]}}