{"id":28047,"date":"2018-01-09T10:54:20","date_gmt":"2018-01-09T09:54:20","guid":{"rendered":"https:\/\/jag.se\/opinion\/pressreleases\/regeringen-har-lyssnat-i-alla-fall-lite\/"},"modified":"2018-01-09T10:54:20","modified_gmt":"2018-01-09T09:54:20","slug":"regeringen-har-lyssnat-i-alla-fall-lite","status":"publish","type":"pressreleases","link":"https:\/\/jag.se\/opinion\/pressreleases\/regeringen-har-lyssnat-i-alla-fall-lite\/","title":{"rendered":"\u200bRegeringen har lyssnat \u2013 i alla fall lite!"},"content":{"rendered":"<p>Regeringens l\u00e4mnade ig\u00e5r\u00a0sitt f\u00f6rslag\u00a0om \u00e4ndringar i lagen f\u00f6r att f\u00f6rhindra ytterligare f\u00f6rs\u00e4mringar i r\u00e4tten till personlig assistans.<\/p>\n<p>F\u00f6reningen JAG hade tv\u00e5 st\u00f6rre inv\u00e4ndningar mot f\u00f6rslaget n\u00e4r det s\u00e4ndes p\u00e5 remiss, och b\u00e5da har regeringen nu \u00e4ndrat.<\/p>\n<p>\u2013 V\u00e5ra inv\u00e4ndningar g\u00e4llde\u00a0att ompr\u00f6vningar vid \u00e4ndrade f\u00f6rh\u00e5llanden bara borde g\u00f6ras om just f\u00f6r\u00e4ndringen, inte som en fullst\u00e4ndig ompr\u00f6vning. Vi hade redan i november och december f\u00e5tt indikationer p\u00e5 att t ex barn som skulle b\u00f6rja skolan skulle tvingas till en fullst\u00e4ndig ompr\u00f6vning, eftersom deras assistansbehov kunde f\u00f6r\u00e4ndrats. Detta hade varit f\u00f6r\u00f6dande med tanke p\u00e5 den nya praxis som d\u00e5 skulle g\u00e4lla vid ompr\u00f6vningen, s\u00e4ger Cecilia Blanck, verksamhetsansvarig vid F\u00f6reningen JAG.<\/p>\n<p>F\u00f6reningen JAG ans\u00e5g ocks\u00e5 att f\u00f6rslaget\u00a0att resor inte skulle r\u00e4knas in som en del av en\u00a0aktivitet var orimligt.<\/p>\n<p>\u2013 Det var det som HFD-domen egentligen handlade om, men det \u00e4r\u00a0ocks\u00e5 en helt avg\u00f6rande faktor f\u00f6r om en aktivitet ska kunna genomf\u00f6ras, s\u00e4ger Cecilia Blanck.<\/p>\n<p>Regeringen har uppenbarligen l\u00e4st och tagit till sig F\u00f6reningen JAGs\u00a0kunskap, f\u00f6r i f\u00f6rslaget s\u00e4gs nu dels att det bara \u00e4r den \u00e4ndrade delen i behovet som ska r\u00e4knas om vid \u00e4ndrade f\u00f6rh\u00e5llanden, och att eventuella resor ska ing\u00e5 i en aktivitet.\u00a0<\/p>\n<p>\u2013 Men, precis som vi skrev i v\u00e5rt remissvar, detta f\u00f6r\u00e4ndrar ingenting f\u00f6r dem som redan mist sin personliga assistans p\u00e5 grund av omtolkningarna av lagen. Och det f\u00f6r\u00e4ndrar ingenting f\u00f6r alla de hundratals barn som inte sl\u00e4ppts in i assistansen de senaste \u00e5ren. Deras familjer g\u00e5r p\u00e5 kn\u00e4na och kommunerna b\u00f6rjar\u00a0enligt socialstyrelsens rapport planera LSS-boenden f\u00f6r dem ist\u00e4llet, s\u00e4ger Cecilia Blanck.<\/p>\n","protected":false},"featured_media":28048,"template":"","class_list":["post-28047","pressreleases","type-pressreleases","status-publish","has-post-thumbnail","hentry"],"acf":[],"yoast_head":"<!-- This site is optimized with the Yoast SEO plugin v21.3 - https:\/\/yoast.com\/wordpress\/plugins\/seo\/ -->\n<title>\u200bRegeringen har lyssnat \u2013 i alla fall lite! - JAG Opinion<\/title>\n<meta name=\"robots\" content=\"index, follow, max-snippet:-1, max-image-preview:large, max-video-preview:-1\" \/>\n<link rel=\"canonical\" href=\"https:\/\/jag.se\/opinion\/pressreleases\/regeringen-har-lyssnat-i-alla-fall-lite\/\" \/>\n<meta property=\"og:locale\" content=\"sv_SE\" \/>\n<meta property=\"og:type\" content=\"article\" \/>\n<meta property=\"og:title\" content=\"\u200bRegeringen har lyssnat \u2013 i alla fall lite! - JAG Opinion\" \/>\n<meta property=\"og:description\" content=\"Regeringens l\u00e4mnade ig\u00e5r\u00a0sitt f\u00f6rslag\u00a0om \u00e4ndringar i lagen f\u00f6r att f\u00f6rhindra ytterligare f\u00f6rs\u00e4mringar i r\u00e4tten till personlig assistans. F\u00f6reningen JAG hade tv\u00e5 st\u00f6rre inv\u00e4ndningar mot f\u00f6rslaget n\u00e4r det s\u00e4ndes p\u00e5 remiss, och b\u00e5da har regeringen nu \u00e4ndrat. \u2013 V\u00e5ra inv\u00e4ndningar g\u00e4llde\u00a0att ompr\u00f6vningar vid \u00e4ndrade f\u00f6rh\u00e5llanden bara borde g\u00f6ras om just f\u00f6r\u00e4ndringen, inte som en fullst\u00e4ndig ompr\u00f6vning.\" \/>\n<meta property=\"og:url\" content=\"https:\/\/jag.se\/opinion\/pressreleases\/regeringen-har-lyssnat-i-alla-fall-lite\/\" \/>\n<meta property=\"og:site_name\" content=\"JAG Opinion\" \/>\n<meta property=\"og:image\" content=\"https:\/\/jag.se\/opinion\/wp-content\/uploads\/sites\/3\/2018\/01\/ae1f5a79d975bb67_org-12-scaled.jpg\" \/>\n\t<meta property=\"og:image:width\" content=\"2560\" \/>\n\t<meta property=\"og:image:height\" content=\"1920\" \/>\n\t<meta property=\"og:image:type\" content=\"image\/jpeg\" \/>\n<meta name=\"twitter:card\" content=\"summary_large_image\" \/>\n<meta name=\"twitter:label1\" content=\"Ber\u00e4knad l\u00e4stid\" \/>\n\t<meta name=\"twitter:data1\" content=\"2 minuter\" \/>\n<script type=\"application\/ld+json\" class=\"yoast-schema-graph\">{\"@context\":\"https:\/\/schema.org\",\"@graph\":[{\"@type\":\"WebPage\",\"@id\":\"https:\/\/jag.se\/opinion\/pressreleases\/regeringen-har-lyssnat-i-alla-fall-lite\/\",\"url\":\"https:\/\/jag.se\/opinion\/pressreleases\/regeringen-har-lyssnat-i-alla-fall-lite\/\",\"name\":\"\u200bRegeringen har lyssnat \u2013 i alla fall lite! - JAG Opinion\",\"isPartOf\":{\"@id\":\"https:\/\/jag.se\/opinion\/#website\"},\"datePublished\":\"2018-01-09T09:54:20+00:00\",\"dateModified\":\"2018-01-09T09:54:20+00:00\",\"breadcrumb\":{\"@id\":\"https:\/\/jag.se\/opinion\/pressreleases\/regeringen-har-lyssnat-i-alla-fall-lite\/#breadcrumb\"},\"inLanguage\":\"sv-SE\",\"potentialAction\":[{\"@type\":\"ReadAction\",\"target\":[\"https:\/\/jag.se\/opinion\/pressreleases\/regeringen-har-lyssnat-i-alla-fall-lite\/\"]}]},{\"@type\":\"BreadcrumbList\",\"@id\":\"https:\/\/jag.se\/opinion\/pressreleases\/regeringen-har-lyssnat-i-alla-fall-lite\/#breadcrumb\",\"itemListElement\":[{\"@type\":\"ListItem\",\"position\":1,\"name\":\"JAG start\",\"item\":\"https:\/\/jag.se\"},{\"@type\":\"ListItem\",\"position\":2,\"name\":\"Riksf\u00f6reningen JAG\",\"item\":\"https:\/\/jag.se\/opinion\/\"},{\"@type\":\"ListItem\",\"position\":3,\"name\":\"Pressmeddelanden\",\"item\":\"https:\/\/jag.se\/opinion\/pressreleases\/\"},{\"@type\":\"ListItem\",\"position\":4,\"name\":\"\u200bRegeringen har lyssnat \u2013 i alla fall lite!\"}]},{\"@type\":\"WebSite\",\"@id\":\"https:\/\/jag.se\/opinion\/#website\",\"url\":\"https:\/\/jag.se\/opinion\/\",\"name\":\"JAG Opinion\",\"description\":\"\",\"potentialAction\":[{\"@type\":\"SearchAction\",\"target\":{\"@type\":\"EntryPoint\",\"urlTemplate\":\"https:\/\/jag.se\/opinion\/?s={search_term_string}\"},\"query-input\":\"required name=search_term_string\"}],\"inLanguage\":\"sv-SE\"}]}<\/script>\n<!-- \/ Yoast SEO plugin. -->","yoast_head_json":{"title":"\u200bRegeringen har lyssnat \u2013 i alla fall lite! - JAG Opinion","robots":{"index":"index","follow":"follow","max-snippet":"max-snippet:-1","max-image-preview":"max-image-preview:large","max-video-preview":"max-video-preview:-1"},"canonical":"https:\/\/jag.se\/opinion\/pressreleases\/regeringen-har-lyssnat-i-alla-fall-lite\/","og_locale":"sv_SE","og_type":"article","og_title":"\u200bRegeringen har lyssnat \u2013 i alla fall lite! - JAG Opinion","og_description":"Regeringens l\u00e4mnade ig\u00e5r\u00a0sitt f\u00f6rslag\u00a0om \u00e4ndringar i lagen f\u00f6r att f\u00f6rhindra ytterligare f\u00f6rs\u00e4mringar i r\u00e4tten till personlig assistans. F\u00f6reningen JAG hade tv\u00e5 st\u00f6rre inv\u00e4ndningar mot f\u00f6rslaget n\u00e4r det s\u00e4ndes p\u00e5 remiss, och b\u00e5da har regeringen nu \u00e4ndrat. \u2013 V\u00e5ra inv\u00e4ndningar g\u00e4llde\u00a0att ompr\u00f6vningar vid \u00e4ndrade f\u00f6rh\u00e5llanden bara borde g\u00f6ras om just f\u00f6r\u00e4ndringen, inte som en fullst\u00e4ndig ompr\u00f6vning.","og_url":"https:\/\/jag.se\/opinion\/pressreleases\/regeringen-har-lyssnat-i-alla-fall-lite\/","og_site_name":"JAG Opinion","og_image":[{"width":2560,"height":1920,"url":"https:\/\/jag.se\/opinion\/wp-content\/uploads\/sites\/3\/2018\/01\/ae1f5a79d975bb67_org-12-scaled.jpg","type":"image\/jpeg"}],"twitter_card":"summary_large_image","twitter_misc":{"Ber\u00e4knad l\u00e4stid":"2 minuter"},"schema":{"@context":"https:\/\/schema.org","@graph":[{"@type":"WebPage","@id":"https:\/\/jag.se\/opinion\/pressreleases\/regeringen-har-lyssnat-i-alla-fall-lite\/","url":"https:\/\/jag.se\/opinion\/pressreleases\/regeringen-har-lyssnat-i-alla-fall-lite\/","name":"\u200bRegeringen har lyssnat \u2013 i alla fall lite! - JAG Opinion","isPartOf":{"@id":"https:\/\/jag.se\/opinion\/#website"},"datePublished":"2018-01-09T09:54:20+00:00","dateModified":"2018-01-09T09:54:20+00:00","breadcrumb":{"@id":"https:\/\/jag.se\/opinion\/pressreleases\/regeringen-har-lyssnat-i-alla-fall-lite\/#breadcrumb"},"inLanguage":"sv-SE","potentialAction":[{"@type":"ReadAction","target":["https:\/\/jag.se\/opinion\/pressreleases\/regeringen-har-lyssnat-i-alla-fall-lite\/"]}]},{"@type":"BreadcrumbList","@id":"https:\/\/jag.se\/opinion\/pressreleases\/regeringen-har-lyssnat-i-alla-fall-lite\/#breadcrumb","itemListElement":[{"@type":"ListItem","position":1,"name":"JAG start","item":"https:\/\/jag.se"},{"@type":"ListItem","position":2,"name":"Riksf\u00f6reningen JAG","item":"https:\/\/jag.se\/opinion\/"},{"@type":"ListItem","position":3,"name":"Pressmeddelanden","item":"https:\/\/jag.se\/opinion\/pressreleases\/"},{"@type":"ListItem","position":4,"name":"\u200bRegeringen har lyssnat \u2013 i alla fall lite!"}]},{"@type":"WebSite","@id":"https:\/\/jag.se\/opinion\/#website","url":"https:\/\/jag.se\/opinion\/","name":"JAG Opinion","description":"","potentialAction":[{"@type":"SearchAction","target":{"@type":"EntryPoint","urlTemplate":"https:\/\/jag.se\/opinion\/?s={search_term_string}"},"query-input":"required name=search_term_string"}],"inLanguage":"sv-SE"}]}},"_links":{"self":[{"href":"https:\/\/jag.se\/opinion\/wp-json\/wp\/v2\/pressreleases\/28047","targetHints":{"allow":["GET"]}}],"collection":[{"href":"https:\/\/jag.se\/opinion\/wp-json\/wp\/v2\/pressreleases"}],"about":[{"href":"https:\/\/jag.se\/opinion\/wp-json\/wp\/v2\/types\/pressreleases"}],"wp:featuredmedia":[{"embeddable":true,"href":"https:\/\/jag.se\/opinion\/wp-json\/wp\/v2\/media\/28048"}],"wp:attachment":[{"href":"https:\/\/jag.se\/opinion\/wp-json\/wp\/v2\/media?parent=28047"}],"curies":[{"name":"wp","href":"https:\/\/api.w.org\/{rel}","templated":true}]}}