{"id":28049,"date":"2017-12-01T15:53:52","date_gmt":"2017-12-01T14:53:52","guid":{"rendered":"https:\/\/jag.se\/opinion\/pressreleases\/regeringens-forslag-hjalper-inte-dem-som-redan-forlorat-sin-personliga-assistans\/"},"modified":"2017-12-01T15:53:52","modified_gmt":"2017-12-01T14:53:52","slug":"regeringens-forslag-hjalper-inte-dem-som-redan-forlorat-sin-personliga-assistans","status":"publish","type":"pressreleases","link":"https:\/\/jag.se\/opinion\/pressreleases\/regeringens-forslag-hjalper-inte-dem-som-redan-forlorat-sin-personliga-assistans\/","title":{"rendered":"Regeringens f\u00f6rslag hj\u00e4lper inte dem som redan f\u00f6rlorat sin personliga assistans"},"content":{"rendered":"<p>I onsdags kom regeringens f\u00f6rslag till lag\u00e4ndringar i LSS och socialf\u00f6rs\u00e4kringsbalken. P\u00e5 s\u00f6ndag demonstrerar vi och m\u00e5nga med oss i en riksomfattande protest.<\/p>\n<p>Lag\u00e4ndringarna inneb\u00e4r n\u00e4mligen inte<\/p>\n<p>  \u00b7 n\u00e5gon f\u00f6r\u00e4ndring alls f\u00f6r personer som redan har f\u00e5tt beslut om indragen eller neddragen assistans p\u00e5 grund av F\u00f6rs\u00e4kringskassans eller kommunens \u00e4ndrade bed\u00f6mning av grundl\u00e4ggande behov (integritetsk\u00e4nslighet, ing\u00e5ende kunskap, egenv\u00e5rd). Att ans\u00f6ka p\u00e5 nytt hj\u00e4lper inte, se nedan.<\/p>\n<p>  \u00b7 n\u00e5gon f\u00f6r\u00e4ndring f\u00f6r personer som nyans\u00f6ker om assistans, annat \u00e4n att assistans kan ges f\u00f6r v\u00e4ntetid och beredskap. Vid nyans\u00f6kningar kommer F\u00f6rs\u00e4kringskassan i \u00f6vrigt att f\u00f6lja sin tolkning av alla domar i H\u00f6gsta F\u00f6rvaltningsdomstolen. Utifr\u00e5n den senaste HFD-domen kan det betyda begr\u00e4nsning av dubbelassistans och assistans f\u00f6r ink\u00f6p, hush\u00e5llssysslor och andra personliga behov som inte bed\u00f6ms vara tillr\u00e4ckligt kvalificerade.<\/p>\n<p>\u2013 F\u00f6rslaget ger andrum till n\u00e5gra men inte framtidstro till n\u00e5gon.\u00a0Regeringen g\u00f6r inget \u00e5t dem som redan f\u00f6rlorat assistansen. Och de g\u00f6r inget \u00e5t alla dem som beh\u00f6ver assistans men inte f\u00e5r det, p\u00e5 grund av domarna om egenv\u00e5rd och femte grundl\u00e4ggande, s\u00e4ger Cecilia Blanck, verksamhetsansvarig p\u00e5 F\u00f6reningen JAG.\u00a0De har bara stoppat ompr\u00f6vningarna och beh\u00e5ller dagens m\u00f6jlighet till jour och beredskap.<\/p>\n<p>\u2013 Det h\u00e4r inneb\u00e4r bara att regeringen skjuter n\u00e5gra av\u00a0fr\u00e5gorna\u00a0framf\u00f6r sig till efter valet.\u00a0F\u00f6r att vi ska \u00e5terf\u00e5 framtidstron kr\u00e4vs f\u00f6r\u00e4ndrade direktiv till LSS-utredningen om att ta bort besparingskravet \u2013 nu!<\/p>\n","protected":false},"featured_media":0,"template":"","class_list":["post-28049","pressreleases","type-pressreleases","status-publish","hentry"],"acf":[],"yoast_head":"<!-- This site is optimized with the Yoast SEO plugin v21.3 - https:\/\/yoast.com\/wordpress\/plugins\/seo\/ -->\n<title>Regeringens f\u00f6rslag hj\u00e4lper inte dem som redan f\u00f6rlorat sin personliga assistans - JAG Opinion<\/title>\n<meta name=\"robots\" content=\"index, follow, max-snippet:-1, max-image-preview:large, max-video-preview:-1\" \/>\n<link rel=\"canonical\" href=\"https:\/\/jag.se\/opinion\/pressreleases\/regeringens-forslag-hjalper-inte-dem-som-redan-forlorat-sin-personliga-assistans\/\" \/>\n<meta property=\"og:locale\" content=\"sv_SE\" \/>\n<meta property=\"og:type\" content=\"article\" \/>\n<meta property=\"og:title\" content=\"Regeringens f\u00f6rslag hj\u00e4lper inte dem som redan f\u00f6rlorat sin personliga assistans - JAG Opinion\" \/>\n<meta property=\"og:description\" content=\"I onsdags kom regeringens f\u00f6rslag till lag\u00e4ndringar i LSS och socialf\u00f6rs\u00e4kringsbalken. P\u00e5 s\u00f6ndag demonstrerar vi och m\u00e5nga med oss i en riksomfattande protest. Lag\u00e4ndringarna inneb\u00e4r n\u00e4mligen inte \u00b7 n\u00e5gon f\u00f6r\u00e4ndring alls f\u00f6r personer som redan har f\u00e5tt beslut om indragen eller neddragen assistans p\u00e5 grund av F\u00f6rs\u00e4kringskassans eller kommunens \u00e4ndrade bed\u00f6mning av grundl\u00e4ggande behov (integritetsk\u00e4nslighet,\" \/>\n<meta property=\"og:url\" content=\"https:\/\/jag.se\/opinion\/pressreleases\/regeringens-forslag-hjalper-inte-dem-som-redan-forlorat-sin-personliga-assistans\/\" \/>\n<meta property=\"og:site_name\" content=\"JAG Opinion\" \/>\n<meta name=\"twitter:card\" content=\"summary_large_image\" \/>\n<meta name=\"twitter:label1\" content=\"Ber\u00e4knad l\u00e4stid\" \/>\n\t<meta name=\"twitter:data1\" content=\"1 minut\" \/>\n<script type=\"application\/ld+json\" class=\"yoast-schema-graph\">{\"@context\":\"https:\/\/schema.org\",\"@graph\":[{\"@type\":\"WebPage\",\"@id\":\"https:\/\/jag.se\/opinion\/pressreleases\/regeringens-forslag-hjalper-inte-dem-som-redan-forlorat-sin-personliga-assistans\/\",\"url\":\"https:\/\/jag.se\/opinion\/pressreleases\/regeringens-forslag-hjalper-inte-dem-som-redan-forlorat-sin-personliga-assistans\/\",\"name\":\"Regeringens f\u00f6rslag hj\u00e4lper inte dem som redan f\u00f6rlorat sin personliga assistans - JAG Opinion\",\"isPartOf\":{\"@id\":\"https:\/\/jag.se\/opinion\/#website\"},\"datePublished\":\"2017-12-01T14:53:52+00:00\",\"dateModified\":\"2017-12-01T14:53:52+00:00\",\"breadcrumb\":{\"@id\":\"https:\/\/jag.se\/opinion\/pressreleases\/regeringens-forslag-hjalper-inte-dem-som-redan-forlorat-sin-personliga-assistans\/#breadcrumb\"},\"inLanguage\":\"sv-SE\",\"potentialAction\":[{\"@type\":\"ReadAction\",\"target\":[\"https:\/\/jag.se\/opinion\/pressreleases\/regeringens-forslag-hjalper-inte-dem-som-redan-forlorat-sin-personliga-assistans\/\"]}]},{\"@type\":\"BreadcrumbList\",\"@id\":\"https:\/\/jag.se\/opinion\/pressreleases\/regeringens-forslag-hjalper-inte-dem-som-redan-forlorat-sin-personliga-assistans\/#breadcrumb\",\"itemListElement\":[{\"@type\":\"ListItem\",\"position\":1,\"name\":\"JAG start\",\"item\":\"https:\/\/jag.se\"},{\"@type\":\"ListItem\",\"position\":2,\"name\":\"Riksf\u00f6reningen JAG\",\"item\":\"https:\/\/jag.se\/opinion\/\"},{\"@type\":\"ListItem\",\"position\":3,\"name\":\"Pressmeddelanden\",\"item\":\"https:\/\/jag.se\/opinion\/pressreleases\/\"},{\"@type\":\"ListItem\",\"position\":4,\"name\":\"Regeringens f\u00f6rslag hj\u00e4lper inte dem som redan f\u00f6rlorat sin personliga assistans\"}]},{\"@type\":\"WebSite\",\"@id\":\"https:\/\/jag.se\/opinion\/#website\",\"url\":\"https:\/\/jag.se\/opinion\/\",\"name\":\"JAG Opinion\",\"description\":\"\",\"potentialAction\":[{\"@type\":\"SearchAction\",\"target\":{\"@type\":\"EntryPoint\",\"urlTemplate\":\"https:\/\/jag.se\/opinion\/?s={search_term_string}\"},\"query-input\":\"required name=search_term_string\"}],\"inLanguage\":\"sv-SE\"}]}<\/script>\n<!-- \/ Yoast SEO plugin. -->","yoast_head_json":{"title":"Regeringens f\u00f6rslag hj\u00e4lper inte dem som redan f\u00f6rlorat sin personliga assistans - JAG Opinion","robots":{"index":"index","follow":"follow","max-snippet":"max-snippet:-1","max-image-preview":"max-image-preview:large","max-video-preview":"max-video-preview:-1"},"canonical":"https:\/\/jag.se\/opinion\/pressreleases\/regeringens-forslag-hjalper-inte-dem-som-redan-forlorat-sin-personliga-assistans\/","og_locale":"sv_SE","og_type":"article","og_title":"Regeringens f\u00f6rslag hj\u00e4lper inte dem som redan f\u00f6rlorat sin personliga assistans - JAG Opinion","og_description":"I onsdags kom regeringens f\u00f6rslag till lag\u00e4ndringar i LSS och socialf\u00f6rs\u00e4kringsbalken. P\u00e5 s\u00f6ndag demonstrerar vi och m\u00e5nga med oss i en riksomfattande protest. Lag\u00e4ndringarna inneb\u00e4r n\u00e4mligen inte \u00b7 n\u00e5gon f\u00f6r\u00e4ndring alls f\u00f6r personer som redan har f\u00e5tt beslut om indragen eller neddragen assistans p\u00e5 grund av F\u00f6rs\u00e4kringskassans eller kommunens \u00e4ndrade bed\u00f6mning av grundl\u00e4ggande behov (integritetsk\u00e4nslighet,","og_url":"https:\/\/jag.se\/opinion\/pressreleases\/regeringens-forslag-hjalper-inte-dem-som-redan-forlorat-sin-personliga-assistans\/","og_site_name":"JAG Opinion","twitter_card":"summary_large_image","twitter_misc":{"Ber\u00e4knad l\u00e4stid":"1 minut"},"schema":{"@context":"https:\/\/schema.org","@graph":[{"@type":"WebPage","@id":"https:\/\/jag.se\/opinion\/pressreleases\/regeringens-forslag-hjalper-inte-dem-som-redan-forlorat-sin-personliga-assistans\/","url":"https:\/\/jag.se\/opinion\/pressreleases\/regeringens-forslag-hjalper-inte-dem-som-redan-forlorat-sin-personliga-assistans\/","name":"Regeringens f\u00f6rslag hj\u00e4lper inte dem som redan f\u00f6rlorat sin personliga assistans - JAG Opinion","isPartOf":{"@id":"https:\/\/jag.se\/opinion\/#website"},"datePublished":"2017-12-01T14:53:52+00:00","dateModified":"2017-12-01T14:53:52+00:00","breadcrumb":{"@id":"https:\/\/jag.se\/opinion\/pressreleases\/regeringens-forslag-hjalper-inte-dem-som-redan-forlorat-sin-personliga-assistans\/#breadcrumb"},"inLanguage":"sv-SE","potentialAction":[{"@type":"ReadAction","target":["https:\/\/jag.se\/opinion\/pressreleases\/regeringens-forslag-hjalper-inte-dem-som-redan-forlorat-sin-personliga-assistans\/"]}]},{"@type":"BreadcrumbList","@id":"https:\/\/jag.se\/opinion\/pressreleases\/regeringens-forslag-hjalper-inte-dem-som-redan-forlorat-sin-personliga-assistans\/#breadcrumb","itemListElement":[{"@type":"ListItem","position":1,"name":"JAG start","item":"https:\/\/jag.se"},{"@type":"ListItem","position":2,"name":"Riksf\u00f6reningen JAG","item":"https:\/\/jag.se\/opinion\/"},{"@type":"ListItem","position":3,"name":"Pressmeddelanden","item":"https:\/\/jag.se\/opinion\/pressreleases\/"},{"@type":"ListItem","position":4,"name":"Regeringens f\u00f6rslag hj\u00e4lper inte dem som redan f\u00f6rlorat sin personliga assistans"}]},{"@type":"WebSite","@id":"https:\/\/jag.se\/opinion\/#website","url":"https:\/\/jag.se\/opinion\/","name":"JAG Opinion","description":"","potentialAction":[{"@type":"SearchAction","target":{"@type":"EntryPoint","urlTemplate":"https:\/\/jag.se\/opinion\/?s={search_term_string}"},"query-input":"required name=search_term_string"}],"inLanguage":"sv-SE"}]}},"_links":{"self":[{"href":"https:\/\/jag.se\/opinion\/wp-json\/wp\/v2\/pressreleases\/28049","targetHints":{"allow":["GET"]}}],"collection":[{"href":"https:\/\/jag.se\/opinion\/wp-json\/wp\/v2\/pressreleases"}],"about":[{"href":"https:\/\/jag.se\/opinion\/wp-json\/wp\/v2\/types\/pressreleases"}],"wp:attachment":[{"href":"https:\/\/jag.se\/opinion\/wp-json\/wp\/v2\/media?parent=28049"}],"curies":[{"name":"wp","href":"https:\/\/api.w.org\/{rel}","templated":true}]}}