{"id":28050,"date":"2017-11-07T08:19:14","date_gmt":"2017-11-07T07:19:14","guid":{"rendered":"https:\/\/jag.se\/opinion\/pressreleases\/foreningen-jag-vadjar-till-regeringen-glom-inte-bort-barnen\/"},"modified":"2017-11-07T08:19:14","modified_gmt":"2017-11-07T07:19:14","slug":"foreningen-jag-vadjar-till-regeringen-glom-inte-bort-barnen","status":"publish","type":"pressreleases","link":"https:\/\/jag.se\/opinion\/pressreleases\/foreningen-jag-vadjar-till-regeringen-glom-inte-bort-barnen\/","title":{"rendered":"F\u00f6reningen JAG v\u00e4djar till regeringen &#8211; gl\u00f6m inte bort barnen!"},"content":{"rendered":"<p> Deras familjer g\u00e5r p\u00e5 kn\u00e4na. Kommun efter kommun bygger nya barnhem. M\u00e5nga av de barn som f\u00f6ds med sv\u00e5ra skador idag f\u00e5r inte v\u00e4xa upp i sina familjer. Katastrofen \u00e4r redan ett faktum. Om inget g\u00f6rs snabbt \u00e4r vi snart tillbaka p\u00e5 sextiotalet, n\u00e4r barn \u00f6vergavs, tynade bort och dog p\u00e5 institutionerna.<\/p>\n<p>F\u00f6reningen JAG v\u00e4djar till regeringen &#8211; l\u00f6s \u00e4ven denna kris i den snabba lag\u00e4ndringen! Tillr\u00e4cklig kunskap om problemet och konsekvenserna f\u00f6r barnen och deras familjer finns redan &#8211; det handlar bara om att i lagen f\u00f6rtydliga att egenv\u00e5rd med de grundl\u00e4ggande behoven ocks\u00e5 utg\u00f6r grundl\u00e4ggande behov.\u00a0<\/p>\n","protected":false},"featured_media":0,"template":"","class_list":["post-28050","pressreleases","type-pressreleases","status-publish","hentry"],"acf":[],"yoast_head":"<!-- This site is optimized with the Yoast SEO plugin v21.3 - https:\/\/yoast.com\/wordpress\/plugins\/seo\/ -->\n<title>F\u00f6reningen JAG v\u00e4djar till regeringen - gl\u00f6m inte bort barnen! - JAG Opinion<\/title>\n<meta name=\"robots\" content=\"index, follow, max-snippet:-1, max-image-preview:large, max-video-preview:-1\" \/>\n<link rel=\"canonical\" href=\"https:\/\/jag.se\/opinion\/pressreleases\/foreningen-jag-vadjar-till-regeringen-glom-inte-bort-barnen\/\" \/>\n<meta property=\"og:locale\" content=\"sv_SE\" \/>\n<meta property=\"og:type\" content=\"article\" \/>\n<meta property=\"og:title\" content=\"F\u00f6reningen JAG v\u00e4djar till regeringen - gl\u00f6m inte bort barnen! - JAG Opinion\" \/>\n<meta property=\"og:description\" content=\"Deras familjer g\u00e5r p\u00e5 kn\u00e4na. Kommun efter kommun bygger nya barnhem. M\u00e5nga av de barn som f\u00f6ds med sv\u00e5ra skador idag f\u00e5r inte v\u00e4xa upp i sina familjer. Katastrofen \u00e4r redan ett faktum. Om inget g\u00f6rs snabbt \u00e4r vi snart tillbaka p\u00e5 sextiotalet, n\u00e4r barn \u00f6vergavs, tynade bort och dog p\u00e5 institutionerna. F\u00f6reningen JAG v\u00e4djar\" \/>\n<meta property=\"og:url\" content=\"https:\/\/jag.se\/opinion\/pressreleases\/foreningen-jag-vadjar-till-regeringen-glom-inte-bort-barnen\/\" \/>\n<meta property=\"og:site_name\" content=\"JAG Opinion\" \/>\n<meta name=\"twitter:card\" content=\"summary_large_image\" \/>\n<meta name=\"twitter:label1\" content=\"Ber\u00e4knad l\u00e4stid\" \/>\n\t<meta name=\"twitter:data1\" content=\"1 minut\" \/>\n<script type=\"application\/ld+json\" class=\"yoast-schema-graph\">{\"@context\":\"https:\/\/schema.org\",\"@graph\":[{\"@type\":\"WebPage\",\"@id\":\"https:\/\/jag.se\/opinion\/pressreleases\/foreningen-jag-vadjar-till-regeringen-glom-inte-bort-barnen\/\",\"url\":\"https:\/\/jag.se\/opinion\/pressreleases\/foreningen-jag-vadjar-till-regeringen-glom-inte-bort-barnen\/\",\"name\":\"F\u00f6reningen JAG v\u00e4djar till regeringen - gl\u00f6m inte bort barnen! - JAG Opinion\",\"isPartOf\":{\"@id\":\"https:\/\/jag.se\/opinion\/#website\"},\"datePublished\":\"2017-11-07T07:19:14+00:00\",\"dateModified\":\"2017-11-07T07:19:14+00:00\",\"breadcrumb\":{\"@id\":\"https:\/\/jag.se\/opinion\/pressreleases\/foreningen-jag-vadjar-till-regeringen-glom-inte-bort-barnen\/#breadcrumb\"},\"inLanguage\":\"sv-SE\",\"potentialAction\":[{\"@type\":\"ReadAction\",\"target\":[\"https:\/\/jag.se\/opinion\/pressreleases\/foreningen-jag-vadjar-till-regeringen-glom-inte-bort-barnen\/\"]}]},{\"@type\":\"BreadcrumbList\",\"@id\":\"https:\/\/jag.se\/opinion\/pressreleases\/foreningen-jag-vadjar-till-regeringen-glom-inte-bort-barnen\/#breadcrumb\",\"itemListElement\":[{\"@type\":\"ListItem\",\"position\":1,\"name\":\"JAG start\",\"item\":\"https:\/\/jag.se\"},{\"@type\":\"ListItem\",\"position\":2,\"name\":\"Riksf\u00f6reningen JAG\",\"item\":\"https:\/\/jag.se\/opinion\/\"},{\"@type\":\"ListItem\",\"position\":3,\"name\":\"Pressmeddelanden\",\"item\":\"https:\/\/jag.se\/opinion\/pressreleases\/\"},{\"@type\":\"ListItem\",\"position\":4,\"name\":\"F\u00f6reningen JAG v\u00e4djar till regeringen &#8211; gl\u00f6m inte bort barnen!\"}]},{\"@type\":\"WebSite\",\"@id\":\"https:\/\/jag.se\/opinion\/#website\",\"url\":\"https:\/\/jag.se\/opinion\/\",\"name\":\"JAG Opinion\",\"description\":\"\",\"potentialAction\":[{\"@type\":\"SearchAction\",\"target\":{\"@type\":\"EntryPoint\",\"urlTemplate\":\"https:\/\/jag.se\/opinion\/?s={search_term_string}\"},\"query-input\":\"required name=search_term_string\"}],\"inLanguage\":\"sv-SE\"}]}<\/script>\n<!-- \/ Yoast SEO plugin. -->","yoast_head_json":{"title":"F\u00f6reningen JAG v\u00e4djar till regeringen - gl\u00f6m inte bort barnen! - JAG Opinion","robots":{"index":"index","follow":"follow","max-snippet":"max-snippet:-1","max-image-preview":"max-image-preview:large","max-video-preview":"max-video-preview:-1"},"canonical":"https:\/\/jag.se\/opinion\/pressreleases\/foreningen-jag-vadjar-till-regeringen-glom-inte-bort-barnen\/","og_locale":"sv_SE","og_type":"article","og_title":"F\u00f6reningen JAG v\u00e4djar till regeringen - gl\u00f6m inte bort barnen! - JAG Opinion","og_description":"Deras familjer g\u00e5r p\u00e5 kn\u00e4na. Kommun efter kommun bygger nya barnhem. M\u00e5nga av de barn som f\u00f6ds med sv\u00e5ra skador idag f\u00e5r inte v\u00e4xa upp i sina familjer. Katastrofen \u00e4r redan ett faktum. Om inget g\u00f6rs snabbt \u00e4r vi snart tillbaka p\u00e5 sextiotalet, n\u00e4r barn \u00f6vergavs, tynade bort och dog p\u00e5 institutionerna. F\u00f6reningen JAG v\u00e4djar","og_url":"https:\/\/jag.se\/opinion\/pressreleases\/foreningen-jag-vadjar-till-regeringen-glom-inte-bort-barnen\/","og_site_name":"JAG Opinion","twitter_card":"summary_large_image","twitter_misc":{"Ber\u00e4knad l\u00e4stid":"1 minut"},"schema":{"@context":"https:\/\/schema.org","@graph":[{"@type":"WebPage","@id":"https:\/\/jag.se\/opinion\/pressreleases\/foreningen-jag-vadjar-till-regeringen-glom-inte-bort-barnen\/","url":"https:\/\/jag.se\/opinion\/pressreleases\/foreningen-jag-vadjar-till-regeringen-glom-inte-bort-barnen\/","name":"F\u00f6reningen JAG v\u00e4djar till regeringen - gl\u00f6m inte bort barnen! - JAG Opinion","isPartOf":{"@id":"https:\/\/jag.se\/opinion\/#website"},"datePublished":"2017-11-07T07:19:14+00:00","dateModified":"2017-11-07T07:19:14+00:00","breadcrumb":{"@id":"https:\/\/jag.se\/opinion\/pressreleases\/foreningen-jag-vadjar-till-regeringen-glom-inte-bort-barnen\/#breadcrumb"},"inLanguage":"sv-SE","potentialAction":[{"@type":"ReadAction","target":["https:\/\/jag.se\/opinion\/pressreleases\/foreningen-jag-vadjar-till-regeringen-glom-inte-bort-barnen\/"]}]},{"@type":"BreadcrumbList","@id":"https:\/\/jag.se\/opinion\/pressreleases\/foreningen-jag-vadjar-till-regeringen-glom-inte-bort-barnen\/#breadcrumb","itemListElement":[{"@type":"ListItem","position":1,"name":"JAG start","item":"https:\/\/jag.se"},{"@type":"ListItem","position":2,"name":"Riksf\u00f6reningen JAG","item":"https:\/\/jag.se\/opinion\/"},{"@type":"ListItem","position":3,"name":"Pressmeddelanden","item":"https:\/\/jag.se\/opinion\/pressreleases\/"},{"@type":"ListItem","position":4,"name":"F\u00f6reningen JAG v\u00e4djar till regeringen &#8211; gl\u00f6m inte bort barnen!"}]},{"@type":"WebSite","@id":"https:\/\/jag.se\/opinion\/#website","url":"https:\/\/jag.se\/opinion\/","name":"JAG Opinion","description":"","potentialAction":[{"@type":"SearchAction","target":{"@type":"EntryPoint","urlTemplate":"https:\/\/jag.se\/opinion\/?s={search_term_string}"},"query-input":"required name=search_term_string"}],"inLanguage":"sv-SE"}]}},"_links":{"self":[{"href":"https:\/\/jag.se\/opinion\/wp-json\/wp\/v2\/pressreleases\/28050","targetHints":{"allow":["GET"]}}],"collection":[{"href":"https:\/\/jag.se\/opinion\/wp-json\/wp\/v2\/pressreleases"}],"about":[{"href":"https:\/\/jag.se\/opinion\/wp-json\/wp\/v2\/types\/pressreleases"}],"wp:attachment":[{"href":"https:\/\/jag.se\/opinion\/wp-json\/wp\/v2\/media?parent=28050"}],"curies":[{"name":"wp","href":"https:\/\/api.w.org\/{rel}","templated":true}]}}