{"id":28051,"date":"2017-09-25T04:10:00","date_gmt":"2017-09-25T02:10:00","guid":{"rendered":"https:\/\/jag.se\/opinion\/pressreleases\/svenska-maja-6-ar-ar-en-av-huvudtalarna-pa-mote-i-bryssel-om-personlig-assistans\/"},"modified":"2017-09-25T04:10:00","modified_gmt":"2017-09-25T02:10:00","slug":"svenska-maja-6-ar-ar-en-av-huvudtalarna-pa-mote-i-bryssel-om-personlig-assistans","status":"publish","type":"pressreleases","link":"https:\/\/jag.se\/opinion\/pressreleases\/svenska-maja-6-ar-ar-en-av-huvudtalarna-pa-mote-i-bryssel-om-personlig-assistans\/","title":{"rendered":"Svenska Maja, 6 \u00e5r, \u00e4r en av huvudtalarna p\u00e5 m\u00f6te i Bryssel om personlig assistans"},"content":{"rendered":"<p>Idag reser Maja Lorentz, 6 \u00e5r, till Bryssel f\u00f6r att medverka p\u00e5 en konferens som arrangeras av ENIL, European Network on Independent Living. Med hj\u00e4lp av sin pappa Magnus Lorentz kommer hon ber\u00e4tta om sitt liv med personlig assistans\u00a0och att alla barn beh\u00f6ver f\u00e5 m\u00f6jlighet att\u00a0v\u00e4xa\u00a0upp i sin familj.\u00a0<\/p>\n<p>Konferensen \u00e4r en del av Freedom Drive som anordnats vartannat \u00e5r sedan 2003 f\u00f6r att k\u00e4mpa f\u00f6r personlig assistans och avskaffa institutionerna. Personer med funktionsneds\u00e4ttningar fr\u00e5n hela Europa deltar.<\/p>\n<p>Maja och Magnus kommer \u00e4ven\u00a0tr\u00e4ffa de svenska EU-parlamentarikerna och delta i en marsch genom Bryssel.<\/p>\n<p>Maja \u00e4r medlem i F\u00f6reningen JAG som \u00e4r Sveriges intresseorganisation f\u00f6r assistansanv\u00e4ndare med intellektuella funktionsneds\u00e4ttningar.\u00a0F\u00f6rutom Maja deltar ytterligare ett tiotal medlemmar i F\u00f6reningen JAG p\u00e5 Freedom Drive samt\u00a0representanter f\u00f6r STIL, GIL och ENIL.\u00a0<\/p>\n<p>EU-parlamentarikern\u00a0Anna Hedh (S) \u00e4r v\u00e4rd f\u00f6r m\u00f6tet i parlamentet.<\/p>\n<p>Kontaktuppgifter:\u00a0<\/p>\n<p>Maja och Magnus Lorentz, tel\u00a0073-314 24 14 eller e-post\u00a0magnus@lorentz.net\u00a0( magnus@lorentz.net)<\/p>\n<p>Anna Hedh:\u00a0+32(0)2 28 4552 eller e-post\u00a0anna.hedh@europarl.europa.eu\u00a0(anna.hedh@europarl.europa.eu)<\/p>\n<p>Johanna Gustavsson, F\u00f6reningen JAG, tel 076-545 30 53 eller e-post johanna.gustavsson@jag.se\u00a0<\/p>\n","protected":false},"featured_media":28052,"template":"","class_list":["post-28051","pressreleases","type-pressreleases","status-publish","has-post-thumbnail","hentry"],"acf":[],"yoast_head":"<!-- This site is optimized with the Yoast SEO plugin v21.3 - https:\/\/yoast.com\/wordpress\/plugins\/seo\/ -->\n<title>Svenska Maja, 6 \u00e5r, \u00e4r en av huvudtalarna p\u00e5 m\u00f6te i Bryssel om personlig assistans - JAG Opinion<\/title>\n<meta name=\"robots\" content=\"index, follow, max-snippet:-1, max-image-preview:large, max-video-preview:-1\" \/>\n<link rel=\"canonical\" href=\"https:\/\/jag.se\/opinion\/pressreleases\/svenska-maja-6-ar-ar-en-av-huvudtalarna-pa-mote-i-bryssel-om-personlig-assistans\/\" \/>\n<meta property=\"og:locale\" content=\"sv_SE\" \/>\n<meta property=\"og:type\" content=\"article\" \/>\n<meta property=\"og:title\" content=\"Svenska Maja, 6 \u00e5r, \u00e4r en av huvudtalarna p\u00e5 m\u00f6te i Bryssel om personlig assistans - JAG Opinion\" \/>\n<meta property=\"og:description\" content=\"Idag reser Maja Lorentz, 6 \u00e5r, till Bryssel f\u00f6r att medverka p\u00e5 en konferens som arrangeras av ENIL, European Network on Independent Living. Med hj\u00e4lp av sin pappa Magnus Lorentz kommer hon ber\u00e4tta om sitt liv med personlig assistans\u00a0och att alla barn beh\u00f6ver f\u00e5 m\u00f6jlighet att\u00a0v\u00e4xa\u00a0upp i sin familj.\u00a0 Konferensen \u00e4r en del av Freedom\" \/>\n<meta property=\"og:url\" content=\"https:\/\/jag.se\/opinion\/pressreleases\/svenska-maja-6-ar-ar-en-av-huvudtalarna-pa-mote-i-bryssel-om-personlig-assistans\/\" \/>\n<meta property=\"og:site_name\" content=\"JAG Opinion\" \/>\n<meta property=\"og:image\" content=\"https:\/\/jag.se\/opinion\/wp-content\/uploads\/sites\/3\/2017\/09\/a071181153a6d174_org-11-scaled.jpg\" \/>\n\t<meta property=\"og:image:width\" content=\"2560\" \/>\n\t<meta property=\"og:image:height\" content=\"1953\" \/>\n\t<meta property=\"og:image:type\" content=\"image\/jpeg\" \/>\n<meta name=\"twitter:card\" content=\"summary_large_image\" \/>\n<meta name=\"twitter:label1\" content=\"Ber\u00e4knad l\u00e4stid\" \/>\n\t<meta name=\"twitter:data1\" content=\"1 minut\" \/>\n<script type=\"application\/ld+json\" class=\"yoast-schema-graph\">{\"@context\":\"https:\/\/schema.org\",\"@graph\":[{\"@type\":\"WebPage\",\"@id\":\"https:\/\/jag.se\/opinion\/pressreleases\/svenska-maja-6-ar-ar-en-av-huvudtalarna-pa-mote-i-bryssel-om-personlig-assistans\/\",\"url\":\"https:\/\/jag.se\/opinion\/pressreleases\/svenska-maja-6-ar-ar-en-av-huvudtalarna-pa-mote-i-bryssel-om-personlig-assistans\/\",\"name\":\"Svenska Maja, 6 \u00e5r, \u00e4r en av huvudtalarna p\u00e5 m\u00f6te i Bryssel om personlig assistans - JAG Opinion\",\"isPartOf\":{\"@id\":\"https:\/\/jag.se\/opinion\/#website\"},\"datePublished\":\"2017-09-25T02:10:00+00:00\",\"dateModified\":\"2017-09-25T02:10:00+00:00\",\"breadcrumb\":{\"@id\":\"https:\/\/jag.se\/opinion\/pressreleases\/svenska-maja-6-ar-ar-en-av-huvudtalarna-pa-mote-i-bryssel-om-personlig-assistans\/#breadcrumb\"},\"inLanguage\":\"sv-SE\",\"potentialAction\":[{\"@type\":\"ReadAction\",\"target\":[\"https:\/\/jag.se\/opinion\/pressreleases\/svenska-maja-6-ar-ar-en-av-huvudtalarna-pa-mote-i-bryssel-om-personlig-assistans\/\"]}]},{\"@type\":\"BreadcrumbList\",\"@id\":\"https:\/\/jag.se\/opinion\/pressreleases\/svenska-maja-6-ar-ar-en-av-huvudtalarna-pa-mote-i-bryssel-om-personlig-assistans\/#breadcrumb\",\"itemListElement\":[{\"@type\":\"ListItem\",\"position\":1,\"name\":\"JAG start\",\"item\":\"https:\/\/jag.se\"},{\"@type\":\"ListItem\",\"position\":2,\"name\":\"Riksf\u00f6reningen JAG\",\"item\":\"https:\/\/jag.se\/opinion\/\"},{\"@type\":\"ListItem\",\"position\":3,\"name\":\"Pressmeddelanden\",\"item\":\"https:\/\/jag.se\/opinion\/pressreleases\/\"},{\"@type\":\"ListItem\",\"position\":4,\"name\":\"Svenska Maja, 6 \u00e5r, \u00e4r en av huvudtalarna p\u00e5 m\u00f6te i Bryssel om personlig assistans\"}]},{\"@type\":\"WebSite\",\"@id\":\"https:\/\/jag.se\/opinion\/#website\",\"url\":\"https:\/\/jag.se\/opinion\/\",\"name\":\"JAG Opinion\",\"description\":\"\",\"potentialAction\":[{\"@type\":\"SearchAction\",\"target\":{\"@type\":\"EntryPoint\",\"urlTemplate\":\"https:\/\/jag.se\/opinion\/?s={search_term_string}\"},\"query-input\":\"required name=search_term_string\"}],\"inLanguage\":\"sv-SE\"}]}<\/script>\n<!-- \/ Yoast SEO plugin. -->","yoast_head_json":{"title":"Svenska Maja, 6 \u00e5r, \u00e4r en av huvudtalarna p\u00e5 m\u00f6te i Bryssel om personlig assistans - JAG Opinion","robots":{"index":"index","follow":"follow","max-snippet":"max-snippet:-1","max-image-preview":"max-image-preview:large","max-video-preview":"max-video-preview:-1"},"canonical":"https:\/\/jag.se\/opinion\/pressreleases\/svenska-maja-6-ar-ar-en-av-huvudtalarna-pa-mote-i-bryssel-om-personlig-assistans\/","og_locale":"sv_SE","og_type":"article","og_title":"Svenska Maja, 6 \u00e5r, \u00e4r en av huvudtalarna p\u00e5 m\u00f6te i Bryssel om personlig assistans - JAG Opinion","og_description":"Idag reser Maja Lorentz, 6 \u00e5r, till Bryssel f\u00f6r att medverka p\u00e5 en konferens som arrangeras av ENIL, European Network on Independent Living. Med hj\u00e4lp av sin pappa Magnus Lorentz kommer hon ber\u00e4tta om sitt liv med personlig assistans\u00a0och att alla barn beh\u00f6ver f\u00e5 m\u00f6jlighet att\u00a0v\u00e4xa\u00a0upp i sin familj.\u00a0 Konferensen \u00e4r en del av Freedom","og_url":"https:\/\/jag.se\/opinion\/pressreleases\/svenska-maja-6-ar-ar-en-av-huvudtalarna-pa-mote-i-bryssel-om-personlig-assistans\/","og_site_name":"JAG Opinion","og_image":[{"width":2560,"height":1953,"url":"https:\/\/jag.se\/opinion\/wp-content\/uploads\/sites\/3\/2017\/09\/a071181153a6d174_org-11-scaled.jpg","type":"image\/jpeg"}],"twitter_card":"summary_large_image","twitter_misc":{"Ber\u00e4knad l\u00e4stid":"1 minut"},"schema":{"@context":"https:\/\/schema.org","@graph":[{"@type":"WebPage","@id":"https:\/\/jag.se\/opinion\/pressreleases\/svenska-maja-6-ar-ar-en-av-huvudtalarna-pa-mote-i-bryssel-om-personlig-assistans\/","url":"https:\/\/jag.se\/opinion\/pressreleases\/svenska-maja-6-ar-ar-en-av-huvudtalarna-pa-mote-i-bryssel-om-personlig-assistans\/","name":"Svenska Maja, 6 \u00e5r, \u00e4r en av huvudtalarna p\u00e5 m\u00f6te i Bryssel om personlig assistans - JAG Opinion","isPartOf":{"@id":"https:\/\/jag.se\/opinion\/#website"},"datePublished":"2017-09-25T02:10:00+00:00","dateModified":"2017-09-25T02:10:00+00:00","breadcrumb":{"@id":"https:\/\/jag.se\/opinion\/pressreleases\/svenska-maja-6-ar-ar-en-av-huvudtalarna-pa-mote-i-bryssel-om-personlig-assistans\/#breadcrumb"},"inLanguage":"sv-SE","potentialAction":[{"@type":"ReadAction","target":["https:\/\/jag.se\/opinion\/pressreleases\/svenska-maja-6-ar-ar-en-av-huvudtalarna-pa-mote-i-bryssel-om-personlig-assistans\/"]}]},{"@type":"BreadcrumbList","@id":"https:\/\/jag.se\/opinion\/pressreleases\/svenska-maja-6-ar-ar-en-av-huvudtalarna-pa-mote-i-bryssel-om-personlig-assistans\/#breadcrumb","itemListElement":[{"@type":"ListItem","position":1,"name":"JAG start","item":"https:\/\/jag.se"},{"@type":"ListItem","position":2,"name":"Riksf\u00f6reningen JAG","item":"https:\/\/jag.se\/opinion\/"},{"@type":"ListItem","position":3,"name":"Pressmeddelanden","item":"https:\/\/jag.se\/opinion\/pressreleases\/"},{"@type":"ListItem","position":4,"name":"Svenska Maja, 6 \u00e5r, \u00e4r en av huvudtalarna p\u00e5 m\u00f6te i Bryssel om personlig assistans"}]},{"@type":"WebSite","@id":"https:\/\/jag.se\/opinion\/#website","url":"https:\/\/jag.se\/opinion\/","name":"JAG Opinion","description":"","potentialAction":[{"@type":"SearchAction","target":{"@type":"EntryPoint","urlTemplate":"https:\/\/jag.se\/opinion\/?s={search_term_string}"},"query-input":"required name=search_term_string"}],"inLanguage":"sv-SE"}]}},"_links":{"self":[{"href":"https:\/\/jag.se\/opinion\/wp-json\/wp\/v2\/pressreleases\/28051","targetHints":{"allow":["GET"]}}],"collection":[{"href":"https:\/\/jag.se\/opinion\/wp-json\/wp\/v2\/pressreleases"}],"about":[{"href":"https:\/\/jag.se\/opinion\/wp-json\/wp\/v2\/types\/pressreleases"}],"wp:featuredmedia":[{"embeddable":true,"href":"https:\/\/jag.se\/opinion\/wp-json\/wp\/v2\/media\/28052"}],"wp:attachment":[{"href":"https:\/\/jag.se\/opinion\/wp-json\/wp\/v2\/media?parent=28051"}],"curies":[{"name":"wp","href":"https:\/\/api.w.org\/{rel}","templated":true}]}}