{"id":28053,"date":"2017-07-05T06:00:00","date_gmt":"2017-07-05T04:00:00","guid":{"rendered":"https:\/\/jag.se\/opinion\/pressreleases\/pressinbjudan-foreningen-jag-river-sitt-talt-och-satter-upp-en-utstallning-om-utrotning-av-personer-med-funktionsnedsattning-i-nazityskland\/"},"modified":"2017-07-05T06:00:00","modified_gmt":"2017-07-05T04:00:00","slug":"pressinbjudan-foreningen-jag-river-sitt-talt-och-satter-upp-en-utstallning-om-utrotning-av-personer-med-funktionsnedsattning-i-nazityskland","status":"publish","type":"pressreleases","link":"https:\/\/jag.se\/opinion\/pressreleases\/pressinbjudan-foreningen-jag-river-sitt-talt-och-satter-upp-en-utstallning-om-utrotning-av-personer-med-funktionsnedsattning-i-nazityskland\/","title":{"rendered":"Pressinbjudan: F\u00f6reningen JAG river sitt t\u00e4lt och s\u00e4tter upp en utst\u00e4llning om utrotning av personer med funktionsneds\u00e4ttning i Nazityskland"},"content":{"rendered":"<p>Inbjudan till presskonferens<\/p>\n<p>JAG-t\u00e4ltet p\u00e5 Hamnplan, plats 226,\u00a0torsdag 6\/7 kl 18<\/p>\n<p>Torsdag 6\/7 avslutar F\u00f6reningen JAG sin medverkan i Almedalsveckan i Visby, eftersom vi i \u00e5r blivit placerade mitt emot en nazistisk organisation. Klockan 18 plockar vi ner v\u00e5rt f\u00f6reningsmaterial i t\u00e4ltet p\u00e5 Hamnplan och s\u00e4tter i samarbete med Funktionsr\u00e4tt Sverige upp en utst\u00e4llning om T4 &#8211;\u00a0Nazitysklands program f\u00f6r utrotning av personer med funktionsneds\u00e4ttningar. Bakgrunden \u00e4r den debatt som uppst\u00e5tt om antidemokratiska organisationer i Almedalen och d\u00e4rmed vilken m\u00e4nniskosyn som accepteras som en del i det offentliga samtalet.<\/p>\n<p>F\u00f6reningen JAG har medverkat i Almedalen f\u00f6r att ber\u00e4tta att n\u00e4r som helst kan vem som helst bli en av oss. M\u00e5ngas inst\u00e4llning \u00e4r att r\u00e4ttigheter f\u00f6r personer med funktionsneds\u00e4ttningar inte ang\u00e5r dem. Men deras k\u00e4nsla av trygghet \u00e4r falsk. LSS och personlig assistans ang\u00e5r alla.<\/p>\n<p>Vid presstr\u00e4ffen i samband med nedpackningen av f\u00f6reningsmaterialet och upps\u00e4ttningen av utst\u00e4llningen medverkar Cecilia Blanck, verksamhetsansvarig F\u00f6reningen JAG, Lars Ohly, ordf\u00f6rande Funktionsr\u00e4tt Sverige och Karin Tengby, Stiftelsen Natur &amp; Kultur.<\/p>\n<p>Stiftelsen Natur &amp;Kultur har bekostat utst\u00e4llningen om T4 som \u00e4r framtagen av Forum f\u00f6r levande historia.<\/p>\n","protected":false},"featured_media":28054,"template":"","class_list":["post-28053","pressreleases","type-pressreleases","status-publish","has-post-thumbnail","hentry"],"acf":[],"yoast_head":"<!-- This site is optimized with the Yoast SEO plugin v21.3 - https:\/\/yoast.com\/wordpress\/plugins\/seo\/ -->\n<title>Pressinbjudan: F\u00f6reningen JAG river sitt t\u00e4lt och s\u00e4tter upp en utst\u00e4llning om utrotning av personer med funktionsneds\u00e4ttning i Nazityskland - JAG Opinion<\/title>\n<meta name=\"robots\" content=\"index, follow, max-snippet:-1, max-image-preview:large, max-video-preview:-1\" \/>\n<link rel=\"canonical\" href=\"https:\/\/jag.se\/opinion\/pressreleases\/pressinbjudan-foreningen-jag-river-sitt-talt-och-satter-upp-en-utstallning-om-utrotning-av-personer-med-funktionsnedsattning-i-nazityskland\/\" \/>\n<meta property=\"og:locale\" content=\"sv_SE\" \/>\n<meta property=\"og:type\" content=\"article\" \/>\n<meta property=\"og:title\" content=\"Pressinbjudan: F\u00f6reningen JAG river sitt t\u00e4lt och s\u00e4tter upp en utst\u00e4llning om utrotning av personer med funktionsneds\u00e4ttning i Nazityskland - JAG Opinion\" \/>\n<meta property=\"og:description\" content=\"Inbjudan till presskonferens JAG-t\u00e4ltet p\u00e5 Hamnplan, plats 226,\u00a0torsdag 6\/7 kl 18 Torsdag 6\/7 avslutar F\u00f6reningen JAG sin medverkan i Almedalsveckan i Visby, eftersom vi i \u00e5r blivit placerade mitt emot en nazistisk organisation. Klockan 18 plockar vi ner v\u00e5rt f\u00f6reningsmaterial i t\u00e4ltet p\u00e5 Hamnplan och s\u00e4tter i samarbete med Funktionsr\u00e4tt Sverige upp en utst\u00e4llning om\" \/>\n<meta property=\"og:url\" content=\"https:\/\/jag.se\/opinion\/pressreleases\/pressinbjudan-foreningen-jag-river-sitt-talt-och-satter-upp-en-utstallning-om-utrotning-av-personer-med-funktionsnedsattning-i-nazityskland\/\" \/>\n<meta property=\"og:site_name\" content=\"JAG Opinion\" \/>\n<meta property=\"og:image\" content=\"https:\/\/jag.se\/opinion\/wp-content\/uploads\/sites\/3\/2017\/07\/8c919918452b4929_org-11.jpg\" \/>\n\t<meta property=\"og:image:width\" content=\"1098\" \/>\n\t<meta property=\"og:image:height\" content=\"446\" \/>\n\t<meta property=\"og:image:type\" content=\"image\/jpeg\" \/>\n<meta name=\"twitter:card\" content=\"summary_large_image\" \/>\n<meta name=\"twitter:label1\" content=\"Ber\u00e4knad l\u00e4stid\" \/>\n\t<meta name=\"twitter:data1\" content=\"1 minut\" \/>\n<script type=\"application\/ld+json\" class=\"yoast-schema-graph\">{\"@context\":\"https:\/\/schema.org\",\"@graph\":[{\"@type\":\"WebPage\",\"@id\":\"https:\/\/jag.se\/opinion\/pressreleases\/pressinbjudan-foreningen-jag-river-sitt-talt-och-satter-upp-en-utstallning-om-utrotning-av-personer-med-funktionsnedsattning-i-nazityskland\/\",\"url\":\"https:\/\/jag.se\/opinion\/pressreleases\/pressinbjudan-foreningen-jag-river-sitt-talt-och-satter-upp-en-utstallning-om-utrotning-av-personer-med-funktionsnedsattning-i-nazityskland\/\",\"name\":\"Pressinbjudan: F\u00f6reningen JAG river sitt t\u00e4lt och s\u00e4tter upp en utst\u00e4llning om utrotning av personer med funktionsneds\u00e4ttning i Nazityskland - JAG Opinion\",\"isPartOf\":{\"@id\":\"https:\/\/jag.se\/opinion\/#website\"},\"datePublished\":\"2017-07-05T04:00:00+00:00\",\"dateModified\":\"2017-07-05T04:00:00+00:00\",\"breadcrumb\":{\"@id\":\"https:\/\/jag.se\/opinion\/pressreleases\/pressinbjudan-foreningen-jag-river-sitt-talt-och-satter-upp-en-utstallning-om-utrotning-av-personer-med-funktionsnedsattning-i-nazityskland\/#breadcrumb\"},\"inLanguage\":\"sv-SE\",\"potentialAction\":[{\"@type\":\"ReadAction\",\"target\":[\"https:\/\/jag.se\/opinion\/pressreleases\/pressinbjudan-foreningen-jag-river-sitt-talt-och-satter-upp-en-utstallning-om-utrotning-av-personer-med-funktionsnedsattning-i-nazityskland\/\"]}]},{\"@type\":\"BreadcrumbList\",\"@id\":\"https:\/\/jag.se\/opinion\/pressreleases\/pressinbjudan-foreningen-jag-river-sitt-talt-och-satter-upp-en-utstallning-om-utrotning-av-personer-med-funktionsnedsattning-i-nazityskland\/#breadcrumb\",\"itemListElement\":[{\"@type\":\"ListItem\",\"position\":1,\"name\":\"JAG start\",\"item\":\"https:\/\/jag.se\"},{\"@type\":\"ListItem\",\"position\":2,\"name\":\"Riksf\u00f6reningen JAG\",\"item\":\"https:\/\/jag.se\/opinion\/\"},{\"@type\":\"ListItem\",\"position\":3,\"name\":\"Pressmeddelanden\",\"item\":\"https:\/\/jag.se\/opinion\/pressreleases\/\"},{\"@type\":\"ListItem\",\"position\":4,\"name\":\"Pressinbjudan: F\u00f6reningen JAG river sitt t\u00e4lt och s\u00e4tter upp en utst\u00e4llning om utrotning av personer med funktionsneds\u00e4ttning i Nazityskland\"}]},{\"@type\":\"WebSite\",\"@id\":\"https:\/\/jag.se\/opinion\/#website\",\"url\":\"https:\/\/jag.se\/opinion\/\",\"name\":\"JAG Opinion\",\"description\":\"\",\"potentialAction\":[{\"@type\":\"SearchAction\",\"target\":{\"@type\":\"EntryPoint\",\"urlTemplate\":\"https:\/\/jag.se\/opinion\/?s={search_term_string}\"},\"query-input\":\"required name=search_term_string\"}],\"inLanguage\":\"sv-SE\"}]}<\/script>\n<!-- \/ Yoast SEO plugin. -->","yoast_head_json":{"title":"Pressinbjudan: F\u00f6reningen JAG river sitt t\u00e4lt och s\u00e4tter upp en utst\u00e4llning om utrotning av personer med funktionsneds\u00e4ttning i Nazityskland - JAG Opinion","robots":{"index":"index","follow":"follow","max-snippet":"max-snippet:-1","max-image-preview":"max-image-preview:large","max-video-preview":"max-video-preview:-1"},"canonical":"https:\/\/jag.se\/opinion\/pressreleases\/pressinbjudan-foreningen-jag-river-sitt-talt-och-satter-upp-en-utstallning-om-utrotning-av-personer-med-funktionsnedsattning-i-nazityskland\/","og_locale":"sv_SE","og_type":"article","og_title":"Pressinbjudan: F\u00f6reningen JAG river sitt t\u00e4lt och s\u00e4tter upp en utst\u00e4llning om utrotning av personer med funktionsneds\u00e4ttning i Nazityskland - JAG Opinion","og_description":"Inbjudan till presskonferens JAG-t\u00e4ltet p\u00e5 Hamnplan, plats 226,\u00a0torsdag 6\/7 kl 18 Torsdag 6\/7 avslutar F\u00f6reningen JAG sin medverkan i Almedalsveckan i Visby, eftersom vi i \u00e5r blivit placerade mitt emot en nazistisk organisation. Klockan 18 plockar vi ner v\u00e5rt f\u00f6reningsmaterial i t\u00e4ltet p\u00e5 Hamnplan och s\u00e4tter i samarbete med Funktionsr\u00e4tt Sverige upp en utst\u00e4llning om","og_url":"https:\/\/jag.se\/opinion\/pressreleases\/pressinbjudan-foreningen-jag-river-sitt-talt-och-satter-upp-en-utstallning-om-utrotning-av-personer-med-funktionsnedsattning-i-nazityskland\/","og_site_name":"JAG Opinion","og_image":[{"width":1098,"height":446,"url":"https:\/\/jag.se\/opinion\/wp-content\/uploads\/sites\/3\/2017\/07\/8c919918452b4929_org-11.jpg","type":"image\/jpeg"}],"twitter_card":"summary_large_image","twitter_misc":{"Ber\u00e4knad l\u00e4stid":"1 minut"},"schema":{"@context":"https:\/\/schema.org","@graph":[{"@type":"WebPage","@id":"https:\/\/jag.se\/opinion\/pressreleases\/pressinbjudan-foreningen-jag-river-sitt-talt-och-satter-upp-en-utstallning-om-utrotning-av-personer-med-funktionsnedsattning-i-nazityskland\/","url":"https:\/\/jag.se\/opinion\/pressreleases\/pressinbjudan-foreningen-jag-river-sitt-talt-och-satter-upp-en-utstallning-om-utrotning-av-personer-med-funktionsnedsattning-i-nazityskland\/","name":"Pressinbjudan: F\u00f6reningen JAG river sitt t\u00e4lt och s\u00e4tter upp en utst\u00e4llning om utrotning av personer med funktionsneds\u00e4ttning i Nazityskland - JAG Opinion","isPartOf":{"@id":"https:\/\/jag.se\/opinion\/#website"},"datePublished":"2017-07-05T04:00:00+00:00","dateModified":"2017-07-05T04:00:00+00:00","breadcrumb":{"@id":"https:\/\/jag.se\/opinion\/pressreleases\/pressinbjudan-foreningen-jag-river-sitt-talt-och-satter-upp-en-utstallning-om-utrotning-av-personer-med-funktionsnedsattning-i-nazityskland\/#breadcrumb"},"inLanguage":"sv-SE","potentialAction":[{"@type":"ReadAction","target":["https:\/\/jag.se\/opinion\/pressreleases\/pressinbjudan-foreningen-jag-river-sitt-talt-och-satter-upp-en-utstallning-om-utrotning-av-personer-med-funktionsnedsattning-i-nazityskland\/"]}]},{"@type":"BreadcrumbList","@id":"https:\/\/jag.se\/opinion\/pressreleases\/pressinbjudan-foreningen-jag-river-sitt-talt-och-satter-upp-en-utstallning-om-utrotning-av-personer-med-funktionsnedsattning-i-nazityskland\/#breadcrumb","itemListElement":[{"@type":"ListItem","position":1,"name":"JAG start","item":"https:\/\/jag.se"},{"@type":"ListItem","position":2,"name":"Riksf\u00f6reningen JAG","item":"https:\/\/jag.se\/opinion\/"},{"@type":"ListItem","position":3,"name":"Pressmeddelanden","item":"https:\/\/jag.se\/opinion\/pressreleases\/"},{"@type":"ListItem","position":4,"name":"Pressinbjudan: F\u00f6reningen JAG river sitt t\u00e4lt och s\u00e4tter upp en utst\u00e4llning om utrotning av personer med funktionsneds\u00e4ttning i Nazityskland"}]},{"@type":"WebSite","@id":"https:\/\/jag.se\/opinion\/#website","url":"https:\/\/jag.se\/opinion\/","name":"JAG Opinion","description":"","potentialAction":[{"@type":"SearchAction","target":{"@type":"EntryPoint","urlTemplate":"https:\/\/jag.se\/opinion\/?s={search_term_string}"},"query-input":"required name=search_term_string"}],"inLanguage":"sv-SE"}]}},"_links":{"self":[{"href":"https:\/\/jag.se\/opinion\/wp-json\/wp\/v2\/pressreleases\/28053","targetHints":{"allow":["GET"]}}],"collection":[{"href":"https:\/\/jag.se\/opinion\/wp-json\/wp\/v2\/pressreleases"}],"about":[{"href":"https:\/\/jag.se\/opinion\/wp-json\/wp\/v2\/types\/pressreleases"}],"wp:featuredmedia":[{"embeddable":true,"href":"https:\/\/jag.se\/opinion\/wp-json\/wp\/v2\/media\/28054"}],"wp:attachment":[{"href":"https:\/\/jag.se\/opinion\/wp-json\/wp\/v2\/media?parent=28053"}],"curies":[{"name":"wp","href":"https:\/\/api.w.org\/{rel}","templated":true}]}}