{"id":28063,"date":"2016-10-12T07:50:27","date_gmt":"2016-10-12T05:50:27","guid":{"rendered":"https:\/\/jag.se\/opinion\/pressreleases\/jag-oppnar-nytt-i-sundsvall\/"},"modified":"2016-10-12T07:50:27","modified_gmt":"2016-10-12T05:50:27","slug":"jag-oppnar-nytt-i-sundsvall","status":"publish","type":"pressreleases","link":"https:\/\/jag.se\/opinion\/pressreleases\/jag-oppnar-nytt-i-sundsvall\/","title":{"rendered":"JAG \u00f6ppnar nytt i Sundsvall"},"content":{"rendered":"<p>I h\u00f6st \u00f6ppnar JAG ny tr\u00e4ffpunkt och startar nytt projekt i Sundsvall med praktik f\u00f6r personer med stora funktionsneds\u00e4ttningar p\u00e5 vanliga arbetsplatser.<\/p>\n<p>F\u00f6reningen JAG bjuder in till\u00a0officiell invigning och \u00f6ppet hus\u00a0l\u00f6rdag 15 oktober kl 14\u201317 i JAGs nya\u00a0lokal i Friskhuset p\u00e5 Norra J\u00e4rnv\u00e4gsgatan 24. Anette \u00c4rlerud, projektledare f\u00f6r Vi vill bidra, ber\u00e4ttar om projektets positiva effekter i Sundvall och\u00a0JAGs verksamhetschef Cecilia Blanck informerar\u00a0om aktuella assistansfr\u00e5gor.<\/p>\n<p>Vi vill bidra-projektet ska genom praktisk verksamhet p\u00e5 olika platser i landet visa hur mycket personer med stora funktionsneds\u00e4ttningar har att ge, b\u00e5de som individer och i kraft av sin erfarenhet av att leva med stora funktionsneds\u00e4ttningar. M\u00e5let \u00e4r att hitta meningsfulla arbetsuppgifter i gemenskap med andra vuxna p\u00e5 &#8221;vanliga&#8221; arbetsplatser.<\/p>\n<p>Vi vill bidra\u00a0drivs av F\u00f6reningen JAG med st\u00f6d av Allm\u00e4nna arvsfonden.<\/p>\n","protected":false},"featured_media":28064,"template":"","class_list":["post-28063","pressreleases","type-pressreleases","status-publish","has-post-thumbnail","hentry"],"acf":[],"yoast_head":"<!-- This site is optimized with the Yoast SEO plugin v21.3 - https:\/\/yoast.com\/wordpress\/plugins\/seo\/ -->\n<title>JAG \u00f6ppnar nytt i Sundsvall - JAG Opinion<\/title>\n<meta name=\"robots\" content=\"index, follow, max-snippet:-1, max-image-preview:large, max-video-preview:-1\" \/>\n<link rel=\"canonical\" href=\"https:\/\/jag.se\/opinion\/pressreleases\/jag-oppnar-nytt-i-sundsvall\/\" \/>\n<meta property=\"og:locale\" content=\"sv_SE\" \/>\n<meta property=\"og:type\" content=\"article\" \/>\n<meta property=\"og:title\" content=\"JAG \u00f6ppnar nytt i Sundsvall - JAG Opinion\" \/>\n<meta property=\"og:description\" content=\"I h\u00f6st \u00f6ppnar JAG ny tr\u00e4ffpunkt och startar nytt projekt i Sundsvall med praktik f\u00f6r personer med stora funktionsneds\u00e4ttningar p\u00e5 vanliga arbetsplatser. F\u00f6reningen JAG bjuder in till\u00a0officiell invigning och \u00f6ppet hus\u00a0l\u00f6rdag 15 oktober kl 14\u201317 i JAGs nya\u00a0lokal i Friskhuset p\u00e5 Norra J\u00e4rnv\u00e4gsgatan 24. Anette \u00c4rlerud, projektledare f\u00f6r Vi vill bidra, ber\u00e4ttar om projektets positiva\" \/>\n<meta property=\"og:url\" content=\"https:\/\/jag.se\/opinion\/pressreleases\/jag-oppnar-nytt-i-sundsvall\/\" \/>\n<meta property=\"og:site_name\" content=\"JAG Opinion\" \/>\n<meta property=\"og:image\" content=\"https:\/\/jag.se\/opinion\/wp-content\/uploads\/sites\/3\/2016\/10\/95c80dc18ef21f69_org-11.jpg\" \/>\n\t<meta property=\"og:image:width\" content=\"613\" \/>\n\t<meta property=\"og:image:height\" content=\"409\" \/>\n\t<meta property=\"og:image:type\" content=\"image\/jpeg\" \/>\n<meta name=\"twitter:card\" content=\"summary_large_image\" \/>\n<meta name=\"twitter:label1\" content=\"Ber\u00e4knad l\u00e4stid\" \/>\n\t<meta name=\"twitter:data1\" content=\"1 minut\" \/>\n<script type=\"application\/ld+json\" class=\"yoast-schema-graph\">{\"@context\":\"https:\/\/schema.org\",\"@graph\":[{\"@type\":\"WebPage\",\"@id\":\"https:\/\/jag.se\/opinion\/pressreleases\/jag-oppnar-nytt-i-sundsvall\/\",\"url\":\"https:\/\/jag.se\/opinion\/pressreleases\/jag-oppnar-nytt-i-sundsvall\/\",\"name\":\"JAG \u00f6ppnar nytt i Sundsvall - JAG Opinion\",\"isPartOf\":{\"@id\":\"https:\/\/jag.se\/opinion\/#website\"},\"datePublished\":\"2016-10-12T05:50:27+00:00\",\"dateModified\":\"2016-10-12T05:50:27+00:00\",\"breadcrumb\":{\"@id\":\"https:\/\/jag.se\/opinion\/pressreleases\/jag-oppnar-nytt-i-sundsvall\/#breadcrumb\"},\"inLanguage\":\"sv-SE\",\"potentialAction\":[{\"@type\":\"ReadAction\",\"target\":[\"https:\/\/jag.se\/opinion\/pressreleases\/jag-oppnar-nytt-i-sundsvall\/\"]}]},{\"@type\":\"BreadcrumbList\",\"@id\":\"https:\/\/jag.se\/opinion\/pressreleases\/jag-oppnar-nytt-i-sundsvall\/#breadcrumb\",\"itemListElement\":[{\"@type\":\"ListItem\",\"position\":1,\"name\":\"JAG start\",\"item\":\"https:\/\/jag.se\"},{\"@type\":\"ListItem\",\"position\":2,\"name\":\"Riksf\u00f6reningen JAG\",\"item\":\"https:\/\/jag.se\/opinion\/\"},{\"@type\":\"ListItem\",\"position\":3,\"name\":\"Pressmeddelanden\",\"item\":\"https:\/\/jag.se\/opinion\/pressreleases\/\"},{\"@type\":\"ListItem\",\"position\":4,\"name\":\"JAG \u00f6ppnar nytt i Sundsvall\"}]},{\"@type\":\"WebSite\",\"@id\":\"https:\/\/jag.se\/opinion\/#website\",\"url\":\"https:\/\/jag.se\/opinion\/\",\"name\":\"JAG Opinion\",\"description\":\"\",\"potentialAction\":[{\"@type\":\"SearchAction\",\"target\":{\"@type\":\"EntryPoint\",\"urlTemplate\":\"https:\/\/jag.se\/opinion\/?s={search_term_string}\"},\"query-input\":\"required name=search_term_string\"}],\"inLanguage\":\"sv-SE\"}]}<\/script>\n<!-- \/ Yoast SEO plugin. -->","yoast_head_json":{"title":"JAG \u00f6ppnar nytt i Sundsvall - JAG Opinion","robots":{"index":"index","follow":"follow","max-snippet":"max-snippet:-1","max-image-preview":"max-image-preview:large","max-video-preview":"max-video-preview:-1"},"canonical":"https:\/\/jag.se\/opinion\/pressreleases\/jag-oppnar-nytt-i-sundsvall\/","og_locale":"sv_SE","og_type":"article","og_title":"JAG \u00f6ppnar nytt i Sundsvall - JAG Opinion","og_description":"I h\u00f6st \u00f6ppnar JAG ny tr\u00e4ffpunkt och startar nytt projekt i Sundsvall med praktik f\u00f6r personer med stora funktionsneds\u00e4ttningar p\u00e5 vanliga arbetsplatser. F\u00f6reningen JAG bjuder in till\u00a0officiell invigning och \u00f6ppet hus\u00a0l\u00f6rdag 15 oktober kl 14\u201317 i JAGs nya\u00a0lokal i Friskhuset p\u00e5 Norra J\u00e4rnv\u00e4gsgatan 24. Anette \u00c4rlerud, projektledare f\u00f6r Vi vill bidra, ber\u00e4ttar om projektets positiva","og_url":"https:\/\/jag.se\/opinion\/pressreleases\/jag-oppnar-nytt-i-sundsvall\/","og_site_name":"JAG Opinion","og_image":[{"width":613,"height":409,"url":"https:\/\/jag.se\/opinion\/wp-content\/uploads\/sites\/3\/2016\/10\/95c80dc18ef21f69_org-11.jpg","type":"image\/jpeg"}],"twitter_card":"summary_large_image","twitter_misc":{"Ber\u00e4knad l\u00e4stid":"1 minut"},"schema":{"@context":"https:\/\/schema.org","@graph":[{"@type":"WebPage","@id":"https:\/\/jag.se\/opinion\/pressreleases\/jag-oppnar-nytt-i-sundsvall\/","url":"https:\/\/jag.se\/opinion\/pressreleases\/jag-oppnar-nytt-i-sundsvall\/","name":"JAG \u00f6ppnar nytt i Sundsvall - JAG Opinion","isPartOf":{"@id":"https:\/\/jag.se\/opinion\/#website"},"datePublished":"2016-10-12T05:50:27+00:00","dateModified":"2016-10-12T05:50:27+00:00","breadcrumb":{"@id":"https:\/\/jag.se\/opinion\/pressreleases\/jag-oppnar-nytt-i-sundsvall\/#breadcrumb"},"inLanguage":"sv-SE","potentialAction":[{"@type":"ReadAction","target":["https:\/\/jag.se\/opinion\/pressreleases\/jag-oppnar-nytt-i-sundsvall\/"]}]},{"@type":"BreadcrumbList","@id":"https:\/\/jag.se\/opinion\/pressreleases\/jag-oppnar-nytt-i-sundsvall\/#breadcrumb","itemListElement":[{"@type":"ListItem","position":1,"name":"JAG start","item":"https:\/\/jag.se"},{"@type":"ListItem","position":2,"name":"Riksf\u00f6reningen JAG","item":"https:\/\/jag.se\/opinion\/"},{"@type":"ListItem","position":3,"name":"Pressmeddelanden","item":"https:\/\/jag.se\/opinion\/pressreleases\/"},{"@type":"ListItem","position":4,"name":"JAG \u00f6ppnar nytt i Sundsvall"}]},{"@type":"WebSite","@id":"https:\/\/jag.se\/opinion\/#website","url":"https:\/\/jag.se\/opinion\/","name":"JAG Opinion","description":"","potentialAction":[{"@type":"SearchAction","target":{"@type":"EntryPoint","urlTemplate":"https:\/\/jag.se\/opinion\/?s={search_term_string}"},"query-input":"required name=search_term_string"}],"inLanguage":"sv-SE"}]}},"_links":{"self":[{"href":"https:\/\/jag.se\/opinion\/wp-json\/wp\/v2\/pressreleases\/28063","targetHints":{"allow":["GET"]}}],"collection":[{"href":"https:\/\/jag.se\/opinion\/wp-json\/wp\/v2\/pressreleases"}],"about":[{"href":"https:\/\/jag.se\/opinion\/wp-json\/wp\/v2\/types\/pressreleases"}],"wp:featuredmedia":[{"embeddable":true,"href":"https:\/\/jag.se\/opinion\/wp-json\/wp\/v2\/media\/28064"}],"wp:attachment":[{"href":"https:\/\/jag.se\/opinion\/wp-json\/wp\/v2\/media?parent=28063"}],"curies":[{"name":"wp","href":"https:\/\/api.w.org\/{rel}","templated":true}]}}