{"id":28065,"date":"2016-09-20T08:28:14","date_gmt":"2016-09-20T06:28:14","guid":{"rendered":"https:\/\/jag.se\/opinion\/pressreleases\/regeringens-neddragningar-av-assistansen-fortsatter\/"},"modified":"2016-09-20T08:28:14","modified_gmt":"2016-09-20T06:28:14","slug":"regeringens-neddragningar-av-assistansen-fortsatter","status":"publish","type":"pressreleases","link":"https:\/\/jag.se\/opinion\/pressreleases\/regeringens-neddragningar-av-assistansen-fortsatter\/","title":{"rendered":"Regeringens neddragningar av assistansen forts\u00e4tter"},"content":{"rendered":"<p>I budgetpropositionen som offentliggjordes idag finns ocks\u00e5 2017 \u00e5rs h\u00f6jning av assistansers\u00e4ttningen. Regeringen v\u00e4ljer att endast h\u00f6ja timbeloppet med tre kronor, vilket \u00e4r en h\u00f6jning med endast 1,05 procent.\u00a0Det \u00e4r den l\u00e4gsta justeringen n\u00e5gonsin, och bara ungef\u00e4r tv\u00e5 tredjedelar av den h\u00f6jning som regeringen f\u00f6rra \u00e5ret aviserade f\u00f6r resten av mandatperioden. Trots att l\u00f6ne\u00f6kningarna ligger p\u00e5 2,2 procent.<\/p>\n<p>&#8211; Det fungerar f\u00f6rst\u00e5s inte, s\u00e4ger Cecilia Blanck, verksamhetschef f\u00f6r JAG. Regeringen drar d\u00e4rmed \u00e5t snaran ytterligare f\u00f6r att sv\u00e4lta ut den personliga assistansen. Och h\u00e5rdast av alla drabbas f\u00f6rst\u00e5s assistansber\u00e4ttigade med stora behov av s\u00e4rskild kompetens i sin assistans.<\/p>\n<p>L\u00e4gre ing\u00e5ngsl\u00f6ner och d\u00e4rmed sv\u00e5righeter att rekrytera personliga assistenter, st\u00f6rre personaloms\u00e4ttning i yrket och mindre resurser till utbildningar blir n\u00e5gra av konsekvenserna.<\/p>\n<p>Budgetpropositionen inneh\u00e5ller ocks\u00e5 den lag\u00e4ndring som lades fram i ett PM i v\u00e5ras, som ger regeringen m\u00f6jlighet att inf\u00f6ra olika schabloner f\u00f6r olika assistansanv\u00e4ndare. Det ska dock fortfarande best\u00e4mmas \u00e5rliga belopp.<\/p>\n<p>&#8211; Regeringen och F\u00f6rs\u00e4kringskassan beh\u00f6ver nu anv\u00e4nda den f\u00f6reslagna m\u00f6jligheten att differentiera schabloners\u00e4ttningen p\u00e5 ett r\u00e4ttvist s\u00e4tt, s\u00e5 att mer resurser g\u00e5r till dem med de st\u00f6rsta behoven, s\u00e4ger Cecilia. Vi hoppas verkligen att de nya reglerna utformas i dialog med oss assistansanv\u00e4ndare, och att det inte \u00e4r \u00e4nnu ett s\u00e4tt att spara pengar.<\/p>\n","protected":false},"featured_media":28066,"template":"","class_list":["post-28065","pressreleases","type-pressreleases","status-publish","has-post-thumbnail","hentry"],"acf":[],"yoast_head":"<!-- This site is optimized with the Yoast SEO plugin v21.3 - https:\/\/yoast.com\/wordpress\/plugins\/seo\/ -->\n<title>Regeringens neddragningar av assistansen forts\u00e4tter - JAG Opinion<\/title>\n<meta name=\"robots\" content=\"index, follow, max-snippet:-1, max-image-preview:large, max-video-preview:-1\" \/>\n<link rel=\"canonical\" href=\"https:\/\/jag.se\/opinion\/pressreleases\/regeringens-neddragningar-av-assistansen-fortsatter\/\" \/>\n<meta property=\"og:locale\" content=\"sv_SE\" \/>\n<meta property=\"og:type\" content=\"article\" \/>\n<meta property=\"og:title\" content=\"Regeringens neddragningar av assistansen forts\u00e4tter - JAG Opinion\" \/>\n<meta property=\"og:description\" content=\"I budgetpropositionen som offentliggjordes idag finns ocks\u00e5 2017 \u00e5rs h\u00f6jning av assistansers\u00e4ttningen. Regeringen v\u00e4ljer att endast h\u00f6ja timbeloppet med tre kronor, vilket \u00e4r en h\u00f6jning med endast 1,05 procent.\u00a0Det \u00e4r den l\u00e4gsta justeringen n\u00e5gonsin, och bara ungef\u00e4r tv\u00e5 tredjedelar av den h\u00f6jning som regeringen f\u00f6rra \u00e5ret aviserade f\u00f6r resten av mandatperioden. Trots att l\u00f6ne\u00f6kningarna ligger\" \/>\n<meta property=\"og:url\" content=\"https:\/\/jag.se\/opinion\/pressreleases\/regeringens-neddragningar-av-assistansen-fortsatter\/\" \/>\n<meta property=\"og:site_name\" content=\"JAG Opinion\" \/>\n<meta property=\"og:image\" content=\"https:\/\/jag.se\/opinion\/wp-content\/uploads\/sites\/3\/2016\/09\/930678e97b5feb41_org-11.png\" \/>\n\t<meta property=\"og:image:width\" content=\"400\" \/>\n\t<meta property=\"og:image:height\" content=\"350\" \/>\n\t<meta property=\"og:image:type\" content=\"image\/png\" \/>\n<meta name=\"twitter:card\" content=\"summary_large_image\" \/>\n<meta name=\"twitter:label1\" content=\"Ber\u00e4knad l\u00e4stid\" \/>\n\t<meta name=\"twitter:data1\" content=\"1 minut\" \/>\n<script type=\"application\/ld+json\" class=\"yoast-schema-graph\">{\"@context\":\"https:\/\/schema.org\",\"@graph\":[{\"@type\":\"WebPage\",\"@id\":\"https:\/\/jag.se\/opinion\/pressreleases\/regeringens-neddragningar-av-assistansen-fortsatter\/\",\"url\":\"https:\/\/jag.se\/opinion\/pressreleases\/regeringens-neddragningar-av-assistansen-fortsatter\/\",\"name\":\"Regeringens neddragningar av assistansen forts\u00e4tter - JAG Opinion\",\"isPartOf\":{\"@id\":\"https:\/\/jag.se\/opinion\/#website\"},\"datePublished\":\"2016-09-20T06:28:14+00:00\",\"dateModified\":\"2016-09-20T06:28:14+00:00\",\"breadcrumb\":{\"@id\":\"https:\/\/jag.se\/opinion\/pressreleases\/regeringens-neddragningar-av-assistansen-fortsatter\/#breadcrumb\"},\"inLanguage\":\"sv-SE\",\"potentialAction\":[{\"@type\":\"ReadAction\",\"target\":[\"https:\/\/jag.se\/opinion\/pressreleases\/regeringens-neddragningar-av-assistansen-fortsatter\/\"]}]},{\"@type\":\"BreadcrumbList\",\"@id\":\"https:\/\/jag.se\/opinion\/pressreleases\/regeringens-neddragningar-av-assistansen-fortsatter\/#breadcrumb\",\"itemListElement\":[{\"@type\":\"ListItem\",\"position\":1,\"name\":\"JAG start\",\"item\":\"https:\/\/jag.se\"},{\"@type\":\"ListItem\",\"position\":2,\"name\":\"Riksf\u00f6reningen JAG\",\"item\":\"https:\/\/jag.se\/opinion\/\"},{\"@type\":\"ListItem\",\"position\":3,\"name\":\"Pressmeddelanden\",\"item\":\"https:\/\/jag.se\/opinion\/pressreleases\/\"},{\"@type\":\"ListItem\",\"position\":4,\"name\":\"Regeringens neddragningar av assistansen forts\u00e4tter\"}]},{\"@type\":\"WebSite\",\"@id\":\"https:\/\/jag.se\/opinion\/#website\",\"url\":\"https:\/\/jag.se\/opinion\/\",\"name\":\"JAG Opinion\",\"description\":\"\",\"potentialAction\":[{\"@type\":\"SearchAction\",\"target\":{\"@type\":\"EntryPoint\",\"urlTemplate\":\"https:\/\/jag.se\/opinion\/?s={search_term_string}\"},\"query-input\":\"required name=search_term_string\"}],\"inLanguage\":\"sv-SE\"}]}<\/script>\n<!-- \/ Yoast SEO plugin. -->","yoast_head_json":{"title":"Regeringens neddragningar av assistansen forts\u00e4tter - JAG Opinion","robots":{"index":"index","follow":"follow","max-snippet":"max-snippet:-1","max-image-preview":"max-image-preview:large","max-video-preview":"max-video-preview:-1"},"canonical":"https:\/\/jag.se\/opinion\/pressreleases\/regeringens-neddragningar-av-assistansen-fortsatter\/","og_locale":"sv_SE","og_type":"article","og_title":"Regeringens neddragningar av assistansen forts\u00e4tter - JAG Opinion","og_description":"I budgetpropositionen som offentliggjordes idag finns ocks\u00e5 2017 \u00e5rs h\u00f6jning av assistansers\u00e4ttningen. Regeringen v\u00e4ljer att endast h\u00f6ja timbeloppet med tre kronor, vilket \u00e4r en h\u00f6jning med endast 1,05 procent.\u00a0Det \u00e4r den l\u00e4gsta justeringen n\u00e5gonsin, och bara ungef\u00e4r tv\u00e5 tredjedelar av den h\u00f6jning som regeringen f\u00f6rra \u00e5ret aviserade f\u00f6r resten av mandatperioden. Trots att l\u00f6ne\u00f6kningarna ligger","og_url":"https:\/\/jag.se\/opinion\/pressreleases\/regeringens-neddragningar-av-assistansen-fortsatter\/","og_site_name":"JAG Opinion","og_image":[{"width":400,"height":350,"url":"https:\/\/jag.se\/opinion\/wp-content\/uploads\/sites\/3\/2016\/09\/930678e97b5feb41_org-11.png","type":"image\/png"}],"twitter_card":"summary_large_image","twitter_misc":{"Ber\u00e4knad l\u00e4stid":"1 minut"},"schema":{"@context":"https:\/\/schema.org","@graph":[{"@type":"WebPage","@id":"https:\/\/jag.se\/opinion\/pressreleases\/regeringens-neddragningar-av-assistansen-fortsatter\/","url":"https:\/\/jag.se\/opinion\/pressreleases\/regeringens-neddragningar-av-assistansen-fortsatter\/","name":"Regeringens neddragningar av assistansen forts\u00e4tter - JAG Opinion","isPartOf":{"@id":"https:\/\/jag.se\/opinion\/#website"},"datePublished":"2016-09-20T06:28:14+00:00","dateModified":"2016-09-20T06:28:14+00:00","breadcrumb":{"@id":"https:\/\/jag.se\/opinion\/pressreleases\/regeringens-neddragningar-av-assistansen-fortsatter\/#breadcrumb"},"inLanguage":"sv-SE","potentialAction":[{"@type":"ReadAction","target":["https:\/\/jag.se\/opinion\/pressreleases\/regeringens-neddragningar-av-assistansen-fortsatter\/"]}]},{"@type":"BreadcrumbList","@id":"https:\/\/jag.se\/opinion\/pressreleases\/regeringens-neddragningar-av-assistansen-fortsatter\/#breadcrumb","itemListElement":[{"@type":"ListItem","position":1,"name":"JAG start","item":"https:\/\/jag.se"},{"@type":"ListItem","position":2,"name":"Riksf\u00f6reningen JAG","item":"https:\/\/jag.se\/opinion\/"},{"@type":"ListItem","position":3,"name":"Pressmeddelanden","item":"https:\/\/jag.se\/opinion\/pressreleases\/"},{"@type":"ListItem","position":4,"name":"Regeringens neddragningar av assistansen forts\u00e4tter"}]},{"@type":"WebSite","@id":"https:\/\/jag.se\/opinion\/#website","url":"https:\/\/jag.se\/opinion\/","name":"JAG Opinion","description":"","potentialAction":[{"@type":"SearchAction","target":{"@type":"EntryPoint","urlTemplate":"https:\/\/jag.se\/opinion\/?s={search_term_string}"},"query-input":"required name=search_term_string"}],"inLanguage":"sv-SE"}]}},"_links":{"self":[{"href":"https:\/\/jag.se\/opinion\/wp-json\/wp\/v2\/pressreleases\/28065","targetHints":{"allow":["GET"]}}],"collection":[{"href":"https:\/\/jag.se\/opinion\/wp-json\/wp\/v2\/pressreleases"}],"about":[{"href":"https:\/\/jag.se\/opinion\/wp-json\/wp\/v2\/types\/pressreleases"}],"wp:featuredmedia":[{"embeddable":true,"href":"https:\/\/jag.se\/opinion\/wp-json\/wp\/v2\/media\/28066"}],"wp:attachment":[{"href":"https:\/\/jag.se\/opinion\/wp-json\/wp\/v2\/media?parent=28065"}],"curies":[{"name":"wp","href":"https:\/\/api.w.org\/{rel}","templated":true}]}}