{"id":28069,"date":"2016-06-29T15:13:51","date_gmt":"2016-06-29T13:13:51","guid":{"rendered":"https:\/\/jag.se\/opinion\/pressreleases\/demonstration-for-att-radda-assistansen-for-oss-som-behover-den-mest\/"},"modified":"2016-06-29T15:13:51","modified_gmt":"2016-06-29T13:13:51","slug":"demonstration-for-att-radda-assistansen-for-oss-som-behover-den-mest","status":"publish","type":"pressreleases","link":"https:\/\/jag.se\/opinion\/pressreleases\/demonstration-for-att-radda-assistansen-for-oss-som-behover-den-mest\/","title":{"rendered":"Demonstration f\u00f6r att r\u00e4dda assistansen f\u00f6r oss som beh\u00f6ver den mest"},"content":{"rendered":"<p>Medlemmarna i F\u00f6reningen JAG kraftsamlar nu f\u00f6r en sista\u00a0demonstration\u00a0den 30\/6 kl 11.15\u201311.45 utanf\u00f6r F\u00f6rs\u00e4kringskassans kundcenter, Sturegatan 16A i Sundbyberg. I samband med demonstrationen kommer F\u00f6reningen JAG l\u00e4mna 5 400 namnunderskrifter till ledam\u00f6terna\u00a0i F\u00f6rs\u00e4kringskassans styrelse som\u00a0under\u00a0torsdagen f\u00f6rv\u00e4ntas fatta det \u00f6desdigra beslutet om m\u00e5nadsvis redovisning av det f\u00f6rh\u00f6jda timbeloppet f\u00f6r personlig assistans.<\/p>\n","protected":false},"featured_media":28070,"template":"","class_list":["post-28069","pressreleases","type-pressreleases","status-publish","has-post-thumbnail","hentry"],"acf":[],"yoast_head":"<!-- This site is optimized with the Yoast SEO plugin v21.3 - https:\/\/yoast.com\/wordpress\/plugins\/seo\/ -->\n<title>Demonstration f\u00f6r att r\u00e4dda assistansen f\u00f6r oss som beh\u00f6ver den mest - JAG Opinion<\/title>\n<meta name=\"robots\" content=\"index, follow, max-snippet:-1, max-image-preview:large, max-video-preview:-1\" \/>\n<link rel=\"canonical\" href=\"https:\/\/jag.se\/opinion\/pressreleases\/demonstration-for-att-radda-assistansen-for-oss-som-behover-den-mest\/\" \/>\n<meta property=\"og:locale\" content=\"sv_SE\" \/>\n<meta property=\"og:type\" content=\"article\" \/>\n<meta property=\"og:title\" content=\"Demonstration f\u00f6r att r\u00e4dda assistansen f\u00f6r oss som beh\u00f6ver den mest - JAG Opinion\" \/>\n<meta property=\"og:description\" content=\"Medlemmarna i F\u00f6reningen JAG kraftsamlar nu f\u00f6r en sista\u00a0demonstration\u00a0den 30\/6 kl 11.15\u201311.45 utanf\u00f6r F\u00f6rs\u00e4kringskassans kundcenter, Sturegatan 16A i Sundbyberg. I samband med demonstrationen kommer F\u00f6reningen JAG l\u00e4mna 5 400 namnunderskrifter till ledam\u00f6terna\u00a0i F\u00f6rs\u00e4kringskassans styrelse som\u00a0under\u00a0torsdagen f\u00f6rv\u00e4ntas fatta det \u00f6desdigra beslutet om m\u00e5nadsvis redovisning av det f\u00f6rh\u00f6jda timbeloppet f\u00f6r personlig assistans.\" \/>\n<meta property=\"og:url\" content=\"https:\/\/jag.se\/opinion\/pressreleases\/demonstration-for-att-radda-assistansen-for-oss-som-behover-den-mest\/\" \/>\n<meta property=\"og:site_name\" content=\"JAG Opinion\" \/>\n<meta property=\"og:image\" content=\"https:\/\/jag.se\/opinion\/wp-content\/uploads\/sites\/3\/2016\/06\/86b1cf22381fe98a_org-12-scaled.jpg\" \/>\n\t<meta property=\"og:image:width\" content=\"2560\" \/>\n\t<meta property=\"og:image:height\" content=\"1920\" \/>\n\t<meta property=\"og:image:type\" content=\"image\/jpeg\" \/>\n<meta name=\"twitter:card\" content=\"summary_large_image\" \/>\n<script type=\"application\/ld+json\" class=\"yoast-schema-graph\">{\"@context\":\"https:\/\/schema.org\",\"@graph\":[{\"@type\":\"WebPage\",\"@id\":\"https:\/\/jag.se\/opinion\/pressreleases\/demonstration-for-att-radda-assistansen-for-oss-som-behover-den-mest\/\",\"url\":\"https:\/\/jag.se\/opinion\/pressreleases\/demonstration-for-att-radda-assistansen-for-oss-som-behover-den-mest\/\",\"name\":\"Demonstration f\u00f6r att r\u00e4dda assistansen f\u00f6r oss som beh\u00f6ver den mest - JAG Opinion\",\"isPartOf\":{\"@id\":\"https:\/\/jag.se\/opinion\/#website\"},\"datePublished\":\"2016-06-29T13:13:51+00:00\",\"dateModified\":\"2016-06-29T13:13:51+00:00\",\"breadcrumb\":{\"@id\":\"https:\/\/jag.se\/opinion\/pressreleases\/demonstration-for-att-radda-assistansen-for-oss-som-behover-den-mest\/#breadcrumb\"},\"inLanguage\":\"sv-SE\",\"potentialAction\":[{\"@type\":\"ReadAction\",\"target\":[\"https:\/\/jag.se\/opinion\/pressreleases\/demonstration-for-att-radda-assistansen-for-oss-som-behover-den-mest\/\"]}]},{\"@type\":\"BreadcrumbList\",\"@id\":\"https:\/\/jag.se\/opinion\/pressreleases\/demonstration-for-att-radda-assistansen-for-oss-som-behover-den-mest\/#breadcrumb\",\"itemListElement\":[{\"@type\":\"ListItem\",\"position\":1,\"name\":\"JAG start\",\"item\":\"https:\/\/jag.se\"},{\"@type\":\"ListItem\",\"position\":2,\"name\":\"Riksf\u00f6reningen JAG\",\"item\":\"https:\/\/jag.se\/opinion\/\"},{\"@type\":\"ListItem\",\"position\":3,\"name\":\"Pressmeddelanden\",\"item\":\"https:\/\/jag.se\/opinion\/pressreleases\/\"},{\"@type\":\"ListItem\",\"position\":4,\"name\":\"Demonstration f\u00f6r att r\u00e4dda assistansen f\u00f6r oss som beh\u00f6ver den mest\"}]},{\"@type\":\"WebSite\",\"@id\":\"https:\/\/jag.se\/opinion\/#website\",\"url\":\"https:\/\/jag.se\/opinion\/\",\"name\":\"JAG Opinion\",\"description\":\"\",\"potentialAction\":[{\"@type\":\"SearchAction\",\"target\":{\"@type\":\"EntryPoint\",\"urlTemplate\":\"https:\/\/jag.se\/opinion\/?s={search_term_string}\"},\"query-input\":\"required name=search_term_string\"}],\"inLanguage\":\"sv-SE\"}]}<\/script>\n<!-- \/ Yoast SEO plugin. -->","yoast_head_json":{"title":"Demonstration f\u00f6r att r\u00e4dda assistansen f\u00f6r oss som beh\u00f6ver den mest - JAG Opinion","robots":{"index":"index","follow":"follow","max-snippet":"max-snippet:-1","max-image-preview":"max-image-preview:large","max-video-preview":"max-video-preview:-1"},"canonical":"https:\/\/jag.se\/opinion\/pressreleases\/demonstration-for-att-radda-assistansen-for-oss-som-behover-den-mest\/","og_locale":"sv_SE","og_type":"article","og_title":"Demonstration f\u00f6r att r\u00e4dda assistansen f\u00f6r oss som beh\u00f6ver den mest - JAG Opinion","og_description":"Medlemmarna i F\u00f6reningen JAG kraftsamlar nu f\u00f6r en sista\u00a0demonstration\u00a0den 30\/6 kl 11.15\u201311.45 utanf\u00f6r F\u00f6rs\u00e4kringskassans kundcenter, Sturegatan 16A i Sundbyberg. I samband med demonstrationen kommer F\u00f6reningen JAG l\u00e4mna 5 400 namnunderskrifter till ledam\u00f6terna\u00a0i F\u00f6rs\u00e4kringskassans styrelse som\u00a0under\u00a0torsdagen f\u00f6rv\u00e4ntas fatta det \u00f6desdigra beslutet om m\u00e5nadsvis redovisning av det f\u00f6rh\u00f6jda timbeloppet f\u00f6r personlig assistans.","og_url":"https:\/\/jag.se\/opinion\/pressreleases\/demonstration-for-att-radda-assistansen-for-oss-som-behover-den-mest\/","og_site_name":"JAG Opinion","og_image":[{"width":2560,"height":1920,"url":"https:\/\/jag.se\/opinion\/wp-content\/uploads\/sites\/3\/2016\/06\/86b1cf22381fe98a_org-12-scaled.jpg","type":"image\/jpeg"}],"twitter_card":"summary_large_image","schema":{"@context":"https:\/\/schema.org","@graph":[{"@type":"WebPage","@id":"https:\/\/jag.se\/opinion\/pressreleases\/demonstration-for-att-radda-assistansen-for-oss-som-behover-den-mest\/","url":"https:\/\/jag.se\/opinion\/pressreleases\/demonstration-for-att-radda-assistansen-for-oss-som-behover-den-mest\/","name":"Demonstration f\u00f6r att r\u00e4dda assistansen f\u00f6r oss som beh\u00f6ver den mest - JAG Opinion","isPartOf":{"@id":"https:\/\/jag.se\/opinion\/#website"},"datePublished":"2016-06-29T13:13:51+00:00","dateModified":"2016-06-29T13:13:51+00:00","breadcrumb":{"@id":"https:\/\/jag.se\/opinion\/pressreleases\/demonstration-for-att-radda-assistansen-for-oss-som-behover-den-mest\/#breadcrumb"},"inLanguage":"sv-SE","potentialAction":[{"@type":"ReadAction","target":["https:\/\/jag.se\/opinion\/pressreleases\/demonstration-for-att-radda-assistansen-for-oss-som-behover-den-mest\/"]}]},{"@type":"BreadcrumbList","@id":"https:\/\/jag.se\/opinion\/pressreleases\/demonstration-for-att-radda-assistansen-for-oss-som-behover-den-mest\/#breadcrumb","itemListElement":[{"@type":"ListItem","position":1,"name":"JAG start","item":"https:\/\/jag.se"},{"@type":"ListItem","position":2,"name":"Riksf\u00f6reningen JAG","item":"https:\/\/jag.se\/opinion\/"},{"@type":"ListItem","position":3,"name":"Pressmeddelanden","item":"https:\/\/jag.se\/opinion\/pressreleases\/"},{"@type":"ListItem","position":4,"name":"Demonstration f\u00f6r att r\u00e4dda assistansen f\u00f6r oss som beh\u00f6ver den mest"}]},{"@type":"WebSite","@id":"https:\/\/jag.se\/opinion\/#website","url":"https:\/\/jag.se\/opinion\/","name":"JAG Opinion","description":"","potentialAction":[{"@type":"SearchAction","target":{"@type":"EntryPoint","urlTemplate":"https:\/\/jag.se\/opinion\/?s={search_term_string}"},"query-input":"required name=search_term_string"}],"inLanguage":"sv-SE"}]}},"_links":{"self":[{"href":"https:\/\/jag.se\/opinion\/wp-json\/wp\/v2\/pressreleases\/28069","targetHints":{"allow":["GET"]}}],"collection":[{"href":"https:\/\/jag.se\/opinion\/wp-json\/wp\/v2\/pressreleases"}],"about":[{"href":"https:\/\/jag.se\/opinion\/wp-json\/wp\/v2\/types\/pressreleases"}],"wp:featuredmedia":[{"embeddable":true,"href":"https:\/\/jag.se\/opinion\/wp-json\/wp\/v2\/media\/28070"}],"wp:attachment":[{"href":"https:\/\/jag.se\/opinion\/wp-json\/wp\/v2\/media?parent=28069"}],"curies":[{"name":"wp","href":"https:\/\/api.w.org\/{rel}","templated":true}]}}