{"id":28073,"date":"2016-05-24T15:50:53","date_gmt":"2016-05-24T13:50:53","guid":{"rendered":"https:\/\/jag.se\/opinion\/pressreleases\/tusentals-namnunderskrifter-lamnades-till-forsakringskassan\/"},"modified":"2016-05-24T15:50:53","modified_gmt":"2016-05-24T13:50:53","slug":"tusentals-namnunderskrifter-lamnades-till-forsakringskassan","status":"publish","type":"pressreleases","link":"https:\/\/jag.se\/opinion\/pressreleases\/tusentals-namnunderskrifter-lamnades-till-forsakringskassan\/","title":{"rendered":"Tusentals namnunderskrifter l\u00e4mnades till F\u00f6rs\u00e4kringskassan"},"content":{"rendered":"<p>Idag demonstrerade ett hundratal personer utanf\u00f6r F\u00f6rs\u00e4kringskassanshuvudkontor i Stockholm. En delegation fr\u00e5n demonstrationen bj\u00f6ds in till F\u00f6rs\u00e4kringskassan f\u00f6r ett kort m\u00f6te d\u00e4r man l\u00e4mnade \u00f6ver namnunderskrifterna fr\u00e5n petitionen \u201dR\u00e4dda assistansen!\u201d till F\u00f6rs\u00e4kringskassan.<\/p>\n<p>Demonstrationen och namninsamlingen \u00e4r en protest mot att det f\u00f6rh\u00f6jda timbeloppet i assistansers\u00e4ttningen till personer med funktionsneds\u00e4ttning fr\u00e5n och med oktober ska redovisas varje m\u00e5nad ist\u00e4llet f\u00f6r halv\u00e5rsvis.<\/p>\n<p>&#8211; F\u00f6rs\u00e4kringskassan framst\u00e4ller det h\u00e4r som en rent administrativ \u00e4ndring. Men i verkligheten kommer personer med stora behov drabbas v\u00e4ldigt h\u00e5rt. Det blir om\u00f6jligt att utbilda sina assistenter, att betala storhelgs-OB p\u00e5 jul och p\u00e5sk eller \u00e5ka hemifr\u00e5n en helg och h\u00e4lsa p\u00e5 sl\u00e4ktingar, s\u00e4ger Cecilia Blanck verksamhetschef p\u00e5 JAG.<\/p>\n<p>En delegation fr\u00e5n demonstrationen bj\u00f6ds in till F\u00f6rs\u00e4kringskassan och \u00f6verl\u00e4mnade namnunderskrifterna fr\u00e5n petitionen \u201dR\u00e4dda assistansen!\u201d till Terese Karlberg, ansvarig chef inom funktionshinder p\u00e5 F\u00f6rs\u00e4kringskassan. Terese lovade att ge namnunderskrifterna vidare till F\u00f6rs\u00e4kringskassans generaldirekt\u00f6r Ann-Marie Begler. Efter det korta m\u00f6tet fick Terese Karlberg fr\u00e5gan om hon ville f\u00f6lja med ut och s\u00e4ga n\u00e5got till demonstranterna men avb\u00f6jde.<\/p>\n<p>&#8211; Det \u00e4r 1500 personer som ber\u00f6rs, men v\u00e5r namninsamling har engagerat \u00f6ver 4000 p\u00e5 bara n\u00e5gra f\u00e5 dagar. Det bevisar att det inte bara \u00e4r vi som ser att det h\u00e4r f\u00f6rslaget \u00e4r djupt or\u00e4ttvist. Det drabbar just de personer som alla \u00e4r \u00f6verens om beh\u00f6ver samh\u00e4llets st\u00f6d allra mest, s\u00e4ger Cecilia Blanck.\u00a0<\/p>\n","protected":false},"featured_media":28074,"template":"","class_list":["post-28073","pressreleases","type-pressreleases","status-publish","has-post-thumbnail","hentry"],"acf":[],"yoast_head":"<!-- This site is optimized with the Yoast SEO plugin v21.3 - https:\/\/yoast.com\/wordpress\/plugins\/seo\/ -->\n<title>Tusentals namnunderskrifter l\u00e4mnades till F\u00f6rs\u00e4kringskassan - JAG Opinion<\/title>\n<meta name=\"robots\" content=\"index, follow, max-snippet:-1, max-image-preview:large, max-video-preview:-1\" \/>\n<link rel=\"canonical\" href=\"https:\/\/jag.se\/opinion\/pressreleases\/tusentals-namnunderskrifter-lamnades-till-forsakringskassan\/\" \/>\n<meta property=\"og:locale\" content=\"sv_SE\" \/>\n<meta property=\"og:type\" content=\"article\" \/>\n<meta property=\"og:title\" content=\"Tusentals namnunderskrifter l\u00e4mnades till F\u00f6rs\u00e4kringskassan - JAG Opinion\" \/>\n<meta property=\"og:description\" content=\"Idag demonstrerade ett hundratal personer utanf\u00f6r F\u00f6rs\u00e4kringskassanshuvudkontor i Stockholm. En delegation fr\u00e5n demonstrationen bj\u00f6ds in till F\u00f6rs\u00e4kringskassan f\u00f6r ett kort m\u00f6te d\u00e4r man l\u00e4mnade \u00f6ver namnunderskrifterna fr\u00e5n petitionen \u201dR\u00e4dda assistansen!\u201d till F\u00f6rs\u00e4kringskassan. Demonstrationen och namninsamlingen \u00e4r en protest mot att det f\u00f6rh\u00f6jda timbeloppet i assistansers\u00e4ttningen till personer med funktionsneds\u00e4ttning fr\u00e5n och med oktober ska redovisas\" \/>\n<meta property=\"og:url\" content=\"https:\/\/jag.se\/opinion\/pressreleases\/tusentals-namnunderskrifter-lamnades-till-forsakringskassan\/\" \/>\n<meta property=\"og:site_name\" content=\"JAG Opinion\" \/>\n<meta property=\"og:image\" content=\"https:\/\/jag.se\/opinion\/wp-content\/uploads\/sites\/3\/2016\/05\/82eca49d9b31bcff_org-11-scaled.jpg\" \/>\n\t<meta property=\"og:image:width\" content=\"2560\" \/>\n\t<meta property=\"og:image:height\" content=\"1920\" \/>\n\t<meta property=\"og:image:type\" content=\"image\/jpeg\" \/>\n<meta name=\"twitter:card\" content=\"summary_large_image\" \/>\n<meta name=\"twitter:label1\" content=\"Ber\u00e4knad l\u00e4stid\" \/>\n\t<meta name=\"twitter:data1\" content=\"1 minut\" \/>\n<script type=\"application\/ld+json\" class=\"yoast-schema-graph\">{\"@context\":\"https:\/\/schema.org\",\"@graph\":[{\"@type\":\"WebPage\",\"@id\":\"https:\/\/jag.se\/opinion\/pressreleases\/tusentals-namnunderskrifter-lamnades-till-forsakringskassan\/\",\"url\":\"https:\/\/jag.se\/opinion\/pressreleases\/tusentals-namnunderskrifter-lamnades-till-forsakringskassan\/\",\"name\":\"Tusentals namnunderskrifter l\u00e4mnades till F\u00f6rs\u00e4kringskassan - JAG Opinion\",\"isPartOf\":{\"@id\":\"https:\/\/jag.se\/opinion\/#website\"},\"datePublished\":\"2016-05-24T13:50:53+00:00\",\"dateModified\":\"2016-05-24T13:50:53+00:00\",\"breadcrumb\":{\"@id\":\"https:\/\/jag.se\/opinion\/pressreleases\/tusentals-namnunderskrifter-lamnades-till-forsakringskassan\/#breadcrumb\"},\"inLanguage\":\"sv-SE\",\"potentialAction\":[{\"@type\":\"ReadAction\",\"target\":[\"https:\/\/jag.se\/opinion\/pressreleases\/tusentals-namnunderskrifter-lamnades-till-forsakringskassan\/\"]}]},{\"@type\":\"BreadcrumbList\",\"@id\":\"https:\/\/jag.se\/opinion\/pressreleases\/tusentals-namnunderskrifter-lamnades-till-forsakringskassan\/#breadcrumb\",\"itemListElement\":[{\"@type\":\"ListItem\",\"position\":1,\"name\":\"JAG start\",\"item\":\"https:\/\/jag.se\"},{\"@type\":\"ListItem\",\"position\":2,\"name\":\"Riksf\u00f6reningen JAG\",\"item\":\"https:\/\/jag.se\/opinion\/\"},{\"@type\":\"ListItem\",\"position\":3,\"name\":\"Pressmeddelanden\",\"item\":\"https:\/\/jag.se\/opinion\/pressreleases\/\"},{\"@type\":\"ListItem\",\"position\":4,\"name\":\"Tusentals namnunderskrifter l\u00e4mnades till F\u00f6rs\u00e4kringskassan\"}]},{\"@type\":\"WebSite\",\"@id\":\"https:\/\/jag.se\/opinion\/#website\",\"url\":\"https:\/\/jag.se\/opinion\/\",\"name\":\"JAG Opinion\",\"description\":\"\",\"potentialAction\":[{\"@type\":\"SearchAction\",\"target\":{\"@type\":\"EntryPoint\",\"urlTemplate\":\"https:\/\/jag.se\/opinion\/?s={search_term_string}\"},\"query-input\":\"required name=search_term_string\"}],\"inLanguage\":\"sv-SE\"}]}<\/script>\n<!-- \/ Yoast SEO plugin. -->","yoast_head_json":{"title":"Tusentals namnunderskrifter l\u00e4mnades till F\u00f6rs\u00e4kringskassan - JAG Opinion","robots":{"index":"index","follow":"follow","max-snippet":"max-snippet:-1","max-image-preview":"max-image-preview:large","max-video-preview":"max-video-preview:-1"},"canonical":"https:\/\/jag.se\/opinion\/pressreleases\/tusentals-namnunderskrifter-lamnades-till-forsakringskassan\/","og_locale":"sv_SE","og_type":"article","og_title":"Tusentals namnunderskrifter l\u00e4mnades till F\u00f6rs\u00e4kringskassan - JAG Opinion","og_description":"Idag demonstrerade ett hundratal personer utanf\u00f6r F\u00f6rs\u00e4kringskassanshuvudkontor i Stockholm. En delegation fr\u00e5n demonstrationen bj\u00f6ds in till F\u00f6rs\u00e4kringskassan f\u00f6r ett kort m\u00f6te d\u00e4r man l\u00e4mnade \u00f6ver namnunderskrifterna fr\u00e5n petitionen \u201dR\u00e4dda assistansen!\u201d till F\u00f6rs\u00e4kringskassan. Demonstrationen och namninsamlingen \u00e4r en protest mot att det f\u00f6rh\u00f6jda timbeloppet i assistansers\u00e4ttningen till personer med funktionsneds\u00e4ttning fr\u00e5n och med oktober ska redovisas","og_url":"https:\/\/jag.se\/opinion\/pressreleases\/tusentals-namnunderskrifter-lamnades-till-forsakringskassan\/","og_site_name":"JAG Opinion","og_image":[{"width":2560,"height":1920,"url":"https:\/\/jag.se\/opinion\/wp-content\/uploads\/sites\/3\/2016\/05\/82eca49d9b31bcff_org-11-scaled.jpg","type":"image\/jpeg"}],"twitter_card":"summary_large_image","twitter_misc":{"Ber\u00e4knad l\u00e4stid":"1 minut"},"schema":{"@context":"https:\/\/schema.org","@graph":[{"@type":"WebPage","@id":"https:\/\/jag.se\/opinion\/pressreleases\/tusentals-namnunderskrifter-lamnades-till-forsakringskassan\/","url":"https:\/\/jag.se\/opinion\/pressreleases\/tusentals-namnunderskrifter-lamnades-till-forsakringskassan\/","name":"Tusentals namnunderskrifter l\u00e4mnades till F\u00f6rs\u00e4kringskassan - JAG Opinion","isPartOf":{"@id":"https:\/\/jag.se\/opinion\/#website"},"datePublished":"2016-05-24T13:50:53+00:00","dateModified":"2016-05-24T13:50:53+00:00","breadcrumb":{"@id":"https:\/\/jag.se\/opinion\/pressreleases\/tusentals-namnunderskrifter-lamnades-till-forsakringskassan\/#breadcrumb"},"inLanguage":"sv-SE","potentialAction":[{"@type":"ReadAction","target":["https:\/\/jag.se\/opinion\/pressreleases\/tusentals-namnunderskrifter-lamnades-till-forsakringskassan\/"]}]},{"@type":"BreadcrumbList","@id":"https:\/\/jag.se\/opinion\/pressreleases\/tusentals-namnunderskrifter-lamnades-till-forsakringskassan\/#breadcrumb","itemListElement":[{"@type":"ListItem","position":1,"name":"JAG start","item":"https:\/\/jag.se"},{"@type":"ListItem","position":2,"name":"Riksf\u00f6reningen JAG","item":"https:\/\/jag.se\/opinion\/"},{"@type":"ListItem","position":3,"name":"Pressmeddelanden","item":"https:\/\/jag.se\/opinion\/pressreleases\/"},{"@type":"ListItem","position":4,"name":"Tusentals namnunderskrifter l\u00e4mnades till F\u00f6rs\u00e4kringskassan"}]},{"@type":"WebSite","@id":"https:\/\/jag.se\/opinion\/#website","url":"https:\/\/jag.se\/opinion\/","name":"JAG Opinion","description":"","potentialAction":[{"@type":"SearchAction","target":{"@type":"EntryPoint","urlTemplate":"https:\/\/jag.se\/opinion\/?s={search_term_string}"},"query-input":"required name=search_term_string"}],"inLanguage":"sv-SE"}]}},"_links":{"self":[{"href":"https:\/\/jag.se\/opinion\/wp-json\/wp\/v2\/pressreleases\/28073","targetHints":{"allow":["GET"]}}],"collection":[{"href":"https:\/\/jag.se\/opinion\/wp-json\/wp\/v2\/pressreleases"}],"about":[{"href":"https:\/\/jag.se\/opinion\/wp-json\/wp\/v2\/types\/pressreleases"}],"wp:featuredmedia":[{"embeddable":true,"href":"https:\/\/jag.se\/opinion\/wp-json\/wp\/v2\/media\/28074"}],"wp:attachment":[{"href":"https:\/\/jag.se\/opinion\/wp-json\/wp\/v2\/media?parent=28073"}],"curies":[{"name":"wp","href":"https:\/\/api.w.org\/{rel}","templated":true}]}}