{"id":28075,"date":"2016-05-23T09:09:56","date_gmt":"2016-05-23T07:09:56","guid":{"rendered":"https:\/\/jag.se\/opinion\/pressreleases\/funktionshindrade-demonstrerar-mot-forsakringskassan\/"},"modified":"2016-05-23T09:09:56","modified_gmt":"2016-05-23T07:09:56","slug":"funktionshindrade-demonstrerar-mot-forsakringskassan","status":"publish","type":"pressreleases","link":"https:\/\/jag.se\/opinion\/pressreleases\/funktionshindrade-demonstrerar-mot-forsakringskassan\/","title":{"rendered":"Funktionshindrade demonstrerar mot F\u00f6rs\u00e4kringskassan"},"content":{"rendered":"<p>I morgon tisdag 24\/5 kl 14.00\u00a0anordnas en demonstration utanf\u00f6r F\u00f6rs\u00e4kringskassans huvudkontor vid Telefonplan i Stockholm. Demonstrationen \u00e4r en protest mot\u00a0att det f\u00f6rh\u00f6jda timbeloppet i assistansers\u00e4ttningen\u00a0till personer med funktionsneds\u00e4ttning fr\u00e5n och med oktober\u00a0ska redovisas varje m\u00e5nad ist\u00e4llet f\u00f6r halv\u00e5rsvis.<\/p>\n<p>\u2013\u00a0F\u00f6r\u00e4ndringen ses som rent administrativ av regeringen och myndigheterna. Men konsekvenserna blir att de s\u00e4tter lagen ur spel och i praktiken\u00a0avskaffar\u00a0den av en enig riksdag en g\u00e5ng beslutade r\u00e4ttigheten, s\u00e4ger Cecilia Blanck, verksamhetsansvarig p\u00e5 F\u00f6reningen JAG som tagit\u00a0initiativ\u00a0till demonstrationen.<\/p>\n<p>En namninsamling f\u00f6r att r\u00e4dda assistansen som startade i fredags har redan f\u00e5tt \u00f6ver 3 200 underskrifter.\u00a0Arrang\u00f6rerna har beg\u00e4rt att f\u00e5 tr\u00e4ffa F\u00f6rs\u00e4kringskassans generaldirekt\u00f6r\u00a0Ann-Marie Begler under demonstrationen och \u00f6verl\u00e4mna namnunderskrifterna.<\/p>\n<p>F\u00f6reningen JAG har skickat en konsekvensanalys\u00a0till regeringen och F\u00f6rs\u00e4kringskassan.\u00a0Varje torsdag under v\u00e5ren har assistansber\u00e4ttigade dessutom\u00a0st\u00e5tt utanf\u00f6r Rosenbad f\u00f6r att f\u00e5 kontakt med regeringen och m\u00f6jlighet\u00a0att f\u00f6rklara vilka konsekvenser f\u00f6r\u00e4ndringen f\u00e5r.\u00a0<\/p>\n","protected":false},"featured_media":28076,"template":"","class_list":["post-28075","pressreleases","type-pressreleases","status-publish","has-post-thumbnail","hentry"],"acf":[],"yoast_head":"<!-- This site is optimized with the Yoast SEO plugin v21.3 - https:\/\/yoast.com\/wordpress\/plugins\/seo\/ -->\n<title>Funktionshindrade demonstrerar mot F\u00f6rs\u00e4kringskassan - JAG Opinion<\/title>\n<meta name=\"robots\" content=\"index, follow, max-snippet:-1, max-image-preview:large, max-video-preview:-1\" \/>\n<link rel=\"canonical\" href=\"https:\/\/jag.se\/opinion\/pressreleases\/funktionshindrade-demonstrerar-mot-forsakringskassan\/\" \/>\n<meta property=\"og:locale\" content=\"sv_SE\" \/>\n<meta property=\"og:type\" content=\"article\" \/>\n<meta property=\"og:title\" content=\"Funktionshindrade demonstrerar mot F\u00f6rs\u00e4kringskassan - JAG Opinion\" \/>\n<meta property=\"og:description\" content=\"I morgon tisdag 24\/5 kl 14.00\u00a0anordnas en demonstration utanf\u00f6r F\u00f6rs\u00e4kringskassans huvudkontor vid Telefonplan i Stockholm. Demonstrationen \u00e4r en protest mot\u00a0att det f\u00f6rh\u00f6jda timbeloppet i assistansers\u00e4ttningen\u00a0till personer med funktionsneds\u00e4ttning fr\u00e5n och med oktober\u00a0ska redovisas varje m\u00e5nad ist\u00e4llet f\u00f6r halv\u00e5rsvis. \u2013\u00a0F\u00f6r\u00e4ndringen ses som rent administrativ av regeringen och myndigheterna. Men konsekvenserna blir att de s\u00e4tter lagen ur\" \/>\n<meta property=\"og:url\" content=\"https:\/\/jag.se\/opinion\/pressreleases\/funktionshindrade-demonstrerar-mot-forsakringskassan\/\" \/>\n<meta property=\"og:site_name\" content=\"JAG Opinion\" \/>\n<meta property=\"og:image\" content=\"https:\/\/jag.se\/opinion\/wp-content\/uploads\/sites\/3\/2016\/05\/9785fbbf26f88fc2_org-11.jpg\" \/>\n\t<meta property=\"og:image:width\" content=\"960\" \/>\n\t<meta property=\"og:image:height\" content=\"540\" \/>\n\t<meta property=\"og:image:type\" content=\"image\/jpeg\" \/>\n<meta name=\"twitter:card\" content=\"summary_large_image\" \/>\n<meta name=\"twitter:label1\" content=\"Ber\u00e4knad l\u00e4stid\" \/>\n\t<meta name=\"twitter:data1\" content=\"1 minut\" \/>\n<script type=\"application\/ld+json\" class=\"yoast-schema-graph\">{\"@context\":\"https:\/\/schema.org\",\"@graph\":[{\"@type\":\"WebPage\",\"@id\":\"https:\/\/jag.se\/opinion\/pressreleases\/funktionshindrade-demonstrerar-mot-forsakringskassan\/\",\"url\":\"https:\/\/jag.se\/opinion\/pressreleases\/funktionshindrade-demonstrerar-mot-forsakringskassan\/\",\"name\":\"Funktionshindrade demonstrerar mot F\u00f6rs\u00e4kringskassan - JAG Opinion\",\"isPartOf\":{\"@id\":\"https:\/\/jag.se\/opinion\/#website\"},\"datePublished\":\"2016-05-23T07:09:56+00:00\",\"dateModified\":\"2016-05-23T07:09:56+00:00\",\"breadcrumb\":{\"@id\":\"https:\/\/jag.se\/opinion\/pressreleases\/funktionshindrade-demonstrerar-mot-forsakringskassan\/#breadcrumb\"},\"inLanguage\":\"sv-SE\",\"potentialAction\":[{\"@type\":\"ReadAction\",\"target\":[\"https:\/\/jag.se\/opinion\/pressreleases\/funktionshindrade-demonstrerar-mot-forsakringskassan\/\"]}]},{\"@type\":\"BreadcrumbList\",\"@id\":\"https:\/\/jag.se\/opinion\/pressreleases\/funktionshindrade-demonstrerar-mot-forsakringskassan\/#breadcrumb\",\"itemListElement\":[{\"@type\":\"ListItem\",\"position\":1,\"name\":\"JAG start\",\"item\":\"https:\/\/jag.se\"},{\"@type\":\"ListItem\",\"position\":2,\"name\":\"Riksf\u00f6reningen JAG\",\"item\":\"https:\/\/jag.se\/opinion\/\"},{\"@type\":\"ListItem\",\"position\":3,\"name\":\"Pressmeddelanden\",\"item\":\"https:\/\/jag.se\/opinion\/pressreleases\/\"},{\"@type\":\"ListItem\",\"position\":4,\"name\":\"Funktionshindrade demonstrerar mot F\u00f6rs\u00e4kringskassan\"}]},{\"@type\":\"WebSite\",\"@id\":\"https:\/\/jag.se\/opinion\/#website\",\"url\":\"https:\/\/jag.se\/opinion\/\",\"name\":\"JAG Opinion\",\"description\":\"\",\"potentialAction\":[{\"@type\":\"SearchAction\",\"target\":{\"@type\":\"EntryPoint\",\"urlTemplate\":\"https:\/\/jag.se\/opinion\/?s={search_term_string}\"},\"query-input\":\"required name=search_term_string\"}],\"inLanguage\":\"sv-SE\"}]}<\/script>\n<!-- \/ Yoast SEO plugin. -->","yoast_head_json":{"title":"Funktionshindrade demonstrerar mot F\u00f6rs\u00e4kringskassan - JAG Opinion","robots":{"index":"index","follow":"follow","max-snippet":"max-snippet:-1","max-image-preview":"max-image-preview:large","max-video-preview":"max-video-preview:-1"},"canonical":"https:\/\/jag.se\/opinion\/pressreleases\/funktionshindrade-demonstrerar-mot-forsakringskassan\/","og_locale":"sv_SE","og_type":"article","og_title":"Funktionshindrade demonstrerar mot F\u00f6rs\u00e4kringskassan - JAG Opinion","og_description":"I morgon tisdag 24\/5 kl 14.00\u00a0anordnas en demonstration utanf\u00f6r F\u00f6rs\u00e4kringskassans huvudkontor vid Telefonplan i Stockholm. Demonstrationen \u00e4r en protest mot\u00a0att det f\u00f6rh\u00f6jda timbeloppet i assistansers\u00e4ttningen\u00a0till personer med funktionsneds\u00e4ttning fr\u00e5n och med oktober\u00a0ska redovisas varje m\u00e5nad ist\u00e4llet f\u00f6r halv\u00e5rsvis. \u2013\u00a0F\u00f6r\u00e4ndringen ses som rent administrativ av regeringen och myndigheterna. Men konsekvenserna blir att de s\u00e4tter lagen ur","og_url":"https:\/\/jag.se\/opinion\/pressreleases\/funktionshindrade-demonstrerar-mot-forsakringskassan\/","og_site_name":"JAG Opinion","og_image":[{"width":960,"height":540,"url":"https:\/\/jag.se\/opinion\/wp-content\/uploads\/sites\/3\/2016\/05\/9785fbbf26f88fc2_org-11.jpg","type":"image\/jpeg"}],"twitter_card":"summary_large_image","twitter_misc":{"Ber\u00e4knad l\u00e4stid":"1 minut"},"schema":{"@context":"https:\/\/schema.org","@graph":[{"@type":"WebPage","@id":"https:\/\/jag.se\/opinion\/pressreleases\/funktionshindrade-demonstrerar-mot-forsakringskassan\/","url":"https:\/\/jag.se\/opinion\/pressreleases\/funktionshindrade-demonstrerar-mot-forsakringskassan\/","name":"Funktionshindrade demonstrerar mot F\u00f6rs\u00e4kringskassan - JAG Opinion","isPartOf":{"@id":"https:\/\/jag.se\/opinion\/#website"},"datePublished":"2016-05-23T07:09:56+00:00","dateModified":"2016-05-23T07:09:56+00:00","breadcrumb":{"@id":"https:\/\/jag.se\/opinion\/pressreleases\/funktionshindrade-demonstrerar-mot-forsakringskassan\/#breadcrumb"},"inLanguage":"sv-SE","potentialAction":[{"@type":"ReadAction","target":["https:\/\/jag.se\/opinion\/pressreleases\/funktionshindrade-demonstrerar-mot-forsakringskassan\/"]}]},{"@type":"BreadcrumbList","@id":"https:\/\/jag.se\/opinion\/pressreleases\/funktionshindrade-demonstrerar-mot-forsakringskassan\/#breadcrumb","itemListElement":[{"@type":"ListItem","position":1,"name":"JAG start","item":"https:\/\/jag.se"},{"@type":"ListItem","position":2,"name":"Riksf\u00f6reningen JAG","item":"https:\/\/jag.se\/opinion\/"},{"@type":"ListItem","position":3,"name":"Pressmeddelanden","item":"https:\/\/jag.se\/opinion\/pressreleases\/"},{"@type":"ListItem","position":4,"name":"Funktionshindrade demonstrerar mot F\u00f6rs\u00e4kringskassan"}]},{"@type":"WebSite","@id":"https:\/\/jag.se\/opinion\/#website","url":"https:\/\/jag.se\/opinion\/","name":"JAG Opinion","description":"","potentialAction":[{"@type":"SearchAction","target":{"@type":"EntryPoint","urlTemplate":"https:\/\/jag.se\/opinion\/?s={search_term_string}"},"query-input":"required name=search_term_string"}],"inLanguage":"sv-SE"}]}},"_links":{"self":[{"href":"https:\/\/jag.se\/opinion\/wp-json\/wp\/v2\/pressreleases\/28075","targetHints":{"allow":["GET"]}}],"collection":[{"href":"https:\/\/jag.se\/opinion\/wp-json\/wp\/v2\/pressreleases"}],"about":[{"href":"https:\/\/jag.se\/opinion\/wp-json\/wp\/v2\/types\/pressreleases"}],"wp:featuredmedia":[{"embeddable":true,"href":"https:\/\/jag.se\/opinion\/wp-json\/wp\/v2\/media\/28076"}],"wp:attachment":[{"href":"https:\/\/jag.se\/opinion\/wp-json\/wp\/v2\/media?parent=28075"}],"curies":[{"name":"wp","href":"https:\/\/api.w.org\/{rel}","templated":true}]}}