{"id":28077,"date":"2016-04-06T10:25:06","date_gmt":"2016-04-06T08:25:06","guid":{"rendered":"https:\/\/jag.se\/opinion\/pressreleases\/cyniskt-och-grymt-agerande-fran-forsakringskassan\/"},"modified":"2016-04-06T10:25:06","modified_gmt":"2016-04-06T08:25:06","slug":"cyniskt-och-grymt-agerande-fran-forsakringskassan","status":"publish","type":"pressreleases","link":"https:\/\/jag.se\/opinion\/pressreleases\/cyniskt-och-grymt-agerande-fran-forsakringskassan\/","title":{"rendered":"\u200bCyniskt och grymt agerande fr\u00e5n F\u00f6rs\u00e4kringskassan"},"content":{"rendered":"<p>F\u00f6rs\u00e4kringskassan har p\u00e5 en direkt fr\u00e5ga fr\u00e5n F\u00f6reningen JAG svarat att de kommer att neka utbetalning av assistansers\u00e4ttning om den enskildes redovisning\u00a0kommer in f\u00f6r sent.<\/p>\n<p>Hittills har f\u00f6ljden av en f\u00f6rsenad redovisning\u00a0blivit en f\u00f6rdr\u00f6jning i utbetalningen av assistansers\u00e4ttningen. Det \u00e4r en k\u00e4nnbar men inte orimlig p\u00e5f\u00f6ljd. Sj\u00e4lvklart har assistansanv\u00e4ndaren efter en tid f\u00e5tt sin ers\u00e4ttning utbetalad och d\u00e4rmed kostnadst\u00e4ckning f\u00f6r den assistans som getts.<\/p>\n<p>N\u00e4r nu F\u00f6rs\u00e4kringskassan helt nekar utbetalning om redovisningen\u00a0inkommer f\u00f6r sent eller inte \u00e4r fullst\u00e4ndig f\u00e5r det mycket allvarliga f\u00f6ljder.<\/p>\n<p>\u2013 F\u00f6rs\u00e4kringskassans nya h\u00e5llning \u00e4r orimlig, s\u00e4ger Cecilia Blanck, verksamhetsansvarig p\u00e5 JAG.\u00a0Hoppas F\u00f6rs\u00e4kringskassan och regeringen kunna spara pengar genom att s\u00e4tta enskilda i om\u00f6jliga ekonomiska situationer?Det handlar om en insats som \u00e4r beviljad,\u00a0utf\u00f6rd och redovisad. De allra flesta assistansber\u00e4ttigade har ett avtal med sin anordnare som reglerar den assistansber\u00e4ttigades skyldighet att se till att det betalas pengar f\u00f6r assistansen fr\u00e5n ber\u00f6rd myndighet. Det inneb\u00e4r att F\u00f6rs\u00e4kringskassans nya till\u00e4mpning riskerar att drabba enskilda personer mycket h\u00e5rt ekonomiskt. F\u00f6r en enda m\u00e5nad kan det handla 200 000 kronor eller mer. F\u00f6rs\u00e4kringskassan kan inte ha ett system som inneb\u00e4r att en enskild bara p\u00e5 grund av tillf\u00e4lligheter eller f\u00f6rsenad postg\u00e5ng kan bli skyldig sin anordnare de summorna. Att F\u00f6rs\u00e4kringskassan med en axelryckning svarar att man skickar in handlingar \u201dp\u00e5 egen risk\u201d \u00e4r uppr\u00f6rande.<\/p>\n<p>F\u00f6rs\u00e4kringskassan har inga liknande best\u00e4mmelser f\u00f6r privatpersoner i andra delar av socialf\u00f6rs\u00e4kringen. VAB-dagar har man tv\u00e5 \u00e5r p\u00e5 sig att b\u00e5de anm\u00e4la och ans\u00f6ka om. Redan anm\u00e4lda VAB-dagar har man tio \u00e5r p\u00e5 sig att skicka in blanketten om. Som j\u00e4mf\u00f6relse kan ocks\u00e5 n\u00e4mnas att ett f\u00f6retag har tre \u00e5r p\u00e5 sig att fakturera en s\u00e5ld vara eller tj\u00e4nst innan fordran preskriberas.<\/p>\n<p>\u2013\u00a0Ut\u00e5t kommer F\u00f6rs\u00e4kringskassan f\u00f6rmodligen s\u00e4ga att det handlar om att \u201cf\u00e5 ordning p\u00e5 redovisningen\u201d, \u201cf\u00f6r att st\u00e4vja fusk\u201d eller \u201cs\u00e4kerst\u00e4lla att pengarna anv\u00e4nds till r\u00e4tt saker\u201d, men det \u00e4r i det h\u00e4r sammanhanget genomskinliga bortf\u00f6rklaringar. Sj\u00e4lvklart handlar det om att spara pengar. Dels genom att faktiskt inte betala ut assistansers\u00e4ttning om handlingarna kommer in f\u00f6r sent, dels genom att g\u00f6ra personlig assistans s\u00e5 kr\u00e5ngligt och riskabelt att de assistansber\u00e4ttigade m\u00e5ste v\u00e4lja andra insatser. Det \u00e4r ett cyniskt och grymt agerande som inte \u00e4r v\u00e4rdigt ett samh\u00e4lle som Sverige, s\u00e4ger Cecilia Blanck.<\/p>\n","protected":false},"featured_media":0,"template":"","class_list":["post-28077","pressreleases","type-pressreleases","status-publish","hentry"],"acf":[],"yoast_head":"<!-- This site is optimized with the Yoast SEO plugin v21.3 - https:\/\/yoast.com\/wordpress\/plugins\/seo\/ -->\n<title>\u200bCyniskt och grymt agerande fr\u00e5n F\u00f6rs\u00e4kringskassan - JAG Opinion<\/title>\n<meta name=\"robots\" content=\"index, follow, max-snippet:-1, max-image-preview:large, max-video-preview:-1\" \/>\n<link rel=\"canonical\" href=\"https:\/\/jag.se\/opinion\/pressreleases\/cyniskt-och-grymt-agerande-fran-forsakringskassan\/\" \/>\n<meta property=\"og:locale\" content=\"sv_SE\" \/>\n<meta property=\"og:type\" content=\"article\" \/>\n<meta property=\"og:title\" content=\"\u200bCyniskt och grymt agerande fr\u00e5n F\u00f6rs\u00e4kringskassan - JAG Opinion\" \/>\n<meta property=\"og:description\" content=\"F\u00f6rs\u00e4kringskassan har p\u00e5 en direkt fr\u00e5ga fr\u00e5n F\u00f6reningen JAG svarat att de kommer att neka utbetalning av assistansers\u00e4ttning om den enskildes redovisning\u00a0kommer in f\u00f6r sent. Hittills har f\u00f6ljden av en f\u00f6rsenad redovisning\u00a0blivit en f\u00f6rdr\u00f6jning i utbetalningen av assistansers\u00e4ttningen. Det \u00e4r en k\u00e4nnbar men inte orimlig p\u00e5f\u00f6ljd. Sj\u00e4lvklart har assistansanv\u00e4ndaren efter en tid f\u00e5tt sin ers\u00e4ttning\" \/>\n<meta property=\"og:url\" content=\"https:\/\/jag.se\/opinion\/pressreleases\/cyniskt-och-grymt-agerande-fran-forsakringskassan\/\" \/>\n<meta property=\"og:site_name\" content=\"JAG Opinion\" \/>\n<meta name=\"twitter:card\" content=\"summary_large_image\" \/>\n<meta name=\"twitter:label1\" content=\"Ber\u00e4knad l\u00e4stid\" \/>\n\t<meta name=\"twitter:data1\" content=\"2 minuter\" \/>\n<script type=\"application\/ld+json\" class=\"yoast-schema-graph\">{\"@context\":\"https:\/\/schema.org\",\"@graph\":[{\"@type\":\"WebPage\",\"@id\":\"https:\/\/jag.se\/opinion\/pressreleases\/cyniskt-och-grymt-agerande-fran-forsakringskassan\/\",\"url\":\"https:\/\/jag.se\/opinion\/pressreleases\/cyniskt-och-grymt-agerande-fran-forsakringskassan\/\",\"name\":\"\u200bCyniskt och grymt agerande fr\u00e5n F\u00f6rs\u00e4kringskassan - JAG Opinion\",\"isPartOf\":{\"@id\":\"https:\/\/jag.se\/opinion\/#website\"},\"datePublished\":\"2016-04-06T08:25:06+00:00\",\"dateModified\":\"2016-04-06T08:25:06+00:00\",\"breadcrumb\":{\"@id\":\"https:\/\/jag.se\/opinion\/pressreleases\/cyniskt-och-grymt-agerande-fran-forsakringskassan\/#breadcrumb\"},\"inLanguage\":\"sv-SE\",\"potentialAction\":[{\"@type\":\"ReadAction\",\"target\":[\"https:\/\/jag.se\/opinion\/pressreleases\/cyniskt-och-grymt-agerande-fran-forsakringskassan\/\"]}]},{\"@type\":\"BreadcrumbList\",\"@id\":\"https:\/\/jag.se\/opinion\/pressreleases\/cyniskt-och-grymt-agerande-fran-forsakringskassan\/#breadcrumb\",\"itemListElement\":[{\"@type\":\"ListItem\",\"position\":1,\"name\":\"JAG start\",\"item\":\"https:\/\/jag.se\"},{\"@type\":\"ListItem\",\"position\":2,\"name\":\"Riksf\u00f6reningen JAG\",\"item\":\"https:\/\/jag.se\/opinion\/\"},{\"@type\":\"ListItem\",\"position\":3,\"name\":\"Pressmeddelanden\",\"item\":\"https:\/\/jag.se\/opinion\/pressreleases\/\"},{\"@type\":\"ListItem\",\"position\":4,\"name\":\"\u200bCyniskt och grymt agerande fr\u00e5n F\u00f6rs\u00e4kringskassan\"}]},{\"@type\":\"WebSite\",\"@id\":\"https:\/\/jag.se\/opinion\/#website\",\"url\":\"https:\/\/jag.se\/opinion\/\",\"name\":\"JAG Opinion\",\"description\":\"\",\"potentialAction\":[{\"@type\":\"SearchAction\",\"target\":{\"@type\":\"EntryPoint\",\"urlTemplate\":\"https:\/\/jag.se\/opinion\/?s={search_term_string}\"},\"query-input\":\"required name=search_term_string\"}],\"inLanguage\":\"sv-SE\"}]}<\/script>\n<!-- \/ Yoast SEO plugin. -->","yoast_head_json":{"title":"\u200bCyniskt och grymt agerande fr\u00e5n F\u00f6rs\u00e4kringskassan - JAG Opinion","robots":{"index":"index","follow":"follow","max-snippet":"max-snippet:-1","max-image-preview":"max-image-preview:large","max-video-preview":"max-video-preview:-1"},"canonical":"https:\/\/jag.se\/opinion\/pressreleases\/cyniskt-och-grymt-agerande-fran-forsakringskassan\/","og_locale":"sv_SE","og_type":"article","og_title":"\u200bCyniskt och grymt agerande fr\u00e5n F\u00f6rs\u00e4kringskassan - JAG Opinion","og_description":"F\u00f6rs\u00e4kringskassan har p\u00e5 en direkt fr\u00e5ga fr\u00e5n F\u00f6reningen JAG svarat att de kommer att neka utbetalning av assistansers\u00e4ttning om den enskildes redovisning\u00a0kommer in f\u00f6r sent. Hittills har f\u00f6ljden av en f\u00f6rsenad redovisning\u00a0blivit en f\u00f6rdr\u00f6jning i utbetalningen av assistansers\u00e4ttningen. Det \u00e4r en k\u00e4nnbar men inte orimlig p\u00e5f\u00f6ljd. Sj\u00e4lvklart har assistansanv\u00e4ndaren efter en tid f\u00e5tt sin ers\u00e4ttning","og_url":"https:\/\/jag.se\/opinion\/pressreleases\/cyniskt-och-grymt-agerande-fran-forsakringskassan\/","og_site_name":"JAG Opinion","twitter_card":"summary_large_image","twitter_misc":{"Ber\u00e4knad l\u00e4stid":"2 minuter"},"schema":{"@context":"https:\/\/schema.org","@graph":[{"@type":"WebPage","@id":"https:\/\/jag.se\/opinion\/pressreleases\/cyniskt-och-grymt-agerande-fran-forsakringskassan\/","url":"https:\/\/jag.se\/opinion\/pressreleases\/cyniskt-och-grymt-agerande-fran-forsakringskassan\/","name":"\u200bCyniskt och grymt agerande fr\u00e5n F\u00f6rs\u00e4kringskassan - JAG Opinion","isPartOf":{"@id":"https:\/\/jag.se\/opinion\/#website"},"datePublished":"2016-04-06T08:25:06+00:00","dateModified":"2016-04-06T08:25:06+00:00","breadcrumb":{"@id":"https:\/\/jag.se\/opinion\/pressreleases\/cyniskt-och-grymt-agerande-fran-forsakringskassan\/#breadcrumb"},"inLanguage":"sv-SE","potentialAction":[{"@type":"ReadAction","target":["https:\/\/jag.se\/opinion\/pressreleases\/cyniskt-och-grymt-agerande-fran-forsakringskassan\/"]}]},{"@type":"BreadcrumbList","@id":"https:\/\/jag.se\/opinion\/pressreleases\/cyniskt-och-grymt-agerande-fran-forsakringskassan\/#breadcrumb","itemListElement":[{"@type":"ListItem","position":1,"name":"JAG start","item":"https:\/\/jag.se"},{"@type":"ListItem","position":2,"name":"Riksf\u00f6reningen JAG","item":"https:\/\/jag.se\/opinion\/"},{"@type":"ListItem","position":3,"name":"Pressmeddelanden","item":"https:\/\/jag.se\/opinion\/pressreleases\/"},{"@type":"ListItem","position":4,"name":"\u200bCyniskt och grymt agerande fr\u00e5n F\u00f6rs\u00e4kringskassan"}]},{"@type":"WebSite","@id":"https:\/\/jag.se\/opinion\/#website","url":"https:\/\/jag.se\/opinion\/","name":"JAG Opinion","description":"","potentialAction":[{"@type":"SearchAction","target":{"@type":"EntryPoint","urlTemplate":"https:\/\/jag.se\/opinion\/?s={search_term_string}"},"query-input":"required name=search_term_string"}],"inLanguage":"sv-SE"}]}},"_links":{"self":[{"href":"https:\/\/jag.se\/opinion\/wp-json\/wp\/v2\/pressreleases\/28077","targetHints":{"allow":["GET"]}}],"collection":[{"href":"https:\/\/jag.se\/opinion\/wp-json\/wp\/v2\/pressreleases"}],"about":[{"href":"https:\/\/jag.se\/opinion\/wp-json\/wp\/v2\/types\/pressreleases"}],"wp:attachment":[{"href":"https:\/\/jag.se\/opinion\/wp-json\/wp\/v2\/media?parent=28077"}],"curies":[{"name":"wp","href":"https:\/\/api.w.org\/{rel}","templated":true}]}}