{"id":28080,"date":"2015-12-11T08:33:00","date_gmt":"2015-12-11T07:33:00","guid":{"rendered":"https:\/\/jag.se\/opinion\/pressreleases\/personer-med-funktionsnedsattning-vill-bidra-till-ett-manskligare-samhalle\/"},"modified":"2015-12-11T08:33:00","modified_gmt":"2015-12-11T07:33:00","slug":"personer-med-funktionsnedsattning-vill-bidra-till-ett-manskligare-samhalle","status":"publish","type":"pressreleases","link":"https:\/\/jag.se\/opinion\/pressreleases\/personer-med-funktionsnedsattning-vill-bidra-till-ett-manskligare-samhalle\/","title":{"rendered":"Personer med funktionsneds\u00e4ttning vill bidra till ett m\u00e4nskligare samh\u00e4lle"},"content":{"rendered":"<p>F\u00f6reningen JAG\u00a0har f\u00e5tt st\u00f6d av Arvsfonden f\u00f6r ett 3-\u00e5rigt arbetsmarknadsprojekt f\u00f6r\u00a0personer med flera stora funktionsneds\u00e4ttningar och nedsatt intellektuell f\u00f6rm\u00e5ga. Projektet \u00e4r landsomfattande och fokuserar p\u00e5 att alla kan bidra p\u00e5 sitt s\u00e4tt, utifr\u00e5n sina f\u00f6ruts\u00e4ttningar.<\/p>\n<p>Meningsfullhet \u00e4r nyckelordet i det nya projektet.<\/p>\n<p>\u2013 Vi vill ocks\u00e5 bidra. Vi vill vara en del av ett sammanhang med andra vuxna, med olika funktionsvariationer. Vi vill arbeta\u00a0p\u00e5\u00a0vanliga arbetsplatser d\u00e4r det riktiga livet utspelar sig, s\u00e4ger medlemmarna i JAG som st\u00e5r bakom projektet.<\/p>\n<p>Projektet kommer att i\u00a0samarbete med olika f\u00f6retag, organisationer och kommuner f\u00f6r att\u00a0hitta och skapa praktikplatser f\u00f6r deltagarna, som alla har st\u00f6d av en\u00a0personlig assistent.\u00a0<\/p>\n<p>\u2013 Vi h\u00e5ller just nu p\u00e5 att leta efter lite\u00a0nyt\u00e4nkande\u00a0f\u00f6retag som vill\u00a0erbjuda praktikplats till projektdeltagarna, kanske som ett led i sitt h\u00e5llbarhetsarbete eller f\u00f6r att man inser att det kommer att gagna den egna verksamheten. Vi \u00e4r intresserad av alla slags arbetsuppgifter, det\u00a0kan vara i\u00a0butik, dagis, hundstall, vaktm\u00e4steri, f\u00f6rel\u00e4sningsuppdrag, tillg\u00e4nglighetskontroll och allt m\u00f6jligt annat. Det \u00e4r bara fantasin som s\u00e4tter gr\u00e4nser, s\u00e4ger Anette \u00c4rlerud, projektledare f\u00f6r det nya projektet som har f\u00e5tt namnet &#8221;Vi vill bidra&#8221;.<\/p>\n<p>I en f\u00e4rsk unders\u00f6kning av\u00a0svenska f\u00f6retags h\u00e5llbarhetsarbete\u00a0genomf\u00f6rd av Skop i september i \u00e5r\u00a0framg\u00e5r att endast\u00a017 procent av f\u00f6retagen erbjuder praktikplats \u00e5t personer med funktionsneds\u00e4ttningar eller som st\u00e5r utanf\u00f6r arbetsmarknaden.<\/p>\n<p>\u2013 Vi hoppas verkligen att vi ska kunna f\u00f6rb\u00e4ttra de siffrorna genom projektet och att det blir tydligt att alla m\u00e4nniskor\u00a0har n\u00e5got att bidra med.\u00a0Projektdeltagarna har massor att bidra med inom omr\u00e5den som m\u00e4nniskov\u00e4rde, tolerans och empati. P\u00e5 k\u00f6pet skapar vi ett mer inkluderande samh\u00e4lle, bryter barri\u00e4rer och g\u00f6r samh\u00e4llet lite m\u00e4nskligare, s\u00e4ger Anette \u00c4rlerud.<\/p>\n<p>F\u00f6r mer information, kontakta Anette \u00c4rlerud, tel 08-789 30 56.<\/p>\n","protected":false},"featured_media":0,"template":"","class_list":["post-28080","pressreleases","type-pressreleases","status-publish","hentry"],"acf":[],"yoast_head":"<!-- This site is optimized with the Yoast SEO plugin v21.3 - https:\/\/yoast.com\/wordpress\/plugins\/seo\/ -->\n<title>Personer med funktionsneds\u00e4ttning vill bidra till ett m\u00e4nskligare samh\u00e4lle - JAG Opinion<\/title>\n<meta name=\"robots\" content=\"index, follow, max-snippet:-1, max-image-preview:large, max-video-preview:-1\" \/>\n<link rel=\"canonical\" href=\"https:\/\/jag.se\/opinion\/pressreleases\/personer-med-funktionsnedsattning-vill-bidra-till-ett-manskligare-samhalle\/\" \/>\n<meta property=\"og:locale\" content=\"sv_SE\" \/>\n<meta property=\"og:type\" content=\"article\" \/>\n<meta property=\"og:title\" content=\"Personer med funktionsneds\u00e4ttning vill bidra till ett m\u00e4nskligare samh\u00e4lle - JAG Opinion\" \/>\n<meta property=\"og:description\" content=\"F\u00f6reningen JAG\u00a0har f\u00e5tt st\u00f6d av Arvsfonden f\u00f6r ett 3-\u00e5rigt arbetsmarknadsprojekt f\u00f6r\u00a0personer med flera stora funktionsneds\u00e4ttningar och nedsatt intellektuell f\u00f6rm\u00e5ga. Projektet \u00e4r landsomfattande och fokuserar p\u00e5 att alla kan bidra p\u00e5 sitt s\u00e4tt, utifr\u00e5n sina f\u00f6ruts\u00e4ttningar. Meningsfullhet \u00e4r nyckelordet i det nya projektet. \u2013 Vi vill ocks\u00e5 bidra. Vi vill vara en del av ett sammanhang\" \/>\n<meta property=\"og:url\" content=\"https:\/\/jag.se\/opinion\/pressreleases\/personer-med-funktionsnedsattning-vill-bidra-till-ett-manskligare-samhalle\/\" \/>\n<meta property=\"og:site_name\" content=\"JAG Opinion\" \/>\n<meta name=\"twitter:card\" content=\"summary_large_image\" \/>\n<meta name=\"twitter:label1\" content=\"Ber\u00e4knad l\u00e4stid\" \/>\n\t<meta name=\"twitter:data1\" content=\"2 minuter\" \/>\n<script type=\"application\/ld+json\" class=\"yoast-schema-graph\">{\"@context\":\"https:\/\/schema.org\",\"@graph\":[{\"@type\":\"WebPage\",\"@id\":\"https:\/\/jag.se\/opinion\/pressreleases\/personer-med-funktionsnedsattning-vill-bidra-till-ett-manskligare-samhalle\/\",\"url\":\"https:\/\/jag.se\/opinion\/pressreleases\/personer-med-funktionsnedsattning-vill-bidra-till-ett-manskligare-samhalle\/\",\"name\":\"Personer med funktionsneds\u00e4ttning vill bidra till ett m\u00e4nskligare samh\u00e4lle - JAG Opinion\",\"isPartOf\":{\"@id\":\"https:\/\/jag.se\/opinion\/#website\"},\"datePublished\":\"2015-12-11T07:33:00+00:00\",\"dateModified\":\"2015-12-11T07:33:00+00:00\",\"breadcrumb\":{\"@id\":\"https:\/\/jag.se\/opinion\/pressreleases\/personer-med-funktionsnedsattning-vill-bidra-till-ett-manskligare-samhalle\/#breadcrumb\"},\"inLanguage\":\"sv-SE\",\"potentialAction\":[{\"@type\":\"ReadAction\",\"target\":[\"https:\/\/jag.se\/opinion\/pressreleases\/personer-med-funktionsnedsattning-vill-bidra-till-ett-manskligare-samhalle\/\"]}]},{\"@type\":\"BreadcrumbList\",\"@id\":\"https:\/\/jag.se\/opinion\/pressreleases\/personer-med-funktionsnedsattning-vill-bidra-till-ett-manskligare-samhalle\/#breadcrumb\",\"itemListElement\":[{\"@type\":\"ListItem\",\"position\":1,\"name\":\"JAG start\",\"item\":\"https:\/\/jag.se\"},{\"@type\":\"ListItem\",\"position\":2,\"name\":\"Riksf\u00f6reningen JAG\",\"item\":\"https:\/\/jag.se\/opinion\/\"},{\"@type\":\"ListItem\",\"position\":3,\"name\":\"Pressmeddelanden\",\"item\":\"https:\/\/jag.se\/opinion\/pressreleases\/\"},{\"@type\":\"ListItem\",\"position\":4,\"name\":\"Personer med funktionsneds\u00e4ttning vill bidra till ett m\u00e4nskligare samh\u00e4lle\"}]},{\"@type\":\"WebSite\",\"@id\":\"https:\/\/jag.se\/opinion\/#website\",\"url\":\"https:\/\/jag.se\/opinion\/\",\"name\":\"JAG Opinion\",\"description\":\"\",\"potentialAction\":[{\"@type\":\"SearchAction\",\"target\":{\"@type\":\"EntryPoint\",\"urlTemplate\":\"https:\/\/jag.se\/opinion\/?s={search_term_string}\"},\"query-input\":\"required name=search_term_string\"}],\"inLanguage\":\"sv-SE\"}]}<\/script>\n<!-- \/ Yoast SEO plugin. -->","yoast_head_json":{"title":"Personer med funktionsneds\u00e4ttning vill bidra till ett m\u00e4nskligare samh\u00e4lle - JAG Opinion","robots":{"index":"index","follow":"follow","max-snippet":"max-snippet:-1","max-image-preview":"max-image-preview:large","max-video-preview":"max-video-preview:-1"},"canonical":"https:\/\/jag.se\/opinion\/pressreleases\/personer-med-funktionsnedsattning-vill-bidra-till-ett-manskligare-samhalle\/","og_locale":"sv_SE","og_type":"article","og_title":"Personer med funktionsneds\u00e4ttning vill bidra till ett m\u00e4nskligare samh\u00e4lle - JAG Opinion","og_description":"F\u00f6reningen JAG\u00a0har f\u00e5tt st\u00f6d av Arvsfonden f\u00f6r ett 3-\u00e5rigt arbetsmarknadsprojekt f\u00f6r\u00a0personer med flera stora funktionsneds\u00e4ttningar och nedsatt intellektuell f\u00f6rm\u00e5ga. Projektet \u00e4r landsomfattande och fokuserar p\u00e5 att alla kan bidra p\u00e5 sitt s\u00e4tt, utifr\u00e5n sina f\u00f6ruts\u00e4ttningar. Meningsfullhet \u00e4r nyckelordet i det nya projektet. \u2013 Vi vill ocks\u00e5 bidra. Vi vill vara en del av ett sammanhang","og_url":"https:\/\/jag.se\/opinion\/pressreleases\/personer-med-funktionsnedsattning-vill-bidra-till-ett-manskligare-samhalle\/","og_site_name":"JAG Opinion","twitter_card":"summary_large_image","twitter_misc":{"Ber\u00e4knad l\u00e4stid":"2 minuter"},"schema":{"@context":"https:\/\/schema.org","@graph":[{"@type":"WebPage","@id":"https:\/\/jag.se\/opinion\/pressreleases\/personer-med-funktionsnedsattning-vill-bidra-till-ett-manskligare-samhalle\/","url":"https:\/\/jag.se\/opinion\/pressreleases\/personer-med-funktionsnedsattning-vill-bidra-till-ett-manskligare-samhalle\/","name":"Personer med funktionsneds\u00e4ttning vill bidra till ett m\u00e4nskligare samh\u00e4lle - JAG Opinion","isPartOf":{"@id":"https:\/\/jag.se\/opinion\/#website"},"datePublished":"2015-12-11T07:33:00+00:00","dateModified":"2015-12-11T07:33:00+00:00","breadcrumb":{"@id":"https:\/\/jag.se\/opinion\/pressreleases\/personer-med-funktionsnedsattning-vill-bidra-till-ett-manskligare-samhalle\/#breadcrumb"},"inLanguage":"sv-SE","potentialAction":[{"@type":"ReadAction","target":["https:\/\/jag.se\/opinion\/pressreleases\/personer-med-funktionsnedsattning-vill-bidra-till-ett-manskligare-samhalle\/"]}]},{"@type":"BreadcrumbList","@id":"https:\/\/jag.se\/opinion\/pressreleases\/personer-med-funktionsnedsattning-vill-bidra-till-ett-manskligare-samhalle\/#breadcrumb","itemListElement":[{"@type":"ListItem","position":1,"name":"JAG start","item":"https:\/\/jag.se"},{"@type":"ListItem","position":2,"name":"Riksf\u00f6reningen JAG","item":"https:\/\/jag.se\/opinion\/"},{"@type":"ListItem","position":3,"name":"Pressmeddelanden","item":"https:\/\/jag.se\/opinion\/pressreleases\/"},{"@type":"ListItem","position":4,"name":"Personer med funktionsneds\u00e4ttning vill bidra till ett m\u00e4nskligare samh\u00e4lle"}]},{"@type":"WebSite","@id":"https:\/\/jag.se\/opinion\/#website","url":"https:\/\/jag.se\/opinion\/","name":"JAG Opinion","description":"","potentialAction":[{"@type":"SearchAction","target":{"@type":"EntryPoint","urlTemplate":"https:\/\/jag.se\/opinion\/?s={search_term_string}"},"query-input":"required name=search_term_string"}],"inLanguage":"sv-SE"}]}},"_links":{"self":[{"href":"https:\/\/jag.se\/opinion\/wp-json\/wp\/v2\/pressreleases\/28080","targetHints":{"allow":["GET"]}}],"collection":[{"href":"https:\/\/jag.se\/opinion\/wp-json\/wp\/v2\/pressreleases"}],"about":[{"href":"https:\/\/jag.se\/opinion\/wp-json\/wp\/v2\/types\/pressreleases"}],"wp:attachment":[{"href":"https:\/\/jag.se\/opinion\/wp-json\/wp\/v2\/media?parent=28080"}],"curies":[{"name":"wp","href":"https:\/\/api.w.org\/{rel}","templated":true}]}}