{"id":28082,"date":"2015-10-19T10:03:00","date_gmt":"2015-10-19T08:03:00","guid":{"rendered":"https:\/\/jag.se\/opinion\/pressreleases\/svenskar-okar-kunskapen-om-personlig-assistans-i-finland\/"},"modified":"2015-10-19T10:03:00","modified_gmt":"2015-10-19T08:03:00","slug":"svenskar-okar-kunskapen-om-personlig-assistans-i-finland","status":"publish","type":"pressreleases","link":"https:\/\/jag.se\/opinion\/pressreleases\/svenskar-okar-kunskapen-om-personlig-assistans-i-finland\/","title":{"rendered":"Svenskar \u00f6kar kunskapen om personlig assistans i Finland"},"content":{"rendered":"<p>Imorgon tisdag 20 oktober ordnas\u00a0en halvdagskonferens i Esbo utanf\u00f6r Helsingfors om personlig assistans f\u00f6r personer med intellektuella funktionsneds\u00e4ttningar. Konferensen \u00e4r ett initiativ av medlemmar i svenska F\u00f6reningen JAG f\u00f6r att st\u00f6tta systerf\u00f6reningen i Finland.\u00a0P\u00e5 konferensen medverkar bland andra\u00a0svenske riksdagsledamoten Bengt Eliasson (FP),\u00a0Anna-Maja Henriksson, (sfp) tidigare\u00a0finsk justitieminister samt Maarit Aalto, Nordens v\u00e4lf\u00e4rdscenter.<\/p>\n<p>M\u00e5let med konferensen \u00e4r att visa f\u00f6retr\u00e4dare, politiker och media i Finland m\u00f6jligheterna med personlig assistans och den skillnad det inneb\u00e4r j\u00e4mf\u00f6rt med institution.<\/p>\n<p>Svenska\u00a0F\u00f6reningen JAG har sedan fem \u00e5r tillbaka en systerf\u00f6rening bland svenskspr\u00e5kiga i Finland. Det \u00e4r en grupp personer med flera funktionsneds\u00e4ttningar och intellektuella neds\u00e4ttningar som k\u00e4mpar f\u00f6r att f\u00e5 tillg\u00e5ng till personlig assistans.\u00a0En pilotverksamhet har ocks\u00e5 startats\u00a0i Helsingfors med medlemmar i finska F\u00f6reningen JAG som har f\u00e5tt personlig assistans f\u00f6r delar av sitt behov.<\/p>\n<p>\u2013\u00a0Finland har en handikappservicelag som visserligen ger viss m\u00f6jlighet till assistans, men det \u00e4r helt upp till hemkommunens goda vilja. Inst\u00e4llningen \u00e4r konservativ och motst\u00e5ndet starkt bland socialarbetare och beslutsfattare. Det &#8221;sj\u00e4lvklara&#8221; valet\u00a0n\u00e4r det g\u00e4ller insatser f\u00f6r personer med intellektuella funktionsneds\u00e4ttningar \u00e4r tyv\u00e4rr\u00a0fortfarande de gamla \u201danstalterna\u201d eller nyare \u201dhandikappbost\u00e4der\u201d med 20 boende i samma enhet, eller gratisarbetande f\u00f6r\u00e4ldrar st\u00f6rre delen av dygnet \u2013 det vill s\u00e4ga samma l\u00e4ge som i\u00a0Sverige f\u00f6r 30 \u00e5r sedan, s\u00e4ger Peggy Facken, verksamhetsansvarig p\u00e5 JAG Assistans\u00a0i Finland.<\/p>\n<p>Konferensen startar tisdag 20\/10 kl 15 p\u00e5 Keilaranta 1\u00a0i Esbo.<\/p>\n<p>Kontaktperson: Peggy Facken, tel: +358 45 6102 521, e-post: peggy.falcken@jagassistans.fi<\/p>\n","protected":false},"featured_media":0,"template":"","class_list":["post-28082","pressreleases","type-pressreleases","status-publish","hentry"],"acf":[],"yoast_head":"<!-- This site is optimized with the Yoast SEO plugin v21.3 - https:\/\/yoast.com\/wordpress\/plugins\/seo\/ -->\n<title>Svenskar \u00f6kar kunskapen om personlig assistans i Finland - JAG Opinion<\/title>\n<meta name=\"robots\" content=\"index, follow, max-snippet:-1, max-image-preview:large, max-video-preview:-1\" \/>\n<link rel=\"canonical\" href=\"https:\/\/jag.se\/opinion\/pressreleases\/svenskar-okar-kunskapen-om-personlig-assistans-i-finland\/\" \/>\n<meta property=\"og:locale\" content=\"sv_SE\" \/>\n<meta property=\"og:type\" content=\"article\" \/>\n<meta property=\"og:title\" content=\"Svenskar \u00f6kar kunskapen om personlig assistans i Finland - JAG Opinion\" \/>\n<meta property=\"og:description\" content=\"Imorgon tisdag 20 oktober ordnas\u00a0en halvdagskonferens i Esbo utanf\u00f6r Helsingfors om personlig assistans f\u00f6r personer med intellektuella funktionsneds\u00e4ttningar. Konferensen \u00e4r ett initiativ av medlemmar i svenska F\u00f6reningen JAG f\u00f6r att st\u00f6tta systerf\u00f6reningen i Finland.\u00a0P\u00e5 konferensen medverkar bland andra\u00a0svenske riksdagsledamoten Bengt Eliasson (FP),\u00a0Anna-Maja Henriksson, (sfp) tidigare\u00a0finsk justitieminister samt Maarit Aalto, Nordens v\u00e4lf\u00e4rdscenter. M\u00e5let med konferensen \u00e4r\" \/>\n<meta property=\"og:url\" content=\"https:\/\/jag.se\/opinion\/pressreleases\/svenskar-okar-kunskapen-om-personlig-assistans-i-finland\/\" \/>\n<meta property=\"og:site_name\" content=\"JAG Opinion\" \/>\n<meta name=\"twitter:card\" content=\"summary_large_image\" \/>\n<meta name=\"twitter:label1\" content=\"Ber\u00e4knad l\u00e4stid\" \/>\n\t<meta name=\"twitter:data1\" content=\"1 minut\" \/>\n<script type=\"application\/ld+json\" class=\"yoast-schema-graph\">{\"@context\":\"https:\/\/schema.org\",\"@graph\":[{\"@type\":\"WebPage\",\"@id\":\"https:\/\/jag.se\/opinion\/pressreleases\/svenskar-okar-kunskapen-om-personlig-assistans-i-finland\/\",\"url\":\"https:\/\/jag.se\/opinion\/pressreleases\/svenskar-okar-kunskapen-om-personlig-assistans-i-finland\/\",\"name\":\"Svenskar \u00f6kar kunskapen om personlig assistans i Finland - JAG Opinion\",\"isPartOf\":{\"@id\":\"https:\/\/jag.se\/opinion\/#website\"},\"datePublished\":\"2015-10-19T08:03:00+00:00\",\"dateModified\":\"2015-10-19T08:03:00+00:00\",\"breadcrumb\":{\"@id\":\"https:\/\/jag.se\/opinion\/pressreleases\/svenskar-okar-kunskapen-om-personlig-assistans-i-finland\/#breadcrumb\"},\"inLanguage\":\"sv-SE\",\"potentialAction\":[{\"@type\":\"ReadAction\",\"target\":[\"https:\/\/jag.se\/opinion\/pressreleases\/svenskar-okar-kunskapen-om-personlig-assistans-i-finland\/\"]}]},{\"@type\":\"BreadcrumbList\",\"@id\":\"https:\/\/jag.se\/opinion\/pressreleases\/svenskar-okar-kunskapen-om-personlig-assistans-i-finland\/#breadcrumb\",\"itemListElement\":[{\"@type\":\"ListItem\",\"position\":1,\"name\":\"JAG start\",\"item\":\"https:\/\/jag.se\"},{\"@type\":\"ListItem\",\"position\":2,\"name\":\"Riksf\u00f6reningen JAG\",\"item\":\"https:\/\/jag.se\/opinion\/\"},{\"@type\":\"ListItem\",\"position\":3,\"name\":\"Pressmeddelanden\",\"item\":\"https:\/\/jag.se\/opinion\/pressreleases\/\"},{\"@type\":\"ListItem\",\"position\":4,\"name\":\"Svenskar \u00f6kar kunskapen om personlig assistans i Finland\"}]},{\"@type\":\"WebSite\",\"@id\":\"https:\/\/jag.se\/opinion\/#website\",\"url\":\"https:\/\/jag.se\/opinion\/\",\"name\":\"JAG Opinion\",\"description\":\"\",\"potentialAction\":[{\"@type\":\"SearchAction\",\"target\":{\"@type\":\"EntryPoint\",\"urlTemplate\":\"https:\/\/jag.se\/opinion\/?s={search_term_string}\"},\"query-input\":\"required name=search_term_string\"}],\"inLanguage\":\"sv-SE\"}]}<\/script>\n<!-- \/ Yoast SEO plugin. -->","yoast_head_json":{"title":"Svenskar \u00f6kar kunskapen om personlig assistans i Finland - JAG Opinion","robots":{"index":"index","follow":"follow","max-snippet":"max-snippet:-1","max-image-preview":"max-image-preview:large","max-video-preview":"max-video-preview:-1"},"canonical":"https:\/\/jag.se\/opinion\/pressreleases\/svenskar-okar-kunskapen-om-personlig-assistans-i-finland\/","og_locale":"sv_SE","og_type":"article","og_title":"Svenskar \u00f6kar kunskapen om personlig assistans i Finland - JAG Opinion","og_description":"Imorgon tisdag 20 oktober ordnas\u00a0en halvdagskonferens i Esbo utanf\u00f6r Helsingfors om personlig assistans f\u00f6r personer med intellektuella funktionsneds\u00e4ttningar. Konferensen \u00e4r ett initiativ av medlemmar i svenska F\u00f6reningen JAG f\u00f6r att st\u00f6tta systerf\u00f6reningen i Finland.\u00a0P\u00e5 konferensen medverkar bland andra\u00a0svenske riksdagsledamoten Bengt Eliasson (FP),\u00a0Anna-Maja Henriksson, (sfp) tidigare\u00a0finsk justitieminister samt Maarit Aalto, Nordens v\u00e4lf\u00e4rdscenter. M\u00e5let med konferensen \u00e4r","og_url":"https:\/\/jag.se\/opinion\/pressreleases\/svenskar-okar-kunskapen-om-personlig-assistans-i-finland\/","og_site_name":"JAG Opinion","twitter_card":"summary_large_image","twitter_misc":{"Ber\u00e4knad l\u00e4stid":"1 minut"},"schema":{"@context":"https:\/\/schema.org","@graph":[{"@type":"WebPage","@id":"https:\/\/jag.se\/opinion\/pressreleases\/svenskar-okar-kunskapen-om-personlig-assistans-i-finland\/","url":"https:\/\/jag.se\/opinion\/pressreleases\/svenskar-okar-kunskapen-om-personlig-assistans-i-finland\/","name":"Svenskar \u00f6kar kunskapen om personlig assistans i Finland - JAG Opinion","isPartOf":{"@id":"https:\/\/jag.se\/opinion\/#website"},"datePublished":"2015-10-19T08:03:00+00:00","dateModified":"2015-10-19T08:03:00+00:00","breadcrumb":{"@id":"https:\/\/jag.se\/opinion\/pressreleases\/svenskar-okar-kunskapen-om-personlig-assistans-i-finland\/#breadcrumb"},"inLanguage":"sv-SE","potentialAction":[{"@type":"ReadAction","target":["https:\/\/jag.se\/opinion\/pressreleases\/svenskar-okar-kunskapen-om-personlig-assistans-i-finland\/"]}]},{"@type":"BreadcrumbList","@id":"https:\/\/jag.se\/opinion\/pressreleases\/svenskar-okar-kunskapen-om-personlig-assistans-i-finland\/#breadcrumb","itemListElement":[{"@type":"ListItem","position":1,"name":"JAG start","item":"https:\/\/jag.se"},{"@type":"ListItem","position":2,"name":"Riksf\u00f6reningen JAG","item":"https:\/\/jag.se\/opinion\/"},{"@type":"ListItem","position":3,"name":"Pressmeddelanden","item":"https:\/\/jag.se\/opinion\/pressreleases\/"},{"@type":"ListItem","position":4,"name":"Svenskar \u00f6kar kunskapen om personlig assistans i Finland"}]},{"@type":"WebSite","@id":"https:\/\/jag.se\/opinion\/#website","url":"https:\/\/jag.se\/opinion\/","name":"JAG Opinion","description":"","potentialAction":[{"@type":"SearchAction","target":{"@type":"EntryPoint","urlTemplate":"https:\/\/jag.se\/opinion\/?s={search_term_string}"},"query-input":"required name=search_term_string"}],"inLanguage":"sv-SE"}]}},"_links":{"self":[{"href":"https:\/\/jag.se\/opinion\/wp-json\/wp\/v2\/pressreleases\/28082","targetHints":{"allow":["GET"]}}],"collection":[{"href":"https:\/\/jag.se\/opinion\/wp-json\/wp\/v2\/pressreleases"}],"about":[{"href":"https:\/\/jag.se\/opinion\/wp-json\/wp\/v2\/types\/pressreleases"}],"wp:attachment":[{"href":"https:\/\/jag.se\/opinion\/wp-json\/wp\/v2\/media?parent=28082"}],"curies":[{"name":"wp","href":"https:\/\/api.w.org\/{rel}","templated":true}]}}