{"id":28083,"date":"2015-09-28T04:41:00","date_gmt":"2015-09-28T02:41:00","guid":{"rendered":"https:\/\/jag.se\/opinion\/pressreleases\/jag-medlemmar-deltar-i-europeisk-frihetsmarsch\/"},"modified":"2015-09-28T04:41:00","modified_gmt":"2015-09-28T02:41:00","slug":"jag-medlemmar-deltar-i-europeisk-frihetsmarsch","status":"publish","type":"pressreleases","link":"https:\/\/jag.se\/opinion\/pressreleases\/jag-medlemmar-deltar-i-europeisk-frihetsmarsch\/","title":{"rendered":"JAG-medlemmar deltar i europeisk frihetsmarsch"},"content":{"rendered":"<p>\u00a0Den 29\/9\u20131\/10 arrangerar den europeiska Independent Living-r\u00f6relsen en frihetsmarsch i Bryssel; Freedom Drive. F\u00f6rutom marschen kommer det att anordnas m\u00f6ten och seminarier i Bryssel som fokuserar p\u00e5 r\u00e4ttigheter f\u00f6r personer med funktionsneds\u00e4ttningar. Omkring 400 personer fr\u00e5n hela Europa ber\u00e4knas delta.<\/p>\n<p>Av dessa \u00e4r omkring 50 personer svenskar. De flesta \u00e4r medlemmar i F\u00f6reningen JAG, J\u00e4mlikhet, Assistans och Gemenskap, en ideell riksf\u00f6rening f\u00f6r personer med flera omfattande funktionsneds\u00e4ttningar varav en avser den intellektuella f\u00f6rm\u00e5gan.<\/p>\n<p>JAG-medlemmarnas budskap till de svenska EU-parlamentarikerna \u00e4r tydligt:<\/p>\n<p>\u2013 Svenska politiker ska vara stolta \u00f6ver assistansreformen. Den g\u00f6r det m\u00f6jligt att leva som andra i samh\u00e4llet fast man har stora funktionsneds\u00e4ttningar. Vi vill att de ska hj\u00e4lpa oss att ber\u00e4tta att med personlig assistans beh\u00f6ver man inte bo p\u00e5 institution!<\/p>\n","protected":false},"featured_media":28084,"template":"","class_list":["post-28083","pressreleases","type-pressreleases","status-publish","has-post-thumbnail","hentry"],"acf":[],"yoast_head":"<!-- This site is optimized with the Yoast SEO plugin v21.3 - https:\/\/yoast.com\/wordpress\/plugins\/seo\/ -->\n<title>JAG-medlemmar deltar i europeisk frihetsmarsch - JAG Opinion<\/title>\n<meta name=\"robots\" content=\"index, follow, max-snippet:-1, max-image-preview:large, max-video-preview:-1\" \/>\n<link rel=\"canonical\" href=\"https:\/\/jag.se\/opinion\/pressreleases\/jag-medlemmar-deltar-i-europeisk-frihetsmarsch\/\" \/>\n<meta property=\"og:locale\" content=\"sv_SE\" \/>\n<meta property=\"og:type\" content=\"article\" \/>\n<meta property=\"og:title\" content=\"JAG-medlemmar deltar i europeisk frihetsmarsch - JAG Opinion\" \/>\n<meta property=\"og:description\" content=\"\u00a0Den 29\/9\u20131\/10 arrangerar den europeiska Independent Living-r\u00f6relsen en frihetsmarsch i Bryssel; Freedom Drive. F\u00f6rutom marschen kommer det att anordnas m\u00f6ten och seminarier i Bryssel som fokuserar p\u00e5 r\u00e4ttigheter f\u00f6r personer med funktionsneds\u00e4ttningar. Omkring 400 personer fr\u00e5n hela Europa ber\u00e4knas delta. Av dessa \u00e4r omkring 50 personer svenskar. De flesta \u00e4r medlemmar i F\u00f6reningen JAG, J\u00e4mlikhet,\" \/>\n<meta property=\"og:url\" content=\"https:\/\/jag.se\/opinion\/pressreleases\/jag-medlemmar-deltar-i-europeisk-frihetsmarsch\/\" \/>\n<meta property=\"og:site_name\" content=\"JAG Opinion\" \/>\n<meta property=\"og:image\" content=\"https:\/\/jag.se\/opinion\/wp-content\/uploads\/sites\/3\/2015\/09\/9583c7f0d51ce8ef_org-13-scaled.jpg\" \/>\n\t<meta property=\"og:image:width\" content=\"2560\" \/>\n\t<meta property=\"og:image:height\" content=\"1703\" \/>\n\t<meta property=\"og:image:type\" content=\"image\/jpeg\" \/>\n<meta name=\"twitter:card\" content=\"summary_large_image\" \/>\n<meta name=\"twitter:label1\" content=\"Ber\u00e4knad l\u00e4stid\" \/>\n\t<meta name=\"twitter:data1\" content=\"1 minut\" \/>\n<script type=\"application\/ld+json\" class=\"yoast-schema-graph\">{\"@context\":\"https:\/\/schema.org\",\"@graph\":[{\"@type\":\"WebPage\",\"@id\":\"https:\/\/jag.se\/opinion\/pressreleases\/jag-medlemmar-deltar-i-europeisk-frihetsmarsch\/\",\"url\":\"https:\/\/jag.se\/opinion\/pressreleases\/jag-medlemmar-deltar-i-europeisk-frihetsmarsch\/\",\"name\":\"JAG-medlemmar deltar i europeisk frihetsmarsch - JAG Opinion\",\"isPartOf\":{\"@id\":\"https:\/\/jag.se\/opinion\/#website\"},\"datePublished\":\"2015-09-28T02:41:00+00:00\",\"dateModified\":\"2015-09-28T02:41:00+00:00\",\"breadcrumb\":{\"@id\":\"https:\/\/jag.se\/opinion\/pressreleases\/jag-medlemmar-deltar-i-europeisk-frihetsmarsch\/#breadcrumb\"},\"inLanguage\":\"sv-SE\",\"potentialAction\":[{\"@type\":\"ReadAction\",\"target\":[\"https:\/\/jag.se\/opinion\/pressreleases\/jag-medlemmar-deltar-i-europeisk-frihetsmarsch\/\"]}]},{\"@type\":\"BreadcrumbList\",\"@id\":\"https:\/\/jag.se\/opinion\/pressreleases\/jag-medlemmar-deltar-i-europeisk-frihetsmarsch\/#breadcrumb\",\"itemListElement\":[{\"@type\":\"ListItem\",\"position\":1,\"name\":\"JAG start\",\"item\":\"https:\/\/jag.se\"},{\"@type\":\"ListItem\",\"position\":2,\"name\":\"Riksf\u00f6reningen JAG\",\"item\":\"https:\/\/jag.se\/opinion\/\"},{\"@type\":\"ListItem\",\"position\":3,\"name\":\"Pressmeddelanden\",\"item\":\"https:\/\/jag.se\/opinion\/pressreleases\/\"},{\"@type\":\"ListItem\",\"position\":4,\"name\":\"JAG-medlemmar deltar i europeisk frihetsmarsch\"}]},{\"@type\":\"WebSite\",\"@id\":\"https:\/\/jag.se\/opinion\/#website\",\"url\":\"https:\/\/jag.se\/opinion\/\",\"name\":\"JAG Opinion\",\"description\":\"\",\"potentialAction\":[{\"@type\":\"SearchAction\",\"target\":{\"@type\":\"EntryPoint\",\"urlTemplate\":\"https:\/\/jag.se\/opinion\/?s={search_term_string}\"},\"query-input\":\"required name=search_term_string\"}],\"inLanguage\":\"sv-SE\"}]}<\/script>\n<!-- \/ Yoast SEO plugin. -->","yoast_head_json":{"title":"JAG-medlemmar deltar i europeisk frihetsmarsch - JAG Opinion","robots":{"index":"index","follow":"follow","max-snippet":"max-snippet:-1","max-image-preview":"max-image-preview:large","max-video-preview":"max-video-preview:-1"},"canonical":"https:\/\/jag.se\/opinion\/pressreleases\/jag-medlemmar-deltar-i-europeisk-frihetsmarsch\/","og_locale":"sv_SE","og_type":"article","og_title":"JAG-medlemmar deltar i europeisk frihetsmarsch - JAG Opinion","og_description":"\u00a0Den 29\/9\u20131\/10 arrangerar den europeiska Independent Living-r\u00f6relsen en frihetsmarsch i Bryssel; Freedom Drive. F\u00f6rutom marschen kommer det att anordnas m\u00f6ten och seminarier i Bryssel som fokuserar p\u00e5 r\u00e4ttigheter f\u00f6r personer med funktionsneds\u00e4ttningar. Omkring 400 personer fr\u00e5n hela Europa ber\u00e4knas delta. Av dessa \u00e4r omkring 50 personer svenskar. De flesta \u00e4r medlemmar i F\u00f6reningen JAG, J\u00e4mlikhet,","og_url":"https:\/\/jag.se\/opinion\/pressreleases\/jag-medlemmar-deltar-i-europeisk-frihetsmarsch\/","og_site_name":"JAG Opinion","og_image":[{"width":2560,"height":1703,"url":"https:\/\/jag.se\/opinion\/wp-content\/uploads\/sites\/3\/2015\/09\/9583c7f0d51ce8ef_org-13-scaled.jpg","type":"image\/jpeg"}],"twitter_card":"summary_large_image","twitter_misc":{"Ber\u00e4knad l\u00e4stid":"1 minut"},"schema":{"@context":"https:\/\/schema.org","@graph":[{"@type":"WebPage","@id":"https:\/\/jag.se\/opinion\/pressreleases\/jag-medlemmar-deltar-i-europeisk-frihetsmarsch\/","url":"https:\/\/jag.se\/opinion\/pressreleases\/jag-medlemmar-deltar-i-europeisk-frihetsmarsch\/","name":"JAG-medlemmar deltar i europeisk frihetsmarsch - JAG Opinion","isPartOf":{"@id":"https:\/\/jag.se\/opinion\/#website"},"datePublished":"2015-09-28T02:41:00+00:00","dateModified":"2015-09-28T02:41:00+00:00","breadcrumb":{"@id":"https:\/\/jag.se\/opinion\/pressreleases\/jag-medlemmar-deltar-i-europeisk-frihetsmarsch\/#breadcrumb"},"inLanguage":"sv-SE","potentialAction":[{"@type":"ReadAction","target":["https:\/\/jag.se\/opinion\/pressreleases\/jag-medlemmar-deltar-i-europeisk-frihetsmarsch\/"]}]},{"@type":"BreadcrumbList","@id":"https:\/\/jag.se\/opinion\/pressreleases\/jag-medlemmar-deltar-i-europeisk-frihetsmarsch\/#breadcrumb","itemListElement":[{"@type":"ListItem","position":1,"name":"JAG start","item":"https:\/\/jag.se"},{"@type":"ListItem","position":2,"name":"Riksf\u00f6reningen JAG","item":"https:\/\/jag.se\/opinion\/"},{"@type":"ListItem","position":3,"name":"Pressmeddelanden","item":"https:\/\/jag.se\/opinion\/pressreleases\/"},{"@type":"ListItem","position":4,"name":"JAG-medlemmar deltar i europeisk frihetsmarsch"}]},{"@type":"WebSite","@id":"https:\/\/jag.se\/opinion\/#website","url":"https:\/\/jag.se\/opinion\/","name":"JAG Opinion","description":"","potentialAction":[{"@type":"SearchAction","target":{"@type":"EntryPoint","urlTemplate":"https:\/\/jag.se\/opinion\/?s={search_term_string}"},"query-input":"required name=search_term_string"}],"inLanguage":"sv-SE"}]}},"_links":{"self":[{"href":"https:\/\/jag.se\/opinion\/wp-json\/wp\/v2\/pressreleases\/28083","targetHints":{"allow":["GET"]}}],"collection":[{"href":"https:\/\/jag.se\/opinion\/wp-json\/wp\/v2\/pressreleases"}],"about":[{"href":"https:\/\/jag.se\/opinion\/wp-json\/wp\/v2\/types\/pressreleases"}],"wp:featuredmedia":[{"embeddable":true,"href":"https:\/\/jag.se\/opinion\/wp-json\/wp\/v2\/media\/28084"}],"wp:attachment":[{"href":"https:\/\/jag.se\/opinion\/wp-json\/wp\/v2\/media?parent=28083"}],"curies":[{"name":"wp","href":"https:\/\/api.w.org\/{rel}","templated":true}]}}