{"id":28086,"date":"2015-06-22T14:43:05","date_gmt":"2015-06-22T12:43:05","guid":{"rendered":"https:\/\/jag.se\/opinion\/pressreleases\/foreningen-jag-far-arvsfondsstod-for-att-oka-delaktigheten-i-arbetslivet\/"},"modified":"2015-06-22T14:43:05","modified_gmt":"2015-06-22T12:43:05","slug":"foreningen-jag-far-arvsfondsstod-for-att-oka-delaktigheten-i-arbetslivet","status":"publish","type":"pressreleases","link":"https:\/\/jag.se\/opinion\/pressreleases\/foreningen-jag-far-arvsfondsstod-for-att-oka-delaktigheten-i-arbetslivet\/","title":{"rendered":"F\u00f6reningen JAG f\u00e5r arvsfondsst\u00f6d f\u00f6r att \u00f6ka delaktigheten i arbetslivet"},"content":{"rendered":"<p>Idag har Arvsfonden beviljat F\u00f6reningen JAG st\u00f6d till ett tre\u00e5rigt projekt f\u00f6r att hitta nya former f\u00f6r delaktighet i arbetslivet f\u00f6r personer med\u00a0omfattande funktionsneds\u00e4ttningar och nedsatt intellektuell f\u00f6rm\u00e5ga.<\/p>\n<p>Projektet, som har\u00a0arbetsnamnet &#8221;Vi vill bidra&#8221;, ska genom praktisk verksamhet p\u00e5 olika platser i landet visa hur personer med de st\u00f6rsta funktionsneds\u00e4ttningarna b\u00e5de kan f\u00f6rverkliga sina dr\u00f6mmar och g\u00f6ra en insats f\u00f6r andra m\u00e4nniskor.<\/p>\n<p>\u2013\u00a0F\u00f6reningen JAG har l\u00e4nge haft en vision om ett nytt arbetsmarknadsst\u00f6d. Nu f\u00e5r vi chansen att pr\u00f6va v\u00e5ra id\u00e9er\u00a0och vi hoppas p\u00e5 samarbete med kommunerna, Arbetsf\u00f6rmedlingen och F\u00f6rs\u00e4kringskassan f\u00f6r att skapa framtidens l\u00f6sningar,\u00a0s\u00e4ger Cecilia Blanck, verksamhetsansvarig p\u00e5 F\u00f6reningen JAG.<\/p>\n","protected":false},"featured_media":28087,"template":"","class_list":["post-28086","pressreleases","type-pressreleases","status-publish","has-post-thumbnail","hentry"],"acf":[],"yoast_head":"<!-- This site is optimized with the Yoast SEO plugin v21.3 - https:\/\/yoast.com\/wordpress\/plugins\/seo\/ -->\n<title>F\u00f6reningen JAG f\u00e5r arvsfondsst\u00f6d f\u00f6r att \u00f6ka delaktigheten i arbetslivet - JAG Opinion<\/title>\n<meta name=\"robots\" content=\"index, follow, max-snippet:-1, max-image-preview:large, max-video-preview:-1\" \/>\n<link rel=\"canonical\" href=\"https:\/\/jag.se\/opinion\/pressreleases\/foreningen-jag-far-arvsfondsstod-for-att-oka-delaktigheten-i-arbetslivet\/\" \/>\n<meta property=\"og:locale\" content=\"sv_SE\" \/>\n<meta property=\"og:type\" content=\"article\" \/>\n<meta property=\"og:title\" content=\"F\u00f6reningen JAG f\u00e5r arvsfondsst\u00f6d f\u00f6r att \u00f6ka delaktigheten i arbetslivet - JAG Opinion\" \/>\n<meta property=\"og:description\" content=\"Idag har Arvsfonden beviljat F\u00f6reningen JAG st\u00f6d till ett tre\u00e5rigt projekt f\u00f6r att hitta nya former f\u00f6r delaktighet i arbetslivet f\u00f6r personer med\u00a0omfattande funktionsneds\u00e4ttningar och nedsatt intellektuell f\u00f6rm\u00e5ga. Projektet, som har\u00a0arbetsnamnet &#8221;Vi vill bidra&#8221;, ska genom praktisk verksamhet p\u00e5 olika platser i landet visa hur personer med de st\u00f6rsta funktionsneds\u00e4ttningarna b\u00e5de kan f\u00f6rverkliga sina dr\u00f6mmar\" \/>\n<meta property=\"og:url\" content=\"https:\/\/jag.se\/opinion\/pressreleases\/foreningen-jag-far-arvsfondsstod-for-att-oka-delaktigheten-i-arbetslivet\/\" \/>\n<meta property=\"og:site_name\" content=\"JAG Opinion\" \/>\n<meta property=\"og:image\" content=\"https:\/\/jag.se\/opinion\/wp-content\/uploads\/sites\/3\/2015\/06\/a4dde4faa6a43123_org-12.jpg\" \/>\n\t<meta property=\"og:image:width\" content=\"1969\" \/>\n\t<meta property=\"og:image:height\" content=\"1312\" \/>\n\t<meta property=\"og:image:type\" content=\"image\/jpeg\" \/>\n<meta name=\"twitter:card\" content=\"summary_large_image\" \/>\n<meta name=\"twitter:label1\" content=\"Ber\u00e4knad l\u00e4stid\" \/>\n\t<meta name=\"twitter:data1\" content=\"1 minut\" \/>\n<script type=\"application\/ld+json\" class=\"yoast-schema-graph\">{\"@context\":\"https:\/\/schema.org\",\"@graph\":[{\"@type\":\"WebPage\",\"@id\":\"https:\/\/jag.se\/opinion\/pressreleases\/foreningen-jag-far-arvsfondsstod-for-att-oka-delaktigheten-i-arbetslivet\/\",\"url\":\"https:\/\/jag.se\/opinion\/pressreleases\/foreningen-jag-far-arvsfondsstod-for-att-oka-delaktigheten-i-arbetslivet\/\",\"name\":\"F\u00f6reningen JAG f\u00e5r arvsfondsst\u00f6d f\u00f6r att \u00f6ka delaktigheten i arbetslivet - JAG Opinion\",\"isPartOf\":{\"@id\":\"https:\/\/jag.se\/opinion\/#website\"},\"datePublished\":\"2015-06-22T12:43:05+00:00\",\"dateModified\":\"2015-06-22T12:43:05+00:00\",\"breadcrumb\":{\"@id\":\"https:\/\/jag.se\/opinion\/pressreleases\/foreningen-jag-far-arvsfondsstod-for-att-oka-delaktigheten-i-arbetslivet\/#breadcrumb\"},\"inLanguage\":\"sv-SE\",\"potentialAction\":[{\"@type\":\"ReadAction\",\"target\":[\"https:\/\/jag.se\/opinion\/pressreleases\/foreningen-jag-far-arvsfondsstod-for-att-oka-delaktigheten-i-arbetslivet\/\"]}]},{\"@type\":\"BreadcrumbList\",\"@id\":\"https:\/\/jag.se\/opinion\/pressreleases\/foreningen-jag-far-arvsfondsstod-for-att-oka-delaktigheten-i-arbetslivet\/#breadcrumb\",\"itemListElement\":[{\"@type\":\"ListItem\",\"position\":1,\"name\":\"JAG start\",\"item\":\"https:\/\/jag.se\"},{\"@type\":\"ListItem\",\"position\":2,\"name\":\"Riksf\u00f6reningen JAG\",\"item\":\"https:\/\/jag.se\/opinion\/\"},{\"@type\":\"ListItem\",\"position\":3,\"name\":\"Pressmeddelanden\",\"item\":\"https:\/\/jag.se\/opinion\/pressreleases\/\"},{\"@type\":\"ListItem\",\"position\":4,\"name\":\"F\u00f6reningen JAG f\u00e5r arvsfondsst\u00f6d f\u00f6r att \u00f6ka delaktigheten i arbetslivet\"}]},{\"@type\":\"WebSite\",\"@id\":\"https:\/\/jag.se\/opinion\/#website\",\"url\":\"https:\/\/jag.se\/opinion\/\",\"name\":\"JAG Opinion\",\"description\":\"\",\"potentialAction\":[{\"@type\":\"SearchAction\",\"target\":{\"@type\":\"EntryPoint\",\"urlTemplate\":\"https:\/\/jag.se\/opinion\/?s={search_term_string}\"},\"query-input\":\"required name=search_term_string\"}],\"inLanguage\":\"sv-SE\"}]}<\/script>\n<!-- \/ Yoast SEO plugin. -->","yoast_head_json":{"title":"F\u00f6reningen JAG f\u00e5r arvsfondsst\u00f6d f\u00f6r att \u00f6ka delaktigheten i arbetslivet - JAG Opinion","robots":{"index":"index","follow":"follow","max-snippet":"max-snippet:-1","max-image-preview":"max-image-preview:large","max-video-preview":"max-video-preview:-1"},"canonical":"https:\/\/jag.se\/opinion\/pressreleases\/foreningen-jag-far-arvsfondsstod-for-att-oka-delaktigheten-i-arbetslivet\/","og_locale":"sv_SE","og_type":"article","og_title":"F\u00f6reningen JAG f\u00e5r arvsfondsst\u00f6d f\u00f6r att \u00f6ka delaktigheten i arbetslivet - JAG Opinion","og_description":"Idag har Arvsfonden beviljat F\u00f6reningen JAG st\u00f6d till ett tre\u00e5rigt projekt f\u00f6r att hitta nya former f\u00f6r delaktighet i arbetslivet f\u00f6r personer med\u00a0omfattande funktionsneds\u00e4ttningar och nedsatt intellektuell f\u00f6rm\u00e5ga. Projektet, som har\u00a0arbetsnamnet &#8221;Vi vill bidra&#8221;, ska genom praktisk verksamhet p\u00e5 olika platser i landet visa hur personer med de st\u00f6rsta funktionsneds\u00e4ttningarna b\u00e5de kan f\u00f6rverkliga sina dr\u00f6mmar","og_url":"https:\/\/jag.se\/opinion\/pressreleases\/foreningen-jag-far-arvsfondsstod-for-att-oka-delaktigheten-i-arbetslivet\/","og_site_name":"JAG Opinion","og_image":[{"width":1969,"height":1312,"url":"https:\/\/jag.se\/opinion\/wp-content\/uploads\/sites\/3\/2015\/06\/a4dde4faa6a43123_org-12.jpg","type":"image\/jpeg"}],"twitter_card":"summary_large_image","twitter_misc":{"Ber\u00e4knad l\u00e4stid":"1 minut"},"schema":{"@context":"https:\/\/schema.org","@graph":[{"@type":"WebPage","@id":"https:\/\/jag.se\/opinion\/pressreleases\/foreningen-jag-far-arvsfondsstod-for-att-oka-delaktigheten-i-arbetslivet\/","url":"https:\/\/jag.se\/opinion\/pressreleases\/foreningen-jag-far-arvsfondsstod-for-att-oka-delaktigheten-i-arbetslivet\/","name":"F\u00f6reningen JAG f\u00e5r arvsfondsst\u00f6d f\u00f6r att \u00f6ka delaktigheten i arbetslivet - JAG Opinion","isPartOf":{"@id":"https:\/\/jag.se\/opinion\/#website"},"datePublished":"2015-06-22T12:43:05+00:00","dateModified":"2015-06-22T12:43:05+00:00","breadcrumb":{"@id":"https:\/\/jag.se\/opinion\/pressreleases\/foreningen-jag-far-arvsfondsstod-for-att-oka-delaktigheten-i-arbetslivet\/#breadcrumb"},"inLanguage":"sv-SE","potentialAction":[{"@type":"ReadAction","target":["https:\/\/jag.se\/opinion\/pressreleases\/foreningen-jag-far-arvsfondsstod-for-att-oka-delaktigheten-i-arbetslivet\/"]}]},{"@type":"BreadcrumbList","@id":"https:\/\/jag.se\/opinion\/pressreleases\/foreningen-jag-far-arvsfondsstod-for-att-oka-delaktigheten-i-arbetslivet\/#breadcrumb","itemListElement":[{"@type":"ListItem","position":1,"name":"JAG start","item":"https:\/\/jag.se"},{"@type":"ListItem","position":2,"name":"Riksf\u00f6reningen JAG","item":"https:\/\/jag.se\/opinion\/"},{"@type":"ListItem","position":3,"name":"Pressmeddelanden","item":"https:\/\/jag.se\/opinion\/pressreleases\/"},{"@type":"ListItem","position":4,"name":"F\u00f6reningen JAG f\u00e5r arvsfondsst\u00f6d f\u00f6r att \u00f6ka delaktigheten i arbetslivet"}]},{"@type":"WebSite","@id":"https:\/\/jag.se\/opinion\/#website","url":"https:\/\/jag.se\/opinion\/","name":"JAG Opinion","description":"","potentialAction":[{"@type":"SearchAction","target":{"@type":"EntryPoint","urlTemplate":"https:\/\/jag.se\/opinion\/?s={search_term_string}"},"query-input":"required name=search_term_string"}],"inLanguage":"sv-SE"}]}},"_links":{"self":[{"href":"https:\/\/jag.se\/opinion\/wp-json\/wp\/v2\/pressreleases\/28086","targetHints":{"allow":["GET"]}}],"collection":[{"href":"https:\/\/jag.se\/opinion\/wp-json\/wp\/v2\/pressreleases"}],"about":[{"href":"https:\/\/jag.se\/opinion\/wp-json\/wp\/v2\/types\/pressreleases"}],"wp:featuredmedia":[{"embeddable":true,"href":"https:\/\/jag.se\/opinion\/wp-json\/wp\/v2\/media\/28087"}],"wp:attachment":[{"href":"https:\/\/jag.se\/opinion\/wp-json\/wp\/v2\/media?parent=28086"}],"curies":[{"name":"wp","href":"https:\/\/api.w.org\/{rel}","templated":true}]}}