{"id":28088,"date":"2015-06-22T12:34:26","date_gmt":"2015-06-22T10:34:26","guid":{"rendered":"https:\/\/jag.se\/opinion\/pressreleases\/jag-forsvarar-assistansen-under-almedalsveckan\/"},"modified":"2015-06-22T12:34:26","modified_gmt":"2015-06-22T10:34:26","slug":"jag-forsvarar-assistansen-under-almedalsveckan","status":"publish","type":"pressreleases","link":"https:\/\/jag.se\/opinion\/pressreleases\/jag-forsvarar-assistansen-under-almedalsveckan\/","title":{"rendered":"\u200bJAG f\u00f6rsvarar assistansen under Almedalsveckan"},"content":{"rendered":"<p>F\u00f6reningen JAG kommer att ta plats i politikerveckan i Visby\u00a0\u00e4ven i \u00e5r f\u00f6r att f\u00f6rsvara medlemmarnas m\u00f6jlighet till ett fritt liv med personlig assistans.<\/p>\n<p>JAG har ett informationst\u00e4lt p\u00e5 Hamnplan d\u00e4r flera korta seminarier och Heta stolen-utfr\u00e5gningar arrangeras. Har du inte m\u00f6jlighet att bes\u00f6ka JAG-t\u00e4ltet kan du ta del av alla evenemang p\u00e5 JAGs webb www.jag.se\/almedalenkanalen \u00a0i efterhand.<\/p>\n<p>H\u00e4r \u00e4r hela veckans program i JAG-t\u00e4ltet (H223):<\/p>\n<p>29\/6 kl 11\u201311.30: En s\u00e4nkt assistansers\u00e4ttning drabbar den som har st\u00f6rst behov<br \/>\nMagnus And\u00e9n, ordf\u00f6rande i F\u00f6reningen JAG och Cecilia Blanck, verksamhetsansvarig, F\u00f6reningen JAG<\/p>\n<p>29\/6 kl 13\u201313.30: Vem ska best\u00e4mma vad som \u00e4r kvalitet i personlig assistans?<br \/>\nHanna Kauppi , Arbetsgivarf\u00f6reningen KFO i Heta stolen<\/p>\n<p>29\/6 kl 14\u201314.30: LSS och r\u00e4ttss\u00e4kerheten<br \/>\nJohanna Gustavsson, verksamhetsjurist, F\u00f6reningen JAG.<\/p>\n<p>29\/6 kl 15\u201315.30: Valfrihet, sj\u00e4lvbest\u00e4mmande och integritet. Varf\u00f6r \u00e4r det s\u00e5 sv\u00e5rt att uppn\u00e5?<br \/>\nGerd And\u00e9n, F\u00f6reningen JAG.<\/p>\n<p>29\/6 kl 16.45\u201317.15: Hur kan sj\u00e4lvbest\u00e4mmandet i LSS s\u00e4kras?<br \/>\n\u00c5sa Regn\u00e9r (S), barn- \u00e4ldre- och j\u00e4mst\u00e4lldhets\u00administer i Heta stolen<\/p>\n<p>30\/6 kl 11.30\u201312.00: Ett meningsfullt arbete \u2013 att g\u00f6ra en insats, ist\u00e4llet f\u00f6r att f\u00e5 en insats<br \/>\nAnette \u00c4rlerud, F\u00f6reningen JAG.<\/p>\n<p>30\/6 kl 13\u201313.30: Hur s\u00e4krar vi r\u00e4tten till en god man som man kan kommunicera med?<br \/>\nTorbj\u00f6rn Odl\u00f6w, universitetslektor i civilr\u00e4tt vid Handelsh\u00f6gskolan i G\u00f6teborg, i Heta stolen<\/p>\n<p>30\/6 kl 14.00\u201314.30: Skola och fritid f\u00f6r alla elever?<br \/>\nAllan Sundberg och Kenny Brandt, F\u00f6reningen JAG<\/p>\n<p>30\/6 kl 15\u201315.30: Hur vill Socialdemokraterna s\u00e4kra sj\u00e4lvbest\u00e4mmandet f\u00f6r oss med de st\u00f6rsta funktionsneds\u00e4ttningarna?<br \/>\nMikael Dahlqvist (S), riksdagsledamot, i Heta stolen<\/p>\n<p>2\/7 kl 11\u201311:30: En r\u00e4ttvisare assistansers\u00e4ttning<br \/>\nRichard Kostenius vice ordf, F\u00f6reningen JAG och Linda Forzelius, god man.<\/p>\n<p>2\/7 kl 13\u201313:30: Hur vill Moderaterna s\u00e4kra sj\u00e4lvbest\u00e4mmandet f\u00f6r oss med de st\u00f6rsta funktionsneds\u00e4ttningarna?<br \/>\nSofia F\u00f6lster (M) riksdagsledamot<\/p>\n<p>2\/7 kl 14.30\u201315: Ska inte alla f\u00e5 best\u00e4mma sj\u00e4lv?<br \/>\nVictor Endom, F\u00f6reningen JAG med Anette Endom, god man.<\/p>\n<p>2\/7 kl 15\u201315:30: En kan ha ett budskap \u00e4ven om en sjunger utan ord<br \/>\nBirgitta Tullberg, F\u00f6reningen JAG med Lars Tullberg, god man.<\/p>\n<p>3\/7 kl 11\u201311.30: Min gode man \u2013 min m\u00f6jlighet till ett fritt liv<br \/>\nSimon Storm, F\u00f6reningen JAG med Gunilla Storm, god man<\/p>\n<p>4\/7 kl 14\u201314:30: I full fart \u2013 mitt liv med personlig assistans<br \/>\nRonny Larsson, F\u00f6reningen JAG<\/p>\n","protected":false},"featured_media":28089,"template":"","class_list":["post-28088","pressreleases","type-pressreleases","status-publish","has-post-thumbnail","hentry"],"acf":[],"yoast_head":"<!-- This site is optimized with the Yoast SEO plugin v21.3 - https:\/\/yoast.com\/wordpress\/plugins\/seo\/ -->\n<title>\u200bJAG f\u00f6rsvarar assistansen under Almedalsveckan - JAG Opinion<\/title>\n<meta name=\"robots\" content=\"index, follow, max-snippet:-1, max-image-preview:large, max-video-preview:-1\" \/>\n<link rel=\"canonical\" href=\"https:\/\/jag.se\/opinion\/pressreleases\/jag-forsvarar-assistansen-under-almedalsveckan\/\" \/>\n<meta property=\"og:locale\" content=\"sv_SE\" \/>\n<meta property=\"og:type\" content=\"article\" \/>\n<meta property=\"og:title\" content=\"\u200bJAG f\u00f6rsvarar assistansen under Almedalsveckan - JAG Opinion\" \/>\n<meta property=\"og:description\" content=\"F\u00f6reningen JAG kommer att ta plats i politikerveckan i Visby\u00a0\u00e4ven i \u00e5r f\u00f6r att f\u00f6rsvara medlemmarnas m\u00f6jlighet till ett fritt liv med personlig assistans. JAG har ett informationst\u00e4lt p\u00e5 Hamnplan d\u00e4r flera korta seminarier och Heta stolen-utfr\u00e5gningar arrangeras. Har du inte m\u00f6jlighet att bes\u00f6ka JAG-t\u00e4ltet kan du ta del av alla evenemang p\u00e5 JAGs webb\" \/>\n<meta property=\"og:url\" content=\"https:\/\/jag.se\/opinion\/pressreleases\/jag-forsvarar-assistansen-under-almedalsveckan\/\" \/>\n<meta property=\"og:site_name\" content=\"JAG Opinion\" \/>\n<meta property=\"og:image\" content=\"https:\/\/jag.se\/opinion\/wp-content\/uploads\/sites\/3\/2015\/06\/a03677c1a41d5e24_org-11-scaled.jpg\" \/>\n\t<meta property=\"og:image:width\" content=\"2560\" \/>\n\t<meta property=\"og:image:height\" content=\"1279\" \/>\n\t<meta property=\"og:image:type\" content=\"image\/jpeg\" \/>\n<meta name=\"twitter:card\" content=\"summary_large_image\" \/>\n<meta name=\"twitter:label1\" content=\"Ber\u00e4knad l\u00e4stid\" \/>\n\t<meta name=\"twitter:data1\" content=\"2 minuter\" \/>\n<script type=\"application\/ld+json\" class=\"yoast-schema-graph\">{\"@context\":\"https:\/\/schema.org\",\"@graph\":[{\"@type\":\"WebPage\",\"@id\":\"https:\/\/jag.se\/opinion\/pressreleases\/jag-forsvarar-assistansen-under-almedalsveckan\/\",\"url\":\"https:\/\/jag.se\/opinion\/pressreleases\/jag-forsvarar-assistansen-under-almedalsveckan\/\",\"name\":\"\u200bJAG f\u00f6rsvarar assistansen under Almedalsveckan - JAG Opinion\",\"isPartOf\":{\"@id\":\"https:\/\/jag.se\/opinion\/#website\"},\"datePublished\":\"2015-06-22T10:34:26+00:00\",\"dateModified\":\"2015-06-22T10:34:26+00:00\",\"breadcrumb\":{\"@id\":\"https:\/\/jag.se\/opinion\/pressreleases\/jag-forsvarar-assistansen-under-almedalsveckan\/#breadcrumb\"},\"inLanguage\":\"sv-SE\",\"potentialAction\":[{\"@type\":\"ReadAction\",\"target\":[\"https:\/\/jag.se\/opinion\/pressreleases\/jag-forsvarar-assistansen-under-almedalsveckan\/\"]}]},{\"@type\":\"BreadcrumbList\",\"@id\":\"https:\/\/jag.se\/opinion\/pressreleases\/jag-forsvarar-assistansen-under-almedalsveckan\/#breadcrumb\",\"itemListElement\":[{\"@type\":\"ListItem\",\"position\":1,\"name\":\"JAG start\",\"item\":\"https:\/\/jag.se\"},{\"@type\":\"ListItem\",\"position\":2,\"name\":\"Riksf\u00f6reningen JAG\",\"item\":\"https:\/\/jag.se\/opinion\/\"},{\"@type\":\"ListItem\",\"position\":3,\"name\":\"Pressmeddelanden\",\"item\":\"https:\/\/jag.se\/opinion\/pressreleases\/\"},{\"@type\":\"ListItem\",\"position\":4,\"name\":\"\u200bJAG f\u00f6rsvarar assistansen under Almedalsveckan\"}]},{\"@type\":\"WebSite\",\"@id\":\"https:\/\/jag.se\/opinion\/#website\",\"url\":\"https:\/\/jag.se\/opinion\/\",\"name\":\"JAG Opinion\",\"description\":\"\",\"potentialAction\":[{\"@type\":\"SearchAction\",\"target\":{\"@type\":\"EntryPoint\",\"urlTemplate\":\"https:\/\/jag.se\/opinion\/?s={search_term_string}\"},\"query-input\":\"required name=search_term_string\"}],\"inLanguage\":\"sv-SE\"}]}<\/script>\n<!-- \/ Yoast SEO plugin. -->","yoast_head_json":{"title":"\u200bJAG f\u00f6rsvarar assistansen under Almedalsveckan - JAG Opinion","robots":{"index":"index","follow":"follow","max-snippet":"max-snippet:-1","max-image-preview":"max-image-preview:large","max-video-preview":"max-video-preview:-1"},"canonical":"https:\/\/jag.se\/opinion\/pressreleases\/jag-forsvarar-assistansen-under-almedalsveckan\/","og_locale":"sv_SE","og_type":"article","og_title":"\u200bJAG f\u00f6rsvarar assistansen under Almedalsveckan - JAG Opinion","og_description":"F\u00f6reningen JAG kommer att ta plats i politikerveckan i Visby\u00a0\u00e4ven i \u00e5r f\u00f6r att f\u00f6rsvara medlemmarnas m\u00f6jlighet till ett fritt liv med personlig assistans. JAG har ett informationst\u00e4lt p\u00e5 Hamnplan d\u00e4r flera korta seminarier och Heta stolen-utfr\u00e5gningar arrangeras. Har du inte m\u00f6jlighet att bes\u00f6ka JAG-t\u00e4ltet kan du ta del av alla evenemang p\u00e5 JAGs webb","og_url":"https:\/\/jag.se\/opinion\/pressreleases\/jag-forsvarar-assistansen-under-almedalsveckan\/","og_site_name":"JAG Opinion","og_image":[{"width":2560,"height":1279,"url":"https:\/\/jag.se\/opinion\/wp-content\/uploads\/sites\/3\/2015\/06\/a03677c1a41d5e24_org-11-scaled.jpg","type":"image\/jpeg"}],"twitter_card":"summary_large_image","twitter_misc":{"Ber\u00e4knad l\u00e4stid":"2 minuter"},"schema":{"@context":"https:\/\/schema.org","@graph":[{"@type":"WebPage","@id":"https:\/\/jag.se\/opinion\/pressreleases\/jag-forsvarar-assistansen-under-almedalsveckan\/","url":"https:\/\/jag.se\/opinion\/pressreleases\/jag-forsvarar-assistansen-under-almedalsveckan\/","name":"\u200bJAG f\u00f6rsvarar assistansen under Almedalsveckan - JAG Opinion","isPartOf":{"@id":"https:\/\/jag.se\/opinion\/#website"},"datePublished":"2015-06-22T10:34:26+00:00","dateModified":"2015-06-22T10:34:26+00:00","breadcrumb":{"@id":"https:\/\/jag.se\/opinion\/pressreleases\/jag-forsvarar-assistansen-under-almedalsveckan\/#breadcrumb"},"inLanguage":"sv-SE","potentialAction":[{"@type":"ReadAction","target":["https:\/\/jag.se\/opinion\/pressreleases\/jag-forsvarar-assistansen-under-almedalsveckan\/"]}]},{"@type":"BreadcrumbList","@id":"https:\/\/jag.se\/opinion\/pressreleases\/jag-forsvarar-assistansen-under-almedalsveckan\/#breadcrumb","itemListElement":[{"@type":"ListItem","position":1,"name":"JAG start","item":"https:\/\/jag.se"},{"@type":"ListItem","position":2,"name":"Riksf\u00f6reningen JAG","item":"https:\/\/jag.se\/opinion\/"},{"@type":"ListItem","position":3,"name":"Pressmeddelanden","item":"https:\/\/jag.se\/opinion\/pressreleases\/"},{"@type":"ListItem","position":4,"name":"\u200bJAG f\u00f6rsvarar assistansen under Almedalsveckan"}]},{"@type":"WebSite","@id":"https:\/\/jag.se\/opinion\/#website","url":"https:\/\/jag.se\/opinion\/","name":"JAG Opinion","description":"","potentialAction":[{"@type":"SearchAction","target":{"@type":"EntryPoint","urlTemplate":"https:\/\/jag.se\/opinion\/?s={search_term_string}"},"query-input":"required name=search_term_string"}],"inLanguage":"sv-SE"}]}},"_links":{"self":[{"href":"https:\/\/jag.se\/opinion\/wp-json\/wp\/v2\/pressreleases\/28088","targetHints":{"allow":["GET"]}}],"collection":[{"href":"https:\/\/jag.se\/opinion\/wp-json\/wp\/v2\/pressreleases"}],"about":[{"href":"https:\/\/jag.se\/opinion\/wp-json\/wp\/v2\/types\/pressreleases"}],"wp:featuredmedia":[{"embeddable":true,"href":"https:\/\/jag.se\/opinion\/wp-json\/wp\/v2\/media\/28089"}],"wp:attachment":[{"href":"https:\/\/jag.se\/opinion\/wp-json\/wp\/v2\/media?parent=28088"}],"curies":[{"name":"wp","href":"https:\/\/api.w.org\/{rel}","templated":true}]}}