{"id":28090,"date":"2015-05-28T10:52:59","date_gmt":"2015-05-28T08:52:59","guid":{"rendered":"https:\/\/jag.se\/opinion\/pressreleases\/kulturministern-gastar-jags-dansforestallning-vet-du-vem-jag-ar\/"},"modified":"2015-05-28T10:52:59","modified_gmt":"2015-05-28T08:52:59","slug":"kulturministern-gastar-jags-dansforestallning-vet-du-vem-jag-ar","status":"publish","type":"pressreleases","link":"https:\/\/jag.se\/opinion\/pressreleases\/kulturministern-gastar-jags-dansforestallning-vet-du-vem-jag-ar\/","title":{"rendered":"Kulturministern g\u00e4star JAGs dansf\u00f6rest\u00e4llning Vet du vem jag \u00e4r?"},"content":{"rendered":"<p>Den h\u00e4r veckan har medlemmar i F\u00f6reningen JAG spelat\u00a0tv\u00e5\u00a0f\u00f6rest\u00e4llningar av &#8221;Vet du vem jag \u00e4r?&#8221; som har\u00a0f\u00e5tt lysande recensioner av publiken: &#8221;Denna unika f\u00f6rest\u00e4llning b\u00f6r alla f\u00e5 se, jag menar verkligen alla&#8221; l\u00f6d flera r\u00f6ster ur publiken under onsdagen.<\/p>\n<p>F\u00f6rest\u00e4llningen Vet du vem jag \u00e4r? handlar om r\u00e4tten att vara en egen person och best\u00e4mma \u00f6ver sitt liv. Den vill ge en\u00a0motvikt till den stereotypa bilden av personer med omfattande funktionsneds\u00e4ttningar som &#8221;omsorgstagare&#8221; utan egen vilja.<\/p>\n<p>Ensemblen har stora funktionsneds\u00e4ttningar och genomf\u00f6r danserna med personlig assistans. Tillsammans med sina\u00a0personliga assistenter uttrycker de sig\u00a0genom dans, musik och teater p\u00e5 ett nyskapande och unikt s\u00e4tt. Musiken \u00e4r till st\u00f6rsta delen nyskriven.\u00a0Flera av dansarna\u00a0kommunicerar inte via tal, men via dansen och musiken uppst\u00e5r kommunikation\u00a0med publiken.<\/p>\n<p>V\u00e5rens sista f\u00f6rest\u00e4llning spelas i morgon fredag 29\/5 med bl a kulturminister\u00a0Alice Bah Kuhnke\u00a0i publiken.<\/p>\n","protected":false},"featured_media":28091,"template":"","class_list":["post-28090","pressreleases","type-pressreleases","status-publish","has-post-thumbnail","hentry"],"acf":[],"yoast_head":"<!-- This site is optimized with the Yoast SEO plugin v21.3 - https:\/\/yoast.com\/wordpress\/plugins\/seo\/ -->\n<title>Kulturministern g\u00e4star JAGs dansf\u00f6rest\u00e4llning Vet du vem jag \u00e4r? - JAG Opinion<\/title>\n<meta name=\"robots\" content=\"index, follow, max-snippet:-1, max-image-preview:large, max-video-preview:-1\" \/>\n<link rel=\"canonical\" href=\"https:\/\/jag.se\/opinion\/pressreleases\/kulturministern-gastar-jags-dansforestallning-vet-du-vem-jag-ar\/\" \/>\n<meta property=\"og:locale\" content=\"sv_SE\" \/>\n<meta property=\"og:type\" content=\"article\" \/>\n<meta property=\"og:title\" content=\"Kulturministern g\u00e4star JAGs dansf\u00f6rest\u00e4llning Vet du vem jag \u00e4r? - JAG Opinion\" \/>\n<meta property=\"og:description\" content=\"Den h\u00e4r veckan har medlemmar i F\u00f6reningen JAG spelat\u00a0tv\u00e5\u00a0f\u00f6rest\u00e4llningar av &#8221;Vet du vem jag \u00e4r?&#8221; som har\u00a0f\u00e5tt lysande recensioner av publiken: &#8221;Denna unika f\u00f6rest\u00e4llning b\u00f6r alla f\u00e5 se, jag menar verkligen alla&#8221; l\u00f6d flera r\u00f6ster ur publiken under onsdagen. F\u00f6rest\u00e4llningen Vet du vem jag \u00e4r? handlar om r\u00e4tten att vara en egen person och best\u00e4mma\" \/>\n<meta property=\"og:url\" content=\"https:\/\/jag.se\/opinion\/pressreleases\/kulturministern-gastar-jags-dansforestallning-vet-du-vem-jag-ar\/\" \/>\n<meta property=\"og:site_name\" content=\"JAG Opinion\" \/>\n<meta property=\"og:image\" content=\"https:\/\/jag.se\/opinion\/wp-content\/uploads\/sites\/3\/2015\/05\/9adabd216218570b_org-11-scaled.jpg\" \/>\n\t<meta property=\"og:image:width\" content=\"2560\" \/>\n\t<meta property=\"og:image:height\" content=\"1920\" \/>\n\t<meta property=\"og:image:type\" content=\"image\/jpeg\" \/>\n<meta name=\"twitter:card\" content=\"summary_large_image\" \/>\n<meta name=\"twitter:label1\" content=\"Ber\u00e4knad l\u00e4stid\" \/>\n\t<meta name=\"twitter:data1\" content=\"1 minut\" \/>\n<script type=\"application\/ld+json\" class=\"yoast-schema-graph\">{\"@context\":\"https:\/\/schema.org\",\"@graph\":[{\"@type\":\"WebPage\",\"@id\":\"https:\/\/jag.se\/opinion\/pressreleases\/kulturministern-gastar-jags-dansforestallning-vet-du-vem-jag-ar\/\",\"url\":\"https:\/\/jag.se\/opinion\/pressreleases\/kulturministern-gastar-jags-dansforestallning-vet-du-vem-jag-ar\/\",\"name\":\"Kulturministern g\u00e4star JAGs dansf\u00f6rest\u00e4llning Vet du vem jag \u00e4r? - JAG Opinion\",\"isPartOf\":{\"@id\":\"https:\/\/jag.se\/opinion\/#website\"},\"datePublished\":\"2015-05-28T08:52:59+00:00\",\"dateModified\":\"2015-05-28T08:52:59+00:00\",\"breadcrumb\":{\"@id\":\"https:\/\/jag.se\/opinion\/pressreleases\/kulturministern-gastar-jags-dansforestallning-vet-du-vem-jag-ar\/#breadcrumb\"},\"inLanguage\":\"sv-SE\",\"potentialAction\":[{\"@type\":\"ReadAction\",\"target\":[\"https:\/\/jag.se\/opinion\/pressreleases\/kulturministern-gastar-jags-dansforestallning-vet-du-vem-jag-ar\/\"]}]},{\"@type\":\"BreadcrumbList\",\"@id\":\"https:\/\/jag.se\/opinion\/pressreleases\/kulturministern-gastar-jags-dansforestallning-vet-du-vem-jag-ar\/#breadcrumb\",\"itemListElement\":[{\"@type\":\"ListItem\",\"position\":1,\"name\":\"JAG start\",\"item\":\"https:\/\/jag.se\"},{\"@type\":\"ListItem\",\"position\":2,\"name\":\"Riksf\u00f6reningen JAG\",\"item\":\"https:\/\/jag.se\/opinion\/\"},{\"@type\":\"ListItem\",\"position\":3,\"name\":\"Pressmeddelanden\",\"item\":\"https:\/\/jag.se\/opinion\/pressreleases\/\"},{\"@type\":\"ListItem\",\"position\":4,\"name\":\"Kulturministern g\u00e4star JAGs dansf\u00f6rest\u00e4llning Vet du vem jag \u00e4r?\"}]},{\"@type\":\"WebSite\",\"@id\":\"https:\/\/jag.se\/opinion\/#website\",\"url\":\"https:\/\/jag.se\/opinion\/\",\"name\":\"JAG Opinion\",\"description\":\"\",\"potentialAction\":[{\"@type\":\"SearchAction\",\"target\":{\"@type\":\"EntryPoint\",\"urlTemplate\":\"https:\/\/jag.se\/opinion\/?s={search_term_string}\"},\"query-input\":\"required name=search_term_string\"}],\"inLanguage\":\"sv-SE\"}]}<\/script>\n<!-- \/ Yoast SEO plugin. -->","yoast_head_json":{"title":"Kulturministern g\u00e4star JAGs dansf\u00f6rest\u00e4llning Vet du vem jag \u00e4r? - JAG Opinion","robots":{"index":"index","follow":"follow","max-snippet":"max-snippet:-1","max-image-preview":"max-image-preview:large","max-video-preview":"max-video-preview:-1"},"canonical":"https:\/\/jag.se\/opinion\/pressreleases\/kulturministern-gastar-jags-dansforestallning-vet-du-vem-jag-ar\/","og_locale":"sv_SE","og_type":"article","og_title":"Kulturministern g\u00e4star JAGs dansf\u00f6rest\u00e4llning Vet du vem jag \u00e4r? - JAG Opinion","og_description":"Den h\u00e4r veckan har medlemmar i F\u00f6reningen JAG spelat\u00a0tv\u00e5\u00a0f\u00f6rest\u00e4llningar av &#8221;Vet du vem jag \u00e4r?&#8221; som har\u00a0f\u00e5tt lysande recensioner av publiken: &#8221;Denna unika f\u00f6rest\u00e4llning b\u00f6r alla f\u00e5 se, jag menar verkligen alla&#8221; l\u00f6d flera r\u00f6ster ur publiken under onsdagen. F\u00f6rest\u00e4llningen Vet du vem jag \u00e4r? handlar om r\u00e4tten att vara en egen person och best\u00e4mma","og_url":"https:\/\/jag.se\/opinion\/pressreleases\/kulturministern-gastar-jags-dansforestallning-vet-du-vem-jag-ar\/","og_site_name":"JAG Opinion","og_image":[{"width":2560,"height":1920,"url":"https:\/\/jag.se\/opinion\/wp-content\/uploads\/sites\/3\/2015\/05\/9adabd216218570b_org-11-scaled.jpg","type":"image\/jpeg"}],"twitter_card":"summary_large_image","twitter_misc":{"Ber\u00e4knad l\u00e4stid":"1 minut"},"schema":{"@context":"https:\/\/schema.org","@graph":[{"@type":"WebPage","@id":"https:\/\/jag.se\/opinion\/pressreleases\/kulturministern-gastar-jags-dansforestallning-vet-du-vem-jag-ar\/","url":"https:\/\/jag.se\/opinion\/pressreleases\/kulturministern-gastar-jags-dansforestallning-vet-du-vem-jag-ar\/","name":"Kulturministern g\u00e4star JAGs dansf\u00f6rest\u00e4llning Vet du vem jag \u00e4r? - JAG Opinion","isPartOf":{"@id":"https:\/\/jag.se\/opinion\/#website"},"datePublished":"2015-05-28T08:52:59+00:00","dateModified":"2015-05-28T08:52:59+00:00","breadcrumb":{"@id":"https:\/\/jag.se\/opinion\/pressreleases\/kulturministern-gastar-jags-dansforestallning-vet-du-vem-jag-ar\/#breadcrumb"},"inLanguage":"sv-SE","potentialAction":[{"@type":"ReadAction","target":["https:\/\/jag.se\/opinion\/pressreleases\/kulturministern-gastar-jags-dansforestallning-vet-du-vem-jag-ar\/"]}]},{"@type":"BreadcrumbList","@id":"https:\/\/jag.se\/opinion\/pressreleases\/kulturministern-gastar-jags-dansforestallning-vet-du-vem-jag-ar\/#breadcrumb","itemListElement":[{"@type":"ListItem","position":1,"name":"JAG start","item":"https:\/\/jag.se"},{"@type":"ListItem","position":2,"name":"Riksf\u00f6reningen JAG","item":"https:\/\/jag.se\/opinion\/"},{"@type":"ListItem","position":3,"name":"Pressmeddelanden","item":"https:\/\/jag.se\/opinion\/pressreleases\/"},{"@type":"ListItem","position":4,"name":"Kulturministern g\u00e4star JAGs dansf\u00f6rest\u00e4llning Vet du vem jag \u00e4r?"}]},{"@type":"WebSite","@id":"https:\/\/jag.se\/opinion\/#website","url":"https:\/\/jag.se\/opinion\/","name":"JAG Opinion","description":"","potentialAction":[{"@type":"SearchAction","target":{"@type":"EntryPoint","urlTemplate":"https:\/\/jag.se\/opinion\/?s={search_term_string}"},"query-input":"required name=search_term_string"}],"inLanguage":"sv-SE"}]}},"_links":{"self":[{"href":"https:\/\/jag.se\/opinion\/wp-json\/wp\/v2\/pressreleases\/28090","targetHints":{"allow":["GET"]}}],"collection":[{"href":"https:\/\/jag.se\/opinion\/wp-json\/wp\/v2\/pressreleases"}],"about":[{"href":"https:\/\/jag.se\/opinion\/wp-json\/wp\/v2\/types\/pressreleases"}],"wp:featuredmedia":[{"embeddable":true,"href":"https:\/\/jag.se\/opinion\/wp-json\/wp\/v2\/media\/28091"}],"wp:attachment":[{"href":"https:\/\/jag.se\/opinion\/wp-json\/wp\/v2\/media?parent=28090"}],"curies":[{"name":"wp","href":"https:\/\/api.w.org\/{rel}","templated":true}]}}