{"id":28092,"date":"2015-04-07T04:30:00","date_gmt":"2015-04-07T02:30:00","guid":{"rendered":"https:\/\/jag.se\/opinion\/pressreleases\/jag-tar-plats-pa-leva-och-fungera-massan-i-goteborg\/"},"modified":"2015-04-07T04:30:00","modified_gmt":"2015-04-07T02:30:00","slug":"jag-tar-plats-pa-leva-och-fungera-massan-i-goteborg","status":"publish","type":"pressreleases","link":"https:\/\/jag.se\/opinion\/pressreleases\/jag-tar-plats-pa-leva-och-fungera-massan-i-goteborg\/","title":{"rendered":"JAG tar plats p\u00e5 Leva och Fungera-m\u00e4ssan i G\u00f6teborg"},"content":{"rendered":"<p>JAG \u00e4r b\u00e5de en ideell f\u00f6rening och den st\u00f6rsta assistansanordnaren i Sverige som drivs utan vinstsyfte. Vi som \u00e4r medlemmar i JAG har alla stora funktionsneds\u00e4ttningar och nedsatt autonomi. Tr\u00e4ffa oss i monter B03:12 p\u00e5 Leva &amp; Fungera-m\u00e4ssan 14\u201316\/4. Kom ocks\u00e5 till \u00d6ppet Hus hos JAG, V\u00e4dursgatan 6 i G\u00e5rda 15\/4 kl 17 (n\u00e4r m\u00e4ssan st\u00e4nger).\u00a0Anm\u00e4l p\u00e5 SMS till 076-510 13 01. Det blir pizzah\u00e4ng!<\/p>\n","protected":false},"featured_media":28093,"template":"","class_list":["post-28092","pressreleases","type-pressreleases","status-publish","has-post-thumbnail","hentry"],"acf":[],"yoast_head":"<!-- This site is optimized with the Yoast SEO plugin v21.3 - https:\/\/yoast.com\/wordpress\/plugins\/seo\/ -->\n<title>JAG tar plats p\u00e5 Leva och Fungera-m\u00e4ssan i G\u00f6teborg - JAG Opinion<\/title>\n<meta name=\"robots\" content=\"index, follow, max-snippet:-1, max-image-preview:large, max-video-preview:-1\" \/>\n<link rel=\"canonical\" href=\"https:\/\/jag.se\/opinion\/pressreleases\/jag-tar-plats-pa-leva-och-fungera-massan-i-goteborg\/\" \/>\n<meta property=\"og:locale\" content=\"sv_SE\" \/>\n<meta property=\"og:type\" content=\"article\" \/>\n<meta property=\"og:title\" content=\"JAG tar plats p\u00e5 Leva och Fungera-m\u00e4ssan i G\u00f6teborg - JAG Opinion\" \/>\n<meta property=\"og:description\" content=\"JAG \u00e4r b\u00e5de en ideell f\u00f6rening och den st\u00f6rsta assistansanordnaren i Sverige som drivs utan vinstsyfte. Vi som \u00e4r medlemmar i JAG har alla stora funktionsneds\u00e4ttningar och nedsatt autonomi. Tr\u00e4ffa oss i monter B03:12 p\u00e5 Leva &amp; Fungera-m\u00e4ssan 14\u201316\/4. Kom ocks\u00e5 till \u00d6ppet Hus hos JAG, V\u00e4dursgatan 6 i G\u00e5rda 15\/4 kl 17 (n\u00e4r m\u00e4ssan\" \/>\n<meta property=\"og:url\" content=\"https:\/\/jag.se\/opinion\/pressreleases\/jag-tar-plats-pa-leva-och-fungera-massan-i-goteborg\/\" \/>\n<meta property=\"og:site_name\" content=\"JAG Opinion\" \/>\n<meta property=\"og:image\" content=\"https:\/\/jag.se\/opinion\/wp-content\/uploads\/sites\/3\/2015\/04\/9cabbd38bf72e96c_org-11.jpg\" \/>\n\t<meta property=\"og:image:width\" content=\"827\" \/>\n\t<meta property=\"og:image:height\" content=\"621\" \/>\n\t<meta property=\"og:image:type\" content=\"image\/jpeg\" \/>\n<meta name=\"twitter:card\" content=\"summary_large_image\" \/>\n<script type=\"application\/ld+json\" class=\"yoast-schema-graph\">{\"@context\":\"https:\/\/schema.org\",\"@graph\":[{\"@type\":\"WebPage\",\"@id\":\"https:\/\/jag.se\/opinion\/pressreleases\/jag-tar-plats-pa-leva-och-fungera-massan-i-goteborg\/\",\"url\":\"https:\/\/jag.se\/opinion\/pressreleases\/jag-tar-plats-pa-leva-och-fungera-massan-i-goteborg\/\",\"name\":\"JAG tar plats p\u00e5 Leva och Fungera-m\u00e4ssan i G\u00f6teborg - JAG Opinion\",\"isPartOf\":{\"@id\":\"https:\/\/jag.se\/opinion\/#website\"},\"datePublished\":\"2015-04-07T02:30:00+00:00\",\"dateModified\":\"2015-04-07T02:30:00+00:00\",\"breadcrumb\":{\"@id\":\"https:\/\/jag.se\/opinion\/pressreleases\/jag-tar-plats-pa-leva-och-fungera-massan-i-goteborg\/#breadcrumb\"},\"inLanguage\":\"sv-SE\",\"potentialAction\":[{\"@type\":\"ReadAction\",\"target\":[\"https:\/\/jag.se\/opinion\/pressreleases\/jag-tar-plats-pa-leva-och-fungera-massan-i-goteborg\/\"]}]},{\"@type\":\"BreadcrumbList\",\"@id\":\"https:\/\/jag.se\/opinion\/pressreleases\/jag-tar-plats-pa-leva-och-fungera-massan-i-goteborg\/#breadcrumb\",\"itemListElement\":[{\"@type\":\"ListItem\",\"position\":1,\"name\":\"JAG start\",\"item\":\"https:\/\/jag.se\"},{\"@type\":\"ListItem\",\"position\":2,\"name\":\"Riksf\u00f6reningen JAG\",\"item\":\"https:\/\/jag.se\/opinion\/\"},{\"@type\":\"ListItem\",\"position\":3,\"name\":\"Pressmeddelanden\",\"item\":\"https:\/\/jag.se\/opinion\/pressreleases\/\"},{\"@type\":\"ListItem\",\"position\":4,\"name\":\"JAG tar plats p\u00e5 Leva och Fungera-m\u00e4ssan i G\u00f6teborg\"}]},{\"@type\":\"WebSite\",\"@id\":\"https:\/\/jag.se\/opinion\/#website\",\"url\":\"https:\/\/jag.se\/opinion\/\",\"name\":\"JAG Opinion\",\"description\":\"\",\"potentialAction\":[{\"@type\":\"SearchAction\",\"target\":{\"@type\":\"EntryPoint\",\"urlTemplate\":\"https:\/\/jag.se\/opinion\/?s={search_term_string}\"},\"query-input\":\"required name=search_term_string\"}],\"inLanguage\":\"sv-SE\"}]}<\/script>\n<!-- \/ Yoast SEO plugin. -->","yoast_head_json":{"title":"JAG tar plats p\u00e5 Leva och Fungera-m\u00e4ssan i G\u00f6teborg - JAG Opinion","robots":{"index":"index","follow":"follow","max-snippet":"max-snippet:-1","max-image-preview":"max-image-preview:large","max-video-preview":"max-video-preview:-1"},"canonical":"https:\/\/jag.se\/opinion\/pressreleases\/jag-tar-plats-pa-leva-och-fungera-massan-i-goteborg\/","og_locale":"sv_SE","og_type":"article","og_title":"JAG tar plats p\u00e5 Leva och Fungera-m\u00e4ssan i G\u00f6teborg - JAG Opinion","og_description":"JAG \u00e4r b\u00e5de en ideell f\u00f6rening och den st\u00f6rsta assistansanordnaren i Sverige som drivs utan vinstsyfte. Vi som \u00e4r medlemmar i JAG har alla stora funktionsneds\u00e4ttningar och nedsatt autonomi. Tr\u00e4ffa oss i monter B03:12 p\u00e5 Leva &amp; Fungera-m\u00e4ssan 14\u201316\/4. Kom ocks\u00e5 till \u00d6ppet Hus hos JAG, V\u00e4dursgatan 6 i G\u00e5rda 15\/4 kl 17 (n\u00e4r m\u00e4ssan","og_url":"https:\/\/jag.se\/opinion\/pressreleases\/jag-tar-plats-pa-leva-och-fungera-massan-i-goteborg\/","og_site_name":"JAG Opinion","og_image":[{"width":827,"height":621,"url":"https:\/\/jag.se\/opinion\/wp-content\/uploads\/sites\/3\/2015\/04\/9cabbd38bf72e96c_org-11.jpg","type":"image\/jpeg"}],"twitter_card":"summary_large_image","schema":{"@context":"https:\/\/schema.org","@graph":[{"@type":"WebPage","@id":"https:\/\/jag.se\/opinion\/pressreleases\/jag-tar-plats-pa-leva-och-fungera-massan-i-goteborg\/","url":"https:\/\/jag.se\/opinion\/pressreleases\/jag-tar-plats-pa-leva-och-fungera-massan-i-goteborg\/","name":"JAG tar plats p\u00e5 Leva och Fungera-m\u00e4ssan i G\u00f6teborg - JAG Opinion","isPartOf":{"@id":"https:\/\/jag.se\/opinion\/#website"},"datePublished":"2015-04-07T02:30:00+00:00","dateModified":"2015-04-07T02:30:00+00:00","breadcrumb":{"@id":"https:\/\/jag.se\/opinion\/pressreleases\/jag-tar-plats-pa-leva-och-fungera-massan-i-goteborg\/#breadcrumb"},"inLanguage":"sv-SE","potentialAction":[{"@type":"ReadAction","target":["https:\/\/jag.se\/opinion\/pressreleases\/jag-tar-plats-pa-leva-och-fungera-massan-i-goteborg\/"]}]},{"@type":"BreadcrumbList","@id":"https:\/\/jag.se\/opinion\/pressreleases\/jag-tar-plats-pa-leva-och-fungera-massan-i-goteborg\/#breadcrumb","itemListElement":[{"@type":"ListItem","position":1,"name":"JAG start","item":"https:\/\/jag.se"},{"@type":"ListItem","position":2,"name":"Riksf\u00f6reningen JAG","item":"https:\/\/jag.se\/opinion\/"},{"@type":"ListItem","position":3,"name":"Pressmeddelanden","item":"https:\/\/jag.se\/opinion\/pressreleases\/"},{"@type":"ListItem","position":4,"name":"JAG tar plats p\u00e5 Leva och Fungera-m\u00e4ssan i G\u00f6teborg"}]},{"@type":"WebSite","@id":"https:\/\/jag.se\/opinion\/#website","url":"https:\/\/jag.se\/opinion\/","name":"JAG Opinion","description":"","potentialAction":[{"@type":"SearchAction","target":{"@type":"EntryPoint","urlTemplate":"https:\/\/jag.se\/opinion\/?s={search_term_string}"},"query-input":"required name=search_term_string"}],"inLanguage":"sv-SE"}]}},"_links":{"self":[{"href":"https:\/\/jag.se\/opinion\/wp-json\/wp\/v2\/pressreleases\/28092","targetHints":{"allow":["GET"]}}],"collection":[{"href":"https:\/\/jag.se\/opinion\/wp-json\/wp\/v2\/pressreleases"}],"about":[{"href":"https:\/\/jag.se\/opinion\/wp-json\/wp\/v2\/types\/pressreleases"}],"wp:featuredmedia":[{"embeddable":true,"href":"https:\/\/jag.se\/opinion\/wp-json\/wp\/v2\/media\/28093"}],"wp:attachment":[{"href":"https:\/\/jag.se\/opinion\/wp-json\/wp\/v2\/media?parent=28092"}],"curies":[{"name":"wp","href":"https:\/\/api.w.org\/{rel}","templated":true}]}}