{"id":28094,"date":"2015-03-09T13:00:26","date_gmt":"2015-03-09T12:00:26","guid":{"rendered":"https:\/\/jag.se\/opinion\/pressreleases\/vi-ser-fram-emot-ett-samarbete-med-utredaren-om-villkoren-inom-personlig-assistans\/"},"modified":"2015-03-09T13:00:26","modified_gmt":"2015-03-09T12:00:26","slug":"vi-ser-fram-emot-ett-samarbete-med-utredaren-om-villkoren-inom-personlig-assistans","status":"publish","type":"pressreleases","link":"https:\/\/jag.se\/opinion\/pressreleases\/vi-ser-fram-emot-ett-samarbete-med-utredaren-om-villkoren-inom-personlig-assistans\/","title":{"rendered":"\u201dVi ser fram emot ett samarbete med utredaren om villkoren inom personlig assistans&#8221;"},"content":{"rendered":"<p>F\u00f6rra veckan gick regeringen ut med direktiven f\u00f6r utredningen Ett nytt regelverk f\u00f6r offentlig finansiering av privat utf\u00f6rda v\u00e4lf\u00e4rdstj\u00e4nster. Utredningen ska ledas av Ilmar Reepalu, Malm\u00f6s f\u00f6rre kommunalr\u00e5d, och vara klar senast 1 november 2016. En lagstiftning skulle d\u00e5 kunna inf\u00f6ras innan valet 2018.<\/p>\n<p>Ilmar Reepalu ska utreda f\u00f6ruts\u00e4ttningarna f\u00f6r och f\u00f6resl\u00e5 hur den offentliga finansieringen av privat utf\u00f6rda v\u00e4lf\u00e4rdstj\u00e4nster b\u00f6r regleras. Syftet \u00e4r att s\u00e4kerst\u00e4lla att offentliga medel anv\u00e4nds till just den verksamhet de \u00e4r avsedda f\u00f6r och p\u00e5 ett s\u00e5dant s\u00e4tt att de kommer brukarna till godo. Men ocks\u00e5 att eventuella \u00f6verskott som huvudregel ska \u00e5terf\u00f6ras till den verksamhet d\u00e4r de uppst\u00e5tt.<\/p>\n<p>\u2013 Brukarkooperativet JAG \u00e4r Sveriges allra st\u00f6rsta ideella akt\u00f6r inom vad som brukar kallas omsorg. Vi ser fram emot ett samarbete med utredaren om villkoren inom personlig assistans, s\u00e4ger Cecilia Blanck, verksamhetschef p\u00e5 JAG.<\/p>\n<p>Utredningen kommer ocks\u00e5 att f\u00f6resl\u00e5 hur offentlig finansiering av privat utf\u00f6rda v\u00e4lf\u00e4rdstj\u00e4nster kan utformas s\u00e5 att den s\u00e4krar likv\u00e4rdighet, kvalitet, samh\u00e4llsekonomisk effektivitet, behovsstyrning och \u00f6ppenhet. I direktiven st\u00e5r \u201d Vad g\u00e4ller personlig assistans som bedrivs i privat regi inkluderas s\u00e5dan assistans som bedrivs med st\u00f6d av assistansers\u00e4ttning. De regler som tas fram ska beakta den enskilda brukarens behov, sj\u00e4lvbest\u00e4mmande och r\u00e4ttigheter.\u201d<\/p>\n<p>\u2013 Vi hoppas att utredningen kommer att inse betydelsen av m\u00f6jlighet till brukarmakt i assistansen, s\u00e4ger Cecilia Blanck, verksamhetschef p\u00e5 JAG. Inte bara ur perspektivet konsumentmakt, med valfrihet mellan olika utf\u00f6rare, utan ocks\u00e5 m\u00f6jligheten att sj\u00e4lv eller tillsammans med andra ta makten \u00f6ver sj\u00e4lva utf\u00f6randet av servicen. Och att det m\u00e5ste g\u00e4lla alla assistansanv\u00e4ndare, oavsett funktionsneds\u00e4ttning eller personkrets. Det beh\u00f6ver ocks\u00e5 tydligg\u00f6ras att kvalitet inte fr\u00e4mst handlar om rutiner och system, utan om s\u00e5dant som r\u00e4tten till personlig integritet och att kunna g\u00f6ra samma val som andra i sitt liv.<\/p>\n","protected":false},"featured_media":0,"template":"","class_list":["post-28094","pressreleases","type-pressreleases","status-publish","hentry"],"acf":[],"yoast_head":"<!-- This site is optimized with the Yoast SEO plugin v21.3 - https:\/\/yoast.com\/wordpress\/plugins\/seo\/ -->\n<title>\u201dVi ser fram emot ett samarbete med utredaren om villkoren inom personlig assistans&quot; - JAG Opinion<\/title>\n<meta name=\"robots\" content=\"index, follow, max-snippet:-1, max-image-preview:large, max-video-preview:-1\" \/>\n<link rel=\"canonical\" href=\"https:\/\/jag.se\/opinion\/pressreleases\/vi-ser-fram-emot-ett-samarbete-med-utredaren-om-villkoren-inom-personlig-assistans\/\" \/>\n<meta property=\"og:locale\" content=\"sv_SE\" \/>\n<meta property=\"og:type\" content=\"article\" \/>\n<meta property=\"og:title\" content=\"\u201dVi ser fram emot ett samarbete med utredaren om villkoren inom personlig assistans&quot; - JAG Opinion\" \/>\n<meta property=\"og:description\" content=\"F\u00f6rra veckan gick regeringen ut med direktiven f\u00f6r utredningen Ett nytt regelverk f\u00f6r offentlig finansiering av privat utf\u00f6rda v\u00e4lf\u00e4rdstj\u00e4nster. Utredningen ska ledas av Ilmar Reepalu, Malm\u00f6s f\u00f6rre kommunalr\u00e5d, och vara klar senast 1 november 2016. En lagstiftning skulle d\u00e5 kunna inf\u00f6ras innan valet 2018. Ilmar Reepalu ska utreda f\u00f6ruts\u00e4ttningarna f\u00f6r och f\u00f6resl\u00e5 hur den offentliga\" \/>\n<meta property=\"og:url\" content=\"https:\/\/jag.se\/opinion\/pressreleases\/vi-ser-fram-emot-ett-samarbete-med-utredaren-om-villkoren-inom-personlig-assistans\/\" \/>\n<meta property=\"og:site_name\" content=\"JAG Opinion\" \/>\n<meta name=\"twitter:card\" content=\"summary_large_image\" \/>\n<meta name=\"twitter:label1\" content=\"Ber\u00e4knad l\u00e4stid\" \/>\n\t<meta name=\"twitter:data1\" content=\"2 minuter\" \/>\n<script type=\"application\/ld+json\" class=\"yoast-schema-graph\">{\"@context\":\"https:\/\/schema.org\",\"@graph\":[{\"@type\":\"WebPage\",\"@id\":\"https:\/\/jag.se\/opinion\/pressreleases\/vi-ser-fram-emot-ett-samarbete-med-utredaren-om-villkoren-inom-personlig-assistans\/\",\"url\":\"https:\/\/jag.se\/opinion\/pressreleases\/vi-ser-fram-emot-ett-samarbete-med-utredaren-om-villkoren-inom-personlig-assistans\/\",\"name\":\"\u201dVi ser fram emot ett samarbete med utredaren om villkoren inom personlig assistans\\\" - JAG Opinion\",\"isPartOf\":{\"@id\":\"https:\/\/jag.se\/opinion\/#website\"},\"datePublished\":\"2015-03-09T12:00:26+00:00\",\"dateModified\":\"2015-03-09T12:00:26+00:00\",\"breadcrumb\":{\"@id\":\"https:\/\/jag.se\/opinion\/pressreleases\/vi-ser-fram-emot-ett-samarbete-med-utredaren-om-villkoren-inom-personlig-assistans\/#breadcrumb\"},\"inLanguage\":\"sv-SE\",\"potentialAction\":[{\"@type\":\"ReadAction\",\"target\":[\"https:\/\/jag.se\/opinion\/pressreleases\/vi-ser-fram-emot-ett-samarbete-med-utredaren-om-villkoren-inom-personlig-assistans\/\"]}]},{\"@type\":\"BreadcrumbList\",\"@id\":\"https:\/\/jag.se\/opinion\/pressreleases\/vi-ser-fram-emot-ett-samarbete-med-utredaren-om-villkoren-inom-personlig-assistans\/#breadcrumb\",\"itemListElement\":[{\"@type\":\"ListItem\",\"position\":1,\"name\":\"JAG start\",\"item\":\"https:\/\/jag.se\"},{\"@type\":\"ListItem\",\"position\":2,\"name\":\"Riksf\u00f6reningen JAG\",\"item\":\"https:\/\/jag.se\/opinion\/\"},{\"@type\":\"ListItem\",\"position\":3,\"name\":\"Pressmeddelanden\",\"item\":\"https:\/\/jag.se\/opinion\/pressreleases\/\"},{\"@type\":\"ListItem\",\"position\":4,\"name\":\"\u201dVi ser fram emot ett samarbete med utredaren om villkoren inom personlig assistans&#8221;\"}]},{\"@type\":\"WebSite\",\"@id\":\"https:\/\/jag.se\/opinion\/#website\",\"url\":\"https:\/\/jag.se\/opinion\/\",\"name\":\"JAG Opinion\",\"description\":\"\",\"potentialAction\":[{\"@type\":\"SearchAction\",\"target\":{\"@type\":\"EntryPoint\",\"urlTemplate\":\"https:\/\/jag.se\/opinion\/?s={search_term_string}\"},\"query-input\":\"required name=search_term_string\"}],\"inLanguage\":\"sv-SE\"}]}<\/script>\n<!-- \/ Yoast SEO plugin. -->","yoast_head_json":{"title":"\u201dVi ser fram emot ett samarbete med utredaren om villkoren inom personlig assistans\" - JAG Opinion","robots":{"index":"index","follow":"follow","max-snippet":"max-snippet:-1","max-image-preview":"max-image-preview:large","max-video-preview":"max-video-preview:-1"},"canonical":"https:\/\/jag.se\/opinion\/pressreleases\/vi-ser-fram-emot-ett-samarbete-med-utredaren-om-villkoren-inom-personlig-assistans\/","og_locale":"sv_SE","og_type":"article","og_title":"\u201dVi ser fram emot ett samarbete med utredaren om villkoren inom personlig assistans\" - JAG Opinion","og_description":"F\u00f6rra veckan gick regeringen ut med direktiven f\u00f6r utredningen Ett nytt regelverk f\u00f6r offentlig finansiering av privat utf\u00f6rda v\u00e4lf\u00e4rdstj\u00e4nster. Utredningen ska ledas av Ilmar Reepalu, Malm\u00f6s f\u00f6rre kommunalr\u00e5d, och vara klar senast 1 november 2016. En lagstiftning skulle d\u00e5 kunna inf\u00f6ras innan valet 2018. Ilmar Reepalu ska utreda f\u00f6ruts\u00e4ttningarna f\u00f6r och f\u00f6resl\u00e5 hur den offentliga","og_url":"https:\/\/jag.se\/opinion\/pressreleases\/vi-ser-fram-emot-ett-samarbete-med-utredaren-om-villkoren-inom-personlig-assistans\/","og_site_name":"JAG Opinion","twitter_card":"summary_large_image","twitter_misc":{"Ber\u00e4knad l\u00e4stid":"2 minuter"},"schema":{"@context":"https:\/\/schema.org","@graph":[{"@type":"WebPage","@id":"https:\/\/jag.se\/opinion\/pressreleases\/vi-ser-fram-emot-ett-samarbete-med-utredaren-om-villkoren-inom-personlig-assistans\/","url":"https:\/\/jag.se\/opinion\/pressreleases\/vi-ser-fram-emot-ett-samarbete-med-utredaren-om-villkoren-inom-personlig-assistans\/","name":"\u201dVi ser fram emot ett samarbete med utredaren om villkoren inom personlig assistans\" - JAG Opinion","isPartOf":{"@id":"https:\/\/jag.se\/opinion\/#website"},"datePublished":"2015-03-09T12:00:26+00:00","dateModified":"2015-03-09T12:00:26+00:00","breadcrumb":{"@id":"https:\/\/jag.se\/opinion\/pressreleases\/vi-ser-fram-emot-ett-samarbete-med-utredaren-om-villkoren-inom-personlig-assistans\/#breadcrumb"},"inLanguage":"sv-SE","potentialAction":[{"@type":"ReadAction","target":["https:\/\/jag.se\/opinion\/pressreleases\/vi-ser-fram-emot-ett-samarbete-med-utredaren-om-villkoren-inom-personlig-assistans\/"]}]},{"@type":"BreadcrumbList","@id":"https:\/\/jag.se\/opinion\/pressreleases\/vi-ser-fram-emot-ett-samarbete-med-utredaren-om-villkoren-inom-personlig-assistans\/#breadcrumb","itemListElement":[{"@type":"ListItem","position":1,"name":"JAG start","item":"https:\/\/jag.se"},{"@type":"ListItem","position":2,"name":"Riksf\u00f6reningen JAG","item":"https:\/\/jag.se\/opinion\/"},{"@type":"ListItem","position":3,"name":"Pressmeddelanden","item":"https:\/\/jag.se\/opinion\/pressreleases\/"},{"@type":"ListItem","position":4,"name":"\u201dVi ser fram emot ett samarbete med utredaren om villkoren inom personlig assistans&#8221;"}]},{"@type":"WebSite","@id":"https:\/\/jag.se\/opinion\/#website","url":"https:\/\/jag.se\/opinion\/","name":"JAG Opinion","description":"","potentialAction":[{"@type":"SearchAction","target":{"@type":"EntryPoint","urlTemplate":"https:\/\/jag.se\/opinion\/?s={search_term_string}"},"query-input":"required name=search_term_string"}],"inLanguage":"sv-SE"}]}},"_links":{"self":[{"href":"https:\/\/jag.se\/opinion\/wp-json\/wp\/v2\/pressreleases\/28094","targetHints":{"allow":["GET"]}}],"collection":[{"href":"https:\/\/jag.se\/opinion\/wp-json\/wp\/v2\/pressreleases"}],"about":[{"href":"https:\/\/jag.se\/opinion\/wp-json\/wp\/v2\/types\/pressreleases"}],"wp:attachment":[{"href":"https:\/\/jag.se\/opinion\/wp-json\/wp\/v2\/media?parent=28094"}],"curies":[{"name":"wp","href":"https:\/\/api.w.org\/{rel}","templated":true}]}}