{"id":28095,"date":"2015-03-06T12:26:11","date_gmt":"2015-03-06T11:26:11","guid":{"rendered":"https:\/\/jag.se\/opinion\/pressreleases\/brukarkooperativet-jags-ordforande-en-av-sveriges-viktigaste-kvinnor-2015\/"},"modified":"2015-03-06T12:26:11","modified_gmt":"2015-03-06T11:26:11","slug":"brukarkooperativet-jags-ordforande-en-av-sveriges-viktigaste-kvinnor-2015","status":"publish","type":"pressreleases","link":"https:\/\/jag.se\/opinion\/pressreleases\/brukarkooperativet-jags-ordforande-en-av-sveriges-viktigaste-kvinnor-2015\/","title":{"rendered":"Brukarkooperativet JAGs ordf\u00f6rande \u2013 en av Sveriges viktigaste kvinnor 2015"},"content":{"rendered":"<p>Cecilia Blanck, verksamhetsansvarig och styrelseordf\u00f6rande i Brukarkooperativet JAG, har av tidningen Dagens Samh\u00e4lle \u00e4ven i \u00e5r utsetts till en av Sveriges viktigaste kvinnor i v\u00e4lf\u00e4rden.<\/p>\n<p>Det \u00e4r andra \u00e5ret i rad som Cecilia Blanck \u00e4r med p\u00e5 listan V\u00e4lf\u00e4rdens 100 viktigaste kvinnor. Cecilia rankas p\u00e5 plats nummer 31.<\/p>\n<p>\u2013 Det \u00e4r roligt att JAG syns som den stora verksamhet vi \u00e4r. Brukarstyrd personlig assistans \u00e4r en kraft att r\u00e4kna med! Det \u00e4r ocks\u00e5 bra att Dagens Samh\u00e4lle synligg\u00f6r att m\u00e5nga kvinnor har ledande positioner i samh\u00e4llsb\u00e4rande verksamheter, s\u00e4ger Cecilia Blanck.<\/p>\n","protected":false},"featured_media":28096,"template":"","class_list":["post-28095","pressreleases","type-pressreleases","status-publish","has-post-thumbnail","hentry"],"acf":[],"yoast_head":"<!-- This site is optimized with the Yoast SEO plugin v21.3 - https:\/\/yoast.com\/wordpress\/plugins\/seo\/ -->\n<title>Brukarkooperativet JAGs ordf\u00f6rande \u2013 en av Sveriges viktigaste kvinnor 2015 - JAG Opinion<\/title>\n<meta name=\"robots\" content=\"index, follow, max-snippet:-1, max-image-preview:large, max-video-preview:-1\" \/>\n<link rel=\"canonical\" href=\"https:\/\/jag.se\/opinion\/pressreleases\/brukarkooperativet-jags-ordforande-en-av-sveriges-viktigaste-kvinnor-2015\/\" \/>\n<meta property=\"og:locale\" content=\"sv_SE\" \/>\n<meta property=\"og:type\" content=\"article\" \/>\n<meta property=\"og:title\" content=\"Brukarkooperativet JAGs ordf\u00f6rande \u2013 en av Sveriges viktigaste kvinnor 2015 - JAG Opinion\" \/>\n<meta property=\"og:description\" content=\"Cecilia Blanck, verksamhetsansvarig och styrelseordf\u00f6rande i Brukarkooperativet JAG, har av tidningen Dagens Samh\u00e4lle \u00e4ven i \u00e5r utsetts till en av Sveriges viktigaste kvinnor i v\u00e4lf\u00e4rden. Det \u00e4r andra \u00e5ret i rad som Cecilia Blanck \u00e4r med p\u00e5 listan V\u00e4lf\u00e4rdens 100 viktigaste kvinnor. Cecilia rankas p\u00e5 plats nummer 31. \u2013 Det \u00e4r roligt att JAG syns\" \/>\n<meta property=\"og:url\" content=\"https:\/\/jag.se\/opinion\/pressreleases\/brukarkooperativet-jags-ordforande-en-av-sveriges-viktigaste-kvinnor-2015\/\" \/>\n<meta property=\"og:site_name\" content=\"JAG Opinion\" \/>\n<meta property=\"og:image\" content=\"https:\/\/jag.se\/opinion\/wp-content\/uploads\/sites\/3\/2015\/03\/8a911f2db7893e6e_org-13.jpg\" \/>\n\t<meta property=\"og:image:width\" content=\"450\" \/>\n\t<meta property=\"og:image:height\" content=\"170\" \/>\n\t<meta property=\"og:image:type\" content=\"image\/jpeg\" \/>\n<meta name=\"twitter:card\" content=\"summary_large_image\" \/>\n<meta name=\"twitter:label1\" content=\"Ber\u00e4knad l\u00e4stid\" \/>\n\t<meta name=\"twitter:data1\" content=\"1 minut\" \/>\n<script type=\"application\/ld+json\" class=\"yoast-schema-graph\">{\"@context\":\"https:\/\/schema.org\",\"@graph\":[{\"@type\":\"WebPage\",\"@id\":\"https:\/\/jag.se\/opinion\/pressreleases\/brukarkooperativet-jags-ordforande-en-av-sveriges-viktigaste-kvinnor-2015\/\",\"url\":\"https:\/\/jag.se\/opinion\/pressreleases\/brukarkooperativet-jags-ordforande-en-av-sveriges-viktigaste-kvinnor-2015\/\",\"name\":\"Brukarkooperativet JAGs ordf\u00f6rande \u2013 en av Sveriges viktigaste kvinnor 2015 - JAG Opinion\",\"isPartOf\":{\"@id\":\"https:\/\/jag.se\/opinion\/#website\"},\"datePublished\":\"2015-03-06T11:26:11+00:00\",\"dateModified\":\"2015-03-06T11:26:11+00:00\",\"breadcrumb\":{\"@id\":\"https:\/\/jag.se\/opinion\/pressreleases\/brukarkooperativet-jags-ordforande-en-av-sveriges-viktigaste-kvinnor-2015\/#breadcrumb\"},\"inLanguage\":\"sv-SE\",\"potentialAction\":[{\"@type\":\"ReadAction\",\"target\":[\"https:\/\/jag.se\/opinion\/pressreleases\/brukarkooperativet-jags-ordforande-en-av-sveriges-viktigaste-kvinnor-2015\/\"]}]},{\"@type\":\"BreadcrumbList\",\"@id\":\"https:\/\/jag.se\/opinion\/pressreleases\/brukarkooperativet-jags-ordforande-en-av-sveriges-viktigaste-kvinnor-2015\/#breadcrumb\",\"itemListElement\":[{\"@type\":\"ListItem\",\"position\":1,\"name\":\"JAG start\",\"item\":\"https:\/\/jag.se\"},{\"@type\":\"ListItem\",\"position\":2,\"name\":\"Riksf\u00f6reningen JAG\",\"item\":\"https:\/\/jag.se\/opinion\/\"},{\"@type\":\"ListItem\",\"position\":3,\"name\":\"Pressmeddelanden\",\"item\":\"https:\/\/jag.se\/opinion\/pressreleases\/\"},{\"@type\":\"ListItem\",\"position\":4,\"name\":\"Brukarkooperativet JAGs ordf\u00f6rande \u2013 en av Sveriges viktigaste kvinnor 2015\"}]},{\"@type\":\"WebSite\",\"@id\":\"https:\/\/jag.se\/opinion\/#website\",\"url\":\"https:\/\/jag.se\/opinion\/\",\"name\":\"JAG Opinion\",\"description\":\"\",\"potentialAction\":[{\"@type\":\"SearchAction\",\"target\":{\"@type\":\"EntryPoint\",\"urlTemplate\":\"https:\/\/jag.se\/opinion\/?s={search_term_string}\"},\"query-input\":\"required name=search_term_string\"}],\"inLanguage\":\"sv-SE\"}]}<\/script>\n<!-- \/ Yoast SEO plugin. -->","yoast_head_json":{"title":"Brukarkooperativet JAGs ordf\u00f6rande \u2013 en av Sveriges viktigaste kvinnor 2015 - JAG Opinion","robots":{"index":"index","follow":"follow","max-snippet":"max-snippet:-1","max-image-preview":"max-image-preview:large","max-video-preview":"max-video-preview:-1"},"canonical":"https:\/\/jag.se\/opinion\/pressreleases\/brukarkooperativet-jags-ordforande-en-av-sveriges-viktigaste-kvinnor-2015\/","og_locale":"sv_SE","og_type":"article","og_title":"Brukarkooperativet JAGs ordf\u00f6rande \u2013 en av Sveriges viktigaste kvinnor 2015 - JAG Opinion","og_description":"Cecilia Blanck, verksamhetsansvarig och styrelseordf\u00f6rande i Brukarkooperativet JAG, har av tidningen Dagens Samh\u00e4lle \u00e4ven i \u00e5r utsetts till en av Sveriges viktigaste kvinnor i v\u00e4lf\u00e4rden. Det \u00e4r andra \u00e5ret i rad som Cecilia Blanck \u00e4r med p\u00e5 listan V\u00e4lf\u00e4rdens 100 viktigaste kvinnor. Cecilia rankas p\u00e5 plats nummer 31. \u2013 Det \u00e4r roligt att JAG syns","og_url":"https:\/\/jag.se\/opinion\/pressreleases\/brukarkooperativet-jags-ordforande-en-av-sveriges-viktigaste-kvinnor-2015\/","og_site_name":"JAG Opinion","og_image":[{"width":450,"height":170,"url":"https:\/\/jag.se\/opinion\/wp-content\/uploads\/sites\/3\/2015\/03\/8a911f2db7893e6e_org-13.jpg","type":"image\/jpeg"}],"twitter_card":"summary_large_image","twitter_misc":{"Ber\u00e4knad l\u00e4stid":"1 minut"},"schema":{"@context":"https:\/\/schema.org","@graph":[{"@type":"WebPage","@id":"https:\/\/jag.se\/opinion\/pressreleases\/brukarkooperativet-jags-ordforande-en-av-sveriges-viktigaste-kvinnor-2015\/","url":"https:\/\/jag.se\/opinion\/pressreleases\/brukarkooperativet-jags-ordforande-en-av-sveriges-viktigaste-kvinnor-2015\/","name":"Brukarkooperativet JAGs ordf\u00f6rande \u2013 en av Sveriges viktigaste kvinnor 2015 - JAG Opinion","isPartOf":{"@id":"https:\/\/jag.se\/opinion\/#website"},"datePublished":"2015-03-06T11:26:11+00:00","dateModified":"2015-03-06T11:26:11+00:00","breadcrumb":{"@id":"https:\/\/jag.se\/opinion\/pressreleases\/brukarkooperativet-jags-ordforande-en-av-sveriges-viktigaste-kvinnor-2015\/#breadcrumb"},"inLanguage":"sv-SE","potentialAction":[{"@type":"ReadAction","target":["https:\/\/jag.se\/opinion\/pressreleases\/brukarkooperativet-jags-ordforande-en-av-sveriges-viktigaste-kvinnor-2015\/"]}]},{"@type":"BreadcrumbList","@id":"https:\/\/jag.se\/opinion\/pressreleases\/brukarkooperativet-jags-ordforande-en-av-sveriges-viktigaste-kvinnor-2015\/#breadcrumb","itemListElement":[{"@type":"ListItem","position":1,"name":"JAG start","item":"https:\/\/jag.se"},{"@type":"ListItem","position":2,"name":"Riksf\u00f6reningen JAG","item":"https:\/\/jag.se\/opinion\/"},{"@type":"ListItem","position":3,"name":"Pressmeddelanden","item":"https:\/\/jag.se\/opinion\/pressreleases\/"},{"@type":"ListItem","position":4,"name":"Brukarkooperativet JAGs ordf\u00f6rande \u2013 en av Sveriges viktigaste kvinnor 2015"}]},{"@type":"WebSite","@id":"https:\/\/jag.se\/opinion\/#website","url":"https:\/\/jag.se\/opinion\/","name":"JAG Opinion","description":"","potentialAction":[{"@type":"SearchAction","target":{"@type":"EntryPoint","urlTemplate":"https:\/\/jag.se\/opinion\/?s={search_term_string}"},"query-input":"required name=search_term_string"}],"inLanguage":"sv-SE"}]}},"_links":{"self":[{"href":"https:\/\/jag.se\/opinion\/wp-json\/wp\/v2\/pressreleases\/28095","targetHints":{"allow":["GET"]}}],"collection":[{"href":"https:\/\/jag.se\/opinion\/wp-json\/wp\/v2\/pressreleases"}],"about":[{"href":"https:\/\/jag.se\/opinion\/wp-json\/wp\/v2\/types\/pressreleases"}],"wp:featuredmedia":[{"embeddable":true,"href":"https:\/\/jag.se\/opinion\/wp-json\/wp\/v2\/media\/28096"}],"wp:attachment":[{"href":"https:\/\/jag.se\/opinion\/wp-json\/wp\/v2\/media?parent=28095"}],"curies":[{"name":"wp","href":"https:\/\/api.w.org\/{rel}","templated":true}]}}