{"id":28097,"date":"2015-01-12T15:40:57","date_gmt":"2015-01-12T14:40:57","guid":{"rendered":"https:\/\/jag.se\/opinion\/pressreleases\/alla-aktorer-maste-ta-sitt-ansvar-och-varna-assistansreformen\/"},"modified":"2015-01-12T15:40:57","modified_gmt":"2015-01-12T14:40:57","slug":"alla-aktorer-maste-ta-sitt-ansvar-och-varna-assistansreformen","status":"publish","type":"pressreleases","link":"https:\/\/jag.se\/opinion\/pressreleases\/alla-aktorer-maste-ta-sitt-ansvar-och-varna-assistansreformen\/","title":{"rendered":"Alla akt\u00f6rer m\u00e5ste ta sitt ansvar och v\u00e4rna assistansreformen"},"content":{"rendered":"<p>Det \u00e4r inte till\u00e5tet att anv\u00e4nda sin assistansers\u00e4ttning till n\u00e5got annat \u00e4n personlig assistans. F\u00f6reningen JAG tar starkt avst\u00e5nd fr\u00e5n marknadsf\u00f6ringsmetoder som g\u00e5r ut p\u00e5 att berika assistansv\u00e4ndaren sj\u00e4lv eller dennes n\u00e4rst\u00e5ende. Det \u00e4r ett agerande som riskerar att allvarligt skada framtiden f\u00f6r oss assistansanv\u00e4ndare.<\/p>\n<p>Personlig assistans \u00e4r f\u00f6r oss som \u00e4r medlemmar i JAG en livsviktig r\u00e4ttighet som ger sj\u00e4lvbest\u00e4mmande och en m\u00f6jlighet att leva som andra i samh\u00e4llet. Vi vet att f\u00f6rtroendet bland allm\u00e4nheten om att pengarna beh\u00f6vs och anv\u00e4nds r\u00e4tt \u00e4r avg\u00f6rande f\u00f6r reformens \u00f6verlevnad.<\/p>\n<p>V\u00e5r \u00f6vertygelse \u00e4r att pengarna n\u00e4stan alltid anv\u00e4nds r\u00e4tt. F\u00f6r en j\u00e4mf\u00f6relsevis makal\u00f6st l\u00e5g timpeng k\u00f6per samh\u00e4llet en kvalificerad tj\u00e4nst av personer som alltid \u00e4r p\u00e5 r\u00e4tt plats vid r\u00e4tt tillf\u00e4lle. Alla alternativa st\u00f6dformer \u00e4r dyrare och mer ineffektiva. Och vi \u00e4r lika \u00f6vertygade om att n\u00e4stan alla anh\u00f6riga inget hellre vill \u00e4n att pengarna g\u00e5r till personlig assistans av h\u00f6gsta kvalitet. M\u00e5nga av dem l\u00e4gger dessutom oftast ner enormt mycket oavl\u00f6nad tid p\u00e5 att hj\u00e4lpa sin n\u00e4rst\u00e5ende att f\u00e5 ett bra liv.<\/p>\n<p>Vi hoppas att de vinstdrivande delarna av branschen ska inse sitt ansvar att v\u00e4rna reformen l\u00e5ngsiktigt. F\u00f6r vissa bolags\u00e4gare kanske assistansreformen \u00e4r viktig i n\u00e5gra \u00e5r. F\u00f6r oss kommer den att vara viktig hela livet.<\/p>\n","protected":false},"featured_media":0,"template":"","class_list":["post-28097","pressreleases","type-pressreleases","status-publish","hentry"],"acf":[],"yoast_head":"<!-- This site is optimized with the Yoast SEO plugin v21.3 - https:\/\/yoast.com\/wordpress\/plugins\/seo\/ -->\n<title>Alla akt\u00f6rer m\u00e5ste ta sitt ansvar och v\u00e4rna assistansreformen - JAG Opinion<\/title>\n<meta name=\"robots\" content=\"index, follow, max-snippet:-1, max-image-preview:large, max-video-preview:-1\" \/>\n<link rel=\"canonical\" href=\"https:\/\/jag.se\/opinion\/pressreleases\/alla-aktorer-maste-ta-sitt-ansvar-och-varna-assistansreformen\/\" \/>\n<meta property=\"og:locale\" content=\"sv_SE\" \/>\n<meta property=\"og:type\" content=\"article\" \/>\n<meta property=\"og:title\" content=\"Alla akt\u00f6rer m\u00e5ste ta sitt ansvar och v\u00e4rna assistansreformen - JAG Opinion\" \/>\n<meta property=\"og:description\" content=\"Det \u00e4r inte till\u00e5tet att anv\u00e4nda sin assistansers\u00e4ttning till n\u00e5got annat \u00e4n personlig assistans. F\u00f6reningen JAG tar starkt avst\u00e5nd fr\u00e5n marknadsf\u00f6ringsmetoder som g\u00e5r ut p\u00e5 att berika assistansv\u00e4ndaren sj\u00e4lv eller dennes n\u00e4rst\u00e5ende. Det \u00e4r ett agerande som riskerar att allvarligt skada framtiden f\u00f6r oss assistansanv\u00e4ndare. Personlig assistans \u00e4r f\u00f6r oss som \u00e4r medlemmar i JAG\" \/>\n<meta property=\"og:url\" content=\"https:\/\/jag.se\/opinion\/pressreleases\/alla-aktorer-maste-ta-sitt-ansvar-och-varna-assistansreformen\/\" \/>\n<meta property=\"og:site_name\" content=\"JAG Opinion\" \/>\n<meta name=\"twitter:card\" content=\"summary_large_image\" \/>\n<meta name=\"twitter:label1\" content=\"Ber\u00e4knad l\u00e4stid\" \/>\n\t<meta name=\"twitter:data1\" content=\"1 minut\" \/>\n<script type=\"application\/ld+json\" class=\"yoast-schema-graph\">{\"@context\":\"https:\/\/schema.org\",\"@graph\":[{\"@type\":\"WebPage\",\"@id\":\"https:\/\/jag.se\/opinion\/pressreleases\/alla-aktorer-maste-ta-sitt-ansvar-och-varna-assistansreformen\/\",\"url\":\"https:\/\/jag.se\/opinion\/pressreleases\/alla-aktorer-maste-ta-sitt-ansvar-och-varna-assistansreformen\/\",\"name\":\"Alla akt\u00f6rer m\u00e5ste ta sitt ansvar och v\u00e4rna assistansreformen - JAG Opinion\",\"isPartOf\":{\"@id\":\"https:\/\/jag.se\/opinion\/#website\"},\"datePublished\":\"2015-01-12T14:40:57+00:00\",\"dateModified\":\"2015-01-12T14:40:57+00:00\",\"breadcrumb\":{\"@id\":\"https:\/\/jag.se\/opinion\/pressreleases\/alla-aktorer-maste-ta-sitt-ansvar-och-varna-assistansreformen\/#breadcrumb\"},\"inLanguage\":\"sv-SE\",\"potentialAction\":[{\"@type\":\"ReadAction\",\"target\":[\"https:\/\/jag.se\/opinion\/pressreleases\/alla-aktorer-maste-ta-sitt-ansvar-och-varna-assistansreformen\/\"]}]},{\"@type\":\"BreadcrumbList\",\"@id\":\"https:\/\/jag.se\/opinion\/pressreleases\/alla-aktorer-maste-ta-sitt-ansvar-och-varna-assistansreformen\/#breadcrumb\",\"itemListElement\":[{\"@type\":\"ListItem\",\"position\":1,\"name\":\"JAG start\",\"item\":\"https:\/\/jag.se\"},{\"@type\":\"ListItem\",\"position\":2,\"name\":\"Riksf\u00f6reningen JAG\",\"item\":\"https:\/\/jag.se\/opinion\/\"},{\"@type\":\"ListItem\",\"position\":3,\"name\":\"Pressmeddelanden\",\"item\":\"https:\/\/jag.se\/opinion\/pressreleases\/\"},{\"@type\":\"ListItem\",\"position\":4,\"name\":\"Alla akt\u00f6rer m\u00e5ste ta sitt ansvar och v\u00e4rna assistansreformen\"}]},{\"@type\":\"WebSite\",\"@id\":\"https:\/\/jag.se\/opinion\/#website\",\"url\":\"https:\/\/jag.se\/opinion\/\",\"name\":\"JAG Opinion\",\"description\":\"\",\"potentialAction\":[{\"@type\":\"SearchAction\",\"target\":{\"@type\":\"EntryPoint\",\"urlTemplate\":\"https:\/\/jag.se\/opinion\/?s={search_term_string}\"},\"query-input\":\"required name=search_term_string\"}],\"inLanguage\":\"sv-SE\"}]}<\/script>\n<!-- \/ Yoast SEO plugin. -->","yoast_head_json":{"title":"Alla akt\u00f6rer m\u00e5ste ta sitt ansvar och v\u00e4rna assistansreformen - JAG Opinion","robots":{"index":"index","follow":"follow","max-snippet":"max-snippet:-1","max-image-preview":"max-image-preview:large","max-video-preview":"max-video-preview:-1"},"canonical":"https:\/\/jag.se\/opinion\/pressreleases\/alla-aktorer-maste-ta-sitt-ansvar-och-varna-assistansreformen\/","og_locale":"sv_SE","og_type":"article","og_title":"Alla akt\u00f6rer m\u00e5ste ta sitt ansvar och v\u00e4rna assistansreformen - JAG Opinion","og_description":"Det \u00e4r inte till\u00e5tet att anv\u00e4nda sin assistansers\u00e4ttning till n\u00e5got annat \u00e4n personlig assistans. F\u00f6reningen JAG tar starkt avst\u00e5nd fr\u00e5n marknadsf\u00f6ringsmetoder som g\u00e5r ut p\u00e5 att berika assistansv\u00e4ndaren sj\u00e4lv eller dennes n\u00e4rst\u00e5ende. Det \u00e4r ett agerande som riskerar att allvarligt skada framtiden f\u00f6r oss assistansanv\u00e4ndare. Personlig assistans \u00e4r f\u00f6r oss som \u00e4r medlemmar i JAG","og_url":"https:\/\/jag.se\/opinion\/pressreleases\/alla-aktorer-maste-ta-sitt-ansvar-och-varna-assistansreformen\/","og_site_name":"JAG Opinion","twitter_card":"summary_large_image","twitter_misc":{"Ber\u00e4knad l\u00e4stid":"1 minut"},"schema":{"@context":"https:\/\/schema.org","@graph":[{"@type":"WebPage","@id":"https:\/\/jag.se\/opinion\/pressreleases\/alla-aktorer-maste-ta-sitt-ansvar-och-varna-assistansreformen\/","url":"https:\/\/jag.se\/opinion\/pressreleases\/alla-aktorer-maste-ta-sitt-ansvar-och-varna-assistansreformen\/","name":"Alla akt\u00f6rer m\u00e5ste ta sitt ansvar och v\u00e4rna assistansreformen - JAG Opinion","isPartOf":{"@id":"https:\/\/jag.se\/opinion\/#website"},"datePublished":"2015-01-12T14:40:57+00:00","dateModified":"2015-01-12T14:40:57+00:00","breadcrumb":{"@id":"https:\/\/jag.se\/opinion\/pressreleases\/alla-aktorer-maste-ta-sitt-ansvar-och-varna-assistansreformen\/#breadcrumb"},"inLanguage":"sv-SE","potentialAction":[{"@type":"ReadAction","target":["https:\/\/jag.se\/opinion\/pressreleases\/alla-aktorer-maste-ta-sitt-ansvar-och-varna-assistansreformen\/"]}]},{"@type":"BreadcrumbList","@id":"https:\/\/jag.se\/opinion\/pressreleases\/alla-aktorer-maste-ta-sitt-ansvar-och-varna-assistansreformen\/#breadcrumb","itemListElement":[{"@type":"ListItem","position":1,"name":"JAG start","item":"https:\/\/jag.se"},{"@type":"ListItem","position":2,"name":"Riksf\u00f6reningen JAG","item":"https:\/\/jag.se\/opinion\/"},{"@type":"ListItem","position":3,"name":"Pressmeddelanden","item":"https:\/\/jag.se\/opinion\/pressreleases\/"},{"@type":"ListItem","position":4,"name":"Alla akt\u00f6rer m\u00e5ste ta sitt ansvar och v\u00e4rna assistansreformen"}]},{"@type":"WebSite","@id":"https:\/\/jag.se\/opinion\/#website","url":"https:\/\/jag.se\/opinion\/","name":"JAG Opinion","description":"","potentialAction":[{"@type":"SearchAction","target":{"@type":"EntryPoint","urlTemplate":"https:\/\/jag.se\/opinion\/?s={search_term_string}"},"query-input":"required name=search_term_string"}],"inLanguage":"sv-SE"}]}},"_links":{"self":[{"href":"https:\/\/jag.se\/opinion\/wp-json\/wp\/v2\/pressreleases\/28097","targetHints":{"allow":["GET"]}}],"collection":[{"href":"https:\/\/jag.se\/opinion\/wp-json\/wp\/v2\/pressreleases"}],"about":[{"href":"https:\/\/jag.se\/opinion\/wp-json\/wp\/v2\/types\/pressreleases"}],"wp:attachment":[{"href":"https:\/\/jag.se\/opinion\/wp-json\/wp\/v2\/media?parent=28097"}],"curies":[{"name":"wp","href":"https:\/\/api.w.org\/{rel}","templated":true}]}}