{"id":28098,"date":"2014-12-05T05:45:00","date_gmt":"2014-12-05T04:45:00","guid":{"rendered":"https:\/\/jag.se\/opinion\/pressreleases\/alla-barn-kan-vara-med\/"},"modified":"2014-12-05T05:45:00","modified_gmt":"2014-12-05T04:45:00","slug":"alla-barn-kan-vara-med","status":"publish","type":"pressreleases","link":"https:\/\/jag.se\/opinion\/pressreleases\/alla-barn-kan-vara-med\/","title":{"rendered":"Alla barn kan vara med!"},"content":{"rendered":"<p>Medlemmarna i F\u00f6reningen JAG har stora funktionsneds\u00e4ttningar och nedsatt intellektuell f\u00f6r f\u00f6rm\u00e5ga. N\u00e4stan alla har personlig assistans f\u00f6r att kunna leva ett bra liv. JAG vill att alla medlemmar i f\u00f6reningen ska kunna leva med sin familj och som andra i samh\u00e4llet, f\u00e5 nya upplevelser och erfarenheter p\u00e5 ett tryggt s\u00e4tt och m\u00e5 bra p\u00e5 alla vis.<\/p>\n<p>Baka pepparkakor i form av person i rullstol.\u00a0\u00a0(http:\/\/jagbutiken.tictail.com\/)<br \/>\nBarn och personlig assistans \u2013 l\u00e4s mer i boken \u201dJag \u00e4r med!\u201d\u00a0\u00a0(http:\/\/www.jag.se\/om-jag\/bocker)<br \/>\nBoken finns ocks\u00e5 att ladda ner som PDF.\u00a0(http:\/\/www.jag.se\/sites\/default\/files\/Barns delaktighet-boken.pdf)<br \/>\nPersonlig assistans ska f\u00e5 vardagen att funka.\u00a0(http:\/\/www.jag.se\/nyhet\/personlig-assistans-ska-fa-vardagen-att-funka)<\/p>\n","protected":false},"featured_media":28099,"template":"","class_list":["post-28098","pressreleases","type-pressreleases","status-publish","has-post-thumbnail","hentry"],"acf":[],"yoast_head":"<!-- This site is optimized with the Yoast SEO plugin v21.3 - https:\/\/yoast.com\/wordpress\/plugins\/seo\/ -->\n<title>Alla barn kan vara med! - JAG Opinion<\/title>\n<meta name=\"robots\" content=\"index, follow, max-snippet:-1, max-image-preview:large, max-video-preview:-1\" \/>\n<link rel=\"canonical\" href=\"https:\/\/jag.se\/opinion\/pressreleases\/alla-barn-kan-vara-med\/\" \/>\n<meta property=\"og:locale\" content=\"sv_SE\" \/>\n<meta property=\"og:type\" content=\"article\" \/>\n<meta property=\"og:title\" content=\"Alla barn kan vara med! - JAG Opinion\" \/>\n<meta property=\"og:description\" content=\"Medlemmarna i F\u00f6reningen JAG har stora funktionsneds\u00e4ttningar och nedsatt intellektuell f\u00f6r f\u00f6rm\u00e5ga. N\u00e4stan alla har personlig assistans f\u00f6r att kunna leva ett bra liv. JAG vill att alla medlemmar i f\u00f6reningen ska kunna leva med sin familj och som andra i samh\u00e4llet, f\u00e5 nya upplevelser och erfarenheter p\u00e5 ett tryggt s\u00e4tt och m\u00e5 bra p\u00e5\" \/>\n<meta property=\"og:url\" content=\"https:\/\/jag.se\/opinion\/pressreleases\/alla-barn-kan-vara-med\/\" \/>\n<meta property=\"og:site_name\" content=\"JAG Opinion\" \/>\n<meta property=\"og:image\" content=\"https:\/\/jag.se\/opinion\/wp-content\/uploads\/sites\/3\/2014\/12\/88b305c7d9290be7_org-11.jpg\" \/>\n\t<meta property=\"og:image:width\" content=\"1224\" \/>\n\t<meta property=\"og:image:height\" content=\"532\" \/>\n\t<meta property=\"og:image:type\" content=\"image\/jpeg\" \/>\n<meta name=\"twitter:card\" content=\"summary_large_image\" \/>\n<meta name=\"twitter:label1\" content=\"Ber\u00e4knad l\u00e4stid\" \/>\n\t<meta name=\"twitter:data1\" content=\"1 minut\" \/>\n<script type=\"application\/ld+json\" class=\"yoast-schema-graph\">{\"@context\":\"https:\/\/schema.org\",\"@graph\":[{\"@type\":\"WebPage\",\"@id\":\"https:\/\/jag.se\/opinion\/pressreleases\/alla-barn-kan-vara-med\/\",\"url\":\"https:\/\/jag.se\/opinion\/pressreleases\/alla-barn-kan-vara-med\/\",\"name\":\"Alla barn kan vara med! - JAG Opinion\",\"isPartOf\":{\"@id\":\"https:\/\/jag.se\/opinion\/#website\"},\"datePublished\":\"2014-12-05T04:45:00+00:00\",\"dateModified\":\"2014-12-05T04:45:00+00:00\",\"breadcrumb\":{\"@id\":\"https:\/\/jag.se\/opinion\/pressreleases\/alla-barn-kan-vara-med\/#breadcrumb\"},\"inLanguage\":\"sv-SE\",\"potentialAction\":[{\"@type\":\"ReadAction\",\"target\":[\"https:\/\/jag.se\/opinion\/pressreleases\/alla-barn-kan-vara-med\/\"]}]},{\"@type\":\"BreadcrumbList\",\"@id\":\"https:\/\/jag.se\/opinion\/pressreleases\/alla-barn-kan-vara-med\/#breadcrumb\",\"itemListElement\":[{\"@type\":\"ListItem\",\"position\":1,\"name\":\"JAG start\",\"item\":\"https:\/\/jag.se\"},{\"@type\":\"ListItem\",\"position\":2,\"name\":\"Riksf\u00f6reningen JAG\",\"item\":\"https:\/\/jag.se\/opinion\/\"},{\"@type\":\"ListItem\",\"position\":3,\"name\":\"Pressmeddelanden\",\"item\":\"https:\/\/jag.se\/opinion\/pressreleases\/\"},{\"@type\":\"ListItem\",\"position\":4,\"name\":\"Alla barn kan vara med!\"}]},{\"@type\":\"WebSite\",\"@id\":\"https:\/\/jag.se\/opinion\/#website\",\"url\":\"https:\/\/jag.se\/opinion\/\",\"name\":\"JAG Opinion\",\"description\":\"\",\"potentialAction\":[{\"@type\":\"SearchAction\",\"target\":{\"@type\":\"EntryPoint\",\"urlTemplate\":\"https:\/\/jag.se\/opinion\/?s={search_term_string}\"},\"query-input\":\"required name=search_term_string\"}],\"inLanguage\":\"sv-SE\"}]}<\/script>\n<!-- \/ Yoast SEO plugin. -->","yoast_head_json":{"title":"Alla barn kan vara med! - JAG Opinion","robots":{"index":"index","follow":"follow","max-snippet":"max-snippet:-1","max-image-preview":"max-image-preview:large","max-video-preview":"max-video-preview:-1"},"canonical":"https:\/\/jag.se\/opinion\/pressreleases\/alla-barn-kan-vara-med\/","og_locale":"sv_SE","og_type":"article","og_title":"Alla barn kan vara med! - JAG Opinion","og_description":"Medlemmarna i F\u00f6reningen JAG har stora funktionsneds\u00e4ttningar och nedsatt intellektuell f\u00f6r f\u00f6rm\u00e5ga. N\u00e4stan alla har personlig assistans f\u00f6r att kunna leva ett bra liv. JAG vill att alla medlemmar i f\u00f6reningen ska kunna leva med sin familj och som andra i samh\u00e4llet, f\u00e5 nya upplevelser och erfarenheter p\u00e5 ett tryggt s\u00e4tt och m\u00e5 bra p\u00e5","og_url":"https:\/\/jag.se\/opinion\/pressreleases\/alla-barn-kan-vara-med\/","og_site_name":"JAG Opinion","og_image":[{"width":1224,"height":532,"url":"https:\/\/jag.se\/opinion\/wp-content\/uploads\/sites\/3\/2014\/12\/88b305c7d9290be7_org-11.jpg","type":"image\/jpeg"}],"twitter_card":"summary_large_image","twitter_misc":{"Ber\u00e4knad l\u00e4stid":"1 minut"},"schema":{"@context":"https:\/\/schema.org","@graph":[{"@type":"WebPage","@id":"https:\/\/jag.se\/opinion\/pressreleases\/alla-barn-kan-vara-med\/","url":"https:\/\/jag.se\/opinion\/pressreleases\/alla-barn-kan-vara-med\/","name":"Alla barn kan vara med! - JAG Opinion","isPartOf":{"@id":"https:\/\/jag.se\/opinion\/#website"},"datePublished":"2014-12-05T04:45:00+00:00","dateModified":"2014-12-05T04:45:00+00:00","breadcrumb":{"@id":"https:\/\/jag.se\/opinion\/pressreleases\/alla-barn-kan-vara-med\/#breadcrumb"},"inLanguage":"sv-SE","potentialAction":[{"@type":"ReadAction","target":["https:\/\/jag.se\/opinion\/pressreleases\/alla-barn-kan-vara-med\/"]}]},{"@type":"BreadcrumbList","@id":"https:\/\/jag.se\/opinion\/pressreleases\/alla-barn-kan-vara-med\/#breadcrumb","itemListElement":[{"@type":"ListItem","position":1,"name":"JAG start","item":"https:\/\/jag.se"},{"@type":"ListItem","position":2,"name":"Riksf\u00f6reningen JAG","item":"https:\/\/jag.se\/opinion\/"},{"@type":"ListItem","position":3,"name":"Pressmeddelanden","item":"https:\/\/jag.se\/opinion\/pressreleases\/"},{"@type":"ListItem","position":4,"name":"Alla barn kan vara med!"}]},{"@type":"WebSite","@id":"https:\/\/jag.se\/opinion\/#website","url":"https:\/\/jag.se\/opinion\/","name":"JAG Opinion","description":"","potentialAction":[{"@type":"SearchAction","target":{"@type":"EntryPoint","urlTemplate":"https:\/\/jag.se\/opinion\/?s={search_term_string}"},"query-input":"required name=search_term_string"}],"inLanguage":"sv-SE"}]}},"_links":{"self":[{"href":"https:\/\/jag.se\/opinion\/wp-json\/wp\/v2\/pressreleases\/28098","targetHints":{"allow":["GET"]}}],"collection":[{"href":"https:\/\/jag.se\/opinion\/wp-json\/wp\/v2\/pressreleases"}],"about":[{"href":"https:\/\/jag.se\/opinion\/wp-json\/wp\/v2\/types\/pressreleases"}],"wp:featuredmedia":[{"embeddable":true,"href":"https:\/\/jag.se\/opinion\/wp-json\/wp\/v2\/media\/28099"}],"wp:attachment":[{"href":"https:\/\/jag.se\/opinion\/wp-json\/wp\/v2\/media?parent=28098"}],"curies":[{"name":"wp","href":"https:\/\/api.w.org\/{rel}","templated":true}]}}