{"id":28102,"date":"2014-11-11T05:57:00","date_gmt":"2014-11-11T04:57:00","guid":{"rendered":"https:\/\/jag.se\/opinion\/pressreleases\/foreningen-jag-pa-mr-dagarna-i-umea-med-ratt-stod-ar-allt-mojligt\/"},"modified":"2014-11-11T05:57:00","modified_gmt":"2014-11-11T04:57:00","slug":"foreningen-jag-pa-mr-dagarna-i-umea-med-ratt-stod-ar-allt-mojligt","status":"publish","type":"pressreleases","link":"https:\/\/jag.se\/opinion\/pressreleases\/foreningen-jag-pa-mr-dagarna-i-umea-med-ratt-stod-ar-allt-mojligt\/","title":{"rendered":"F\u00f6reningen JAG p\u00e5 MR-dagarna i Ume\u00e5 &#8211; med r\u00e4tt st\u00f6d \u00e4r allt m\u00f6jligt!"},"content":{"rendered":"<p>Det h\u00e4r \u00e4r en f\u00f6rel\u00e4sning om att v\u00e5ga ta plats, synas och att g\u00f6ra sin r\u00f6st h\u00f6rd f\u00f6r att ber\u00e4tta n\u00e5got viktigt. Nicklas Benn vill med den h\u00e4r f\u00f6rel\u00e4sningen visa hur han arbetar och inspirera andra att ocks\u00e5 v\u00e5ga ta plats och uttrycka sig p\u00e5 scen. Alla som jobbar med kultur kan ta l\u00e4rdom av Nicklas. Med r\u00e4tt st\u00f6d \u00e4r allt m\u00f6jligt.<\/p>\n<p>Nicklas pratar inte med ord utan kommunicerar med ansiktsuttryck och \u00f6gon- och munr\u00f6relser. Nicklas har personlig assistans som sitt kommunikationshj\u00e4lpmedel.<\/p>\n<p>Nicklas Benn, F\u00f6reningen JAG, f\u00f6rel\u00e4ser torsdag 13 november 11.00-12.00 i Ume\u00e5 Folkets Hus, Miklag\u00e5rd.<\/p>\n<p>Trailer till filmen om f\u00f6rest\u00e4llningen &#8221;Vet du vem jag \u00e4r?&#8221;\u00a0(https:\/\/www.youtube.com\/watch?v=QcmA-YrQvR8)<\/p>\n<p>L\u00e4s mer om MR-dagarna.\u00a0(http:\/\/www.mrdagarna.nu\/)<\/p>\n<p>Kontakta Nicklas Benn p\u00e5\u00a0070-080 0861 eller p\u00e5\u00a0e-post\u00a0nicklas.benn@jag.se\u00a0(nicklas.benn@jag.se)<\/p>\n","protected":false},"featured_media":28103,"template":"","class_list":["post-28102","pressreleases","type-pressreleases","status-publish","has-post-thumbnail","hentry"],"acf":[],"yoast_head":"<!-- This site is optimized with the Yoast SEO plugin v21.3 - https:\/\/yoast.com\/wordpress\/plugins\/seo\/ -->\n<title>F\u00f6reningen JAG p\u00e5 MR-dagarna i Ume\u00e5 - med r\u00e4tt st\u00f6d \u00e4r allt m\u00f6jligt! - JAG Opinion<\/title>\n<meta name=\"robots\" content=\"index, follow, max-snippet:-1, max-image-preview:large, max-video-preview:-1\" \/>\n<link rel=\"canonical\" href=\"https:\/\/jag.se\/opinion\/pressreleases\/foreningen-jag-pa-mr-dagarna-i-umea-med-ratt-stod-ar-allt-mojligt\/\" \/>\n<meta property=\"og:locale\" content=\"sv_SE\" \/>\n<meta property=\"og:type\" content=\"article\" \/>\n<meta property=\"og:title\" content=\"F\u00f6reningen JAG p\u00e5 MR-dagarna i Ume\u00e5 - med r\u00e4tt st\u00f6d \u00e4r allt m\u00f6jligt! - JAG Opinion\" \/>\n<meta property=\"og:description\" content=\"Det h\u00e4r \u00e4r en f\u00f6rel\u00e4sning om att v\u00e5ga ta plats, synas och att g\u00f6ra sin r\u00f6st h\u00f6rd f\u00f6r att ber\u00e4tta n\u00e5got viktigt. Nicklas Benn vill med den h\u00e4r f\u00f6rel\u00e4sningen visa hur han arbetar och inspirera andra att ocks\u00e5 v\u00e5ga ta plats och uttrycka sig p\u00e5 scen. Alla som jobbar med kultur kan ta l\u00e4rdom av\" \/>\n<meta property=\"og:url\" content=\"https:\/\/jag.se\/opinion\/pressreleases\/foreningen-jag-pa-mr-dagarna-i-umea-med-ratt-stod-ar-allt-mojligt\/\" \/>\n<meta property=\"og:site_name\" content=\"JAG Opinion\" \/>\n<meta property=\"og:image\" content=\"https:\/\/jag.se\/opinion\/wp-content\/uploads\/sites\/3\/2014\/11\/9343c4ee7d3a15bd_org-11-scaled.jpg\" \/>\n\t<meta property=\"og:image:width\" content=\"2560\" \/>\n\t<meta property=\"og:image:height\" content=\"870\" \/>\n\t<meta property=\"og:image:type\" content=\"image\/jpeg\" \/>\n<meta name=\"twitter:card\" content=\"summary_large_image\" \/>\n<meta name=\"twitter:label1\" content=\"Ber\u00e4knad l\u00e4stid\" \/>\n\t<meta name=\"twitter:data1\" content=\"1 minut\" \/>\n<script type=\"application\/ld+json\" class=\"yoast-schema-graph\">{\"@context\":\"https:\/\/schema.org\",\"@graph\":[{\"@type\":\"WebPage\",\"@id\":\"https:\/\/jag.se\/opinion\/pressreleases\/foreningen-jag-pa-mr-dagarna-i-umea-med-ratt-stod-ar-allt-mojligt\/\",\"url\":\"https:\/\/jag.se\/opinion\/pressreleases\/foreningen-jag-pa-mr-dagarna-i-umea-med-ratt-stod-ar-allt-mojligt\/\",\"name\":\"F\u00f6reningen JAG p\u00e5 MR-dagarna i Ume\u00e5 - med r\u00e4tt st\u00f6d \u00e4r allt m\u00f6jligt! - JAG Opinion\",\"isPartOf\":{\"@id\":\"https:\/\/jag.se\/opinion\/#website\"},\"datePublished\":\"2014-11-11T04:57:00+00:00\",\"dateModified\":\"2014-11-11T04:57:00+00:00\",\"breadcrumb\":{\"@id\":\"https:\/\/jag.se\/opinion\/pressreleases\/foreningen-jag-pa-mr-dagarna-i-umea-med-ratt-stod-ar-allt-mojligt\/#breadcrumb\"},\"inLanguage\":\"sv-SE\",\"potentialAction\":[{\"@type\":\"ReadAction\",\"target\":[\"https:\/\/jag.se\/opinion\/pressreleases\/foreningen-jag-pa-mr-dagarna-i-umea-med-ratt-stod-ar-allt-mojligt\/\"]}]},{\"@type\":\"BreadcrumbList\",\"@id\":\"https:\/\/jag.se\/opinion\/pressreleases\/foreningen-jag-pa-mr-dagarna-i-umea-med-ratt-stod-ar-allt-mojligt\/#breadcrumb\",\"itemListElement\":[{\"@type\":\"ListItem\",\"position\":1,\"name\":\"JAG start\",\"item\":\"https:\/\/jag.se\"},{\"@type\":\"ListItem\",\"position\":2,\"name\":\"Riksf\u00f6reningen JAG\",\"item\":\"https:\/\/jag.se\/opinion\/\"},{\"@type\":\"ListItem\",\"position\":3,\"name\":\"Pressmeddelanden\",\"item\":\"https:\/\/jag.se\/opinion\/pressreleases\/\"},{\"@type\":\"ListItem\",\"position\":4,\"name\":\"F\u00f6reningen JAG p\u00e5 MR-dagarna i Ume\u00e5 &#8211; med r\u00e4tt st\u00f6d \u00e4r allt m\u00f6jligt!\"}]},{\"@type\":\"WebSite\",\"@id\":\"https:\/\/jag.se\/opinion\/#website\",\"url\":\"https:\/\/jag.se\/opinion\/\",\"name\":\"JAG Opinion\",\"description\":\"\",\"potentialAction\":[{\"@type\":\"SearchAction\",\"target\":{\"@type\":\"EntryPoint\",\"urlTemplate\":\"https:\/\/jag.se\/opinion\/?s={search_term_string}\"},\"query-input\":\"required name=search_term_string\"}],\"inLanguage\":\"sv-SE\"}]}<\/script>\n<!-- \/ Yoast SEO plugin. -->","yoast_head_json":{"title":"F\u00f6reningen JAG p\u00e5 MR-dagarna i Ume\u00e5 - med r\u00e4tt st\u00f6d \u00e4r allt m\u00f6jligt! - JAG Opinion","robots":{"index":"index","follow":"follow","max-snippet":"max-snippet:-1","max-image-preview":"max-image-preview:large","max-video-preview":"max-video-preview:-1"},"canonical":"https:\/\/jag.se\/opinion\/pressreleases\/foreningen-jag-pa-mr-dagarna-i-umea-med-ratt-stod-ar-allt-mojligt\/","og_locale":"sv_SE","og_type":"article","og_title":"F\u00f6reningen JAG p\u00e5 MR-dagarna i Ume\u00e5 - med r\u00e4tt st\u00f6d \u00e4r allt m\u00f6jligt! - JAG Opinion","og_description":"Det h\u00e4r \u00e4r en f\u00f6rel\u00e4sning om att v\u00e5ga ta plats, synas och att g\u00f6ra sin r\u00f6st h\u00f6rd f\u00f6r att ber\u00e4tta n\u00e5got viktigt. Nicklas Benn vill med den h\u00e4r f\u00f6rel\u00e4sningen visa hur han arbetar och inspirera andra att ocks\u00e5 v\u00e5ga ta plats och uttrycka sig p\u00e5 scen. Alla som jobbar med kultur kan ta l\u00e4rdom av","og_url":"https:\/\/jag.se\/opinion\/pressreleases\/foreningen-jag-pa-mr-dagarna-i-umea-med-ratt-stod-ar-allt-mojligt\/","og_site_name":"JAG Opinion","og_image":[{"width":2560,"height":870,"url":"https:\/\/jag.se\/opinion\/wp-content\/uploads\/sites\/3\/2014\/11\/9343c4ee7d3a15bd_org-11-scaled.jpg","type":"image\/jpeg"}],"twitter_card":"summary_large_image","twitter_misc":{"Ber\u00e4knad l\u00e4stid":"1 minut"},"schema":{"@context":"https:\/\/schema.org","@graph":[{"@type":"WebPage","@id":"https:\/\/jag.se\/opinion\/pressreleases\/foreningen-jag-pa-mr-dagarna-i-umea-med-ratt-stod-ar-allt-mojligt\/","url":"https:\/\/jag.se\/opinion\/pressreleases\/foreningen-jag-pa-mr-dagarna-i-umea-med-ratt-stod-ar-allt-mojligt\/","name":"F\u00f6reningen JAG p\u00e5 MR-dagarna i Ume\u00e5 - med r\u00e4tt st\u00f6d \u00e4r allt m\u00f6jligt! - JAG Opinion","isPartOf":{"@id":"https:\/\/jag.se\/opinion\/#website"},"datePublished":"2014-11-11T04:57:00+00:00","dateModified":"2014-11-11T04:57:00+00:00","breadcrumb":{"@id":"https:\/\/jag.se\/opinion\/pressreleases\/foreningen-jag-pa-mr-dagarna-i-umea-med-ratt-stod-ar-allt-mojligt\/#breadcrumb"},"inLanguage":"sv-SE","potentialAction":[{"@type":"ReadAction","target":["https:\/\/jag.se\/opinion\/pressreleases\/foreningen-jag-pa-mr-dagarna-i-umea-med-ratt-stod-ar-allt-mojligt\/"]}]},{"@type":"BreadcrumbList","@id":"https:\/\/jag.se\/opinion\/pressreleases\/foreningen-jag-pa-mr-dagarna-i-umea-med-ratt-stod-ar-allt-mojligt\/#breadcrumb","itemListElement":[{"@type":"ListItem","position":1,"name":"JAG start","item":"https:\/\/jag.se"},{"@type":"ListItem","position":2,"name":"Riksf\u00f6reningen JAG","item":"https:\/\/jag.se\/opinion\/"},{"@type":"ListItem","position":3,"name":"Pressmeddelanden","item":"https:\/\/jag.se\/opinion\/pressreleases\/"},{"@type":"ListItem","position":4,"name":"F\u00f6reningen JAG p\u00e5 MR-dagarna i Ume\u00e5 &#8211; med r\u00e4tt st\u00f6d \u00e4r allt m\u00f6jligt!"}]},{"@type":"WebSite","@id":"https:\/\/jag.se\/opinion\/#website","url":"https:\/\/jag.se\/opinion\/","name":"JAG Opinion","description":"","potentialAction":[{"@type":"SearchAction","target":{"@type":"EntryPoint","urlTemplate":"https:\/\/jag.se\/opinion\/?s={search_term_string}"},"query-input":"required name=search_term_string"}],"inLanguage":"sv-SE"}]}},"_links":{"self":[{"href":"https:\/\/jag.se\/opinion\/wp-json\/wp\/v2\/pressreleases\/28102","targetHints":{"allow":["GET"]}}],"collection":[{"href":"https:\/\/jag.se\/opinion\/wp-json\/wp\/v2\/pressreleases"}],"about":[{"href":"https:\/\/jag.se\/opinion\/wp-json\/wp\/v2\/types\/pressreleases"}],"wp:featuredmedia":[{"embeddable":true,"href":"https:\/\/jag.se\/opinion\/wp-json\/wp\/v2\/media\/28103"}],"wp:attachment":[{"href":"https:\/\/jag.se\/opinion\/wp-json\/wp\/v2\/media?parent=28102"}],"curies":[{"name":"wp","href":"https:\/\/api.w.org\/{rel}","templated":true}]}}