{"id":28105,"date":"2014-10-17T11:41:44","date_gmt":"2014-10-17T09:41:44","guid":{"rendered":"https:\/\/jag.se\/opinion\/pressreleases\/jag-en-av-varldens-basta-losningar-for-independent-living\/"},"modified":"2014-10-17T11:41:44","modified_gmt":"2014-10-17T09:41:44","slug":"jag-en-av-varldens-basta-losningar-for-independent-living","status":"publish","type":"pressreleases","link":"https:\/\/jag.se\/opinion\/pressreleases\/jag-en-av-varldens-basta-losningar-for-independent-living\/","title":{"rendered":"JAG \u2013 en av v\u00e4rldens b\u00e4sta l\u00f6sningar f\u00f6r Independent Living"},"content":{"rendered":"<p>Zero Project i \u00d6sterrike har valt F\u00f6reningen JAGs assistanskooperativ, Brukarkooperativet JAG, som en av de b\u00e4sta l\u00f6sningarna f\u00f6r Independent Living och politiskt deltagande 2015. JAG har valts ut f\u00f6r sitt \u201denast\u00e5ende arbete\u201d tillsammans med 28 andra organisationer bland 231 nominerade bidrag fr\u00e5n 58 l\u00e4nder. Zero Project lyfter fram innovativa metoder och policyer fr\u00e5n hela v\u00e4rlden som bidrar till att f\u00f6rb\u00e4ttra livet f\u00f6r personer med funktionsneds\u00e4ttning.\u00a0<\/p>\n<p>Urvalet har gjorts av ett internationellt n\u00e4tverk av sakkunniga.\u00a0Utn\u00e4mningen \u00f6kar m\u00f6jligheten att komma i kontakt med parlamentariker, representanter f\u00f6r icke-statliga organisationer och stiftelser, akademiker, sociala entrepren\u00f6rer och independent living-aktivister.<\/p>\n<p>JAG har ocks\u00e5 inbjudits att medverka vid den fj\u00e4rde Zero Project-konferensen som \u00e4ger rum p\u00e5 FNs huvudkontor i Wien den 26\u201327 februari 2015.<\/p>\n<p>Zero Project lyfter fram innovativa metoder och policyer fr\u00e5n hela v\u00e4rlden som bidrar till att f\u00f6rb\u00e4ttra livet f\u00f6r personer med funktionsneds\u00e4ttning. De har ocks\u00e5 tagit fram sociala indikatorer f\u00f6r att kunna m\u00e4ta genomf\u00f6randet av FN-konventionen om r\u00e4ttigheter f\u00f6r personer med funktionsneds\u00e4ttning och den nuvarande situationen i alla l\u00e4nder.<\/p>\n<p>Det \u00e4r andra g\u00e5ngen som JAG utvalts att ing\u00e5 i Zero Projects \u00e5rsrapport. F\u00f6rra g\u00e5ngen var 2012.<\/p>\n<p>F\u00f6r mer information om Zero-projektet, kontakta Amelie Saupe, mobil +43 699 1736 9767<br \/>\nzeroproject.org\u00a0(http:\/\/www.zeroproject.org\/)<\/p>\n","protected":false},"featured_media":28106,"template":"","class_list":["post-28105","pressreleases","type-pressreleases","status-publish","has-post-thumbnail","hentry"],"acf":[],"yoast_head":"<!-- This site is optimized with the Yoast SEO plugin v21.3 - https:\/\/yoast.com\/wordpress\/plugins\/seo\/ -->\n<title>JAG \u2013 en av v\u00e4rldens b\u00e4sta l\u00f6sningar f\u00f6r Independent Living - JAG Opinion<\/title>\n<meta name=\"robots\" content=\"index, follow, max-snippet:-1, max-image-preview:large, max-video-preview:-1\" \/>\n<link rel=\"canonical\" href=\"https:\/\/jag.se\/opinion\/pressreleases\/jag-en-av-varldens-basta-losningar-for-independent-living\/\" \/>\n<meta property=\"og:locale\" content=\"sv_SE\" \/>\n<meta property=\"og:type\" content=\"article\" \/>\n<meta property=\"og:title\" content=\"JAG \u2013 en av v\u00e4rldens b\u00e4sta l\u00f6sningar f\u00f6r Independent Living - JAG Opinion\" \/>\n<meta property=\"og:description\" content=\"Zero Project i \u00d6sterrike har valt F\u00f6reningen JAGs assistanskooperativ, Brukarkooperativet JAG, som en av de b\u00e4sta l\u00f6sningarna f\u00f6r Independent Living och politiskt deltagande 2015. JAG har valts ut f\u00f6r sitt \u201denast\u00e5ende arbete\u201d tillsammans med 28 andra organisationer bland 231 nominerade bidrag fr\u00e5n 58 l\u00e4nder. Zero Project lyfter fram innovativa metoder och policyer fr\u00e5n hela v\u00e4rlden\" \/>\n<meta property=\"og:url\" content=\"https:\/\/jag.se\/opinion\/pressreleases\/jag-en-av-varldens-basta-losningar-for-independent-living\/\" \/>\n<meta property=\"og:site_name\" content=\"JAG Opinion\" \/>\n<meta property=\"og:image\" content=\"https:\/\/jag.se\/opinion\/wp-content\/uploads\/sites\/3\/2014\/10\/b76b039265738620_org-13.jpg\" \/>\n\t<meta property=\"og:image:width\" content=\"851\" \/>\n\t<meta property=\"og:image:height\" content=\"315\" \/>\n\t<meta property=\"og:image:type\" content=\"image\/jpeg\" \/>\n<meta name=\"twitter:card\" content=\"summary_large_image\" \/>\n<meta name=\"twitter:label1\" content=\"Ber\u00e4knad l\u00e4stid\" \/>\n\t<meta name=\"twitter:data1\" content=\"1 minut\" \/>\n<script type=\"application\/ld+json\" class=\"yoast-schema-graph\">{\"@context\":\"https:\/\/schema.org\",\"@graph\":[{\"@type\":\"WebPage\",\"@id\":\"https:\/\/jag.se\/opinion\/pressreleases\/jag-en-av-varldens-basta-losningar-for-independent-living\/\",\"url\":\"https:\/\/jag.se\/opinion\/pressreleases\/jag-en-av-varldens-basta-losningar-for-independent-living\/\",\"name\":\"JAG \u2013 en av v\u00e4rldens b\u00e4sta l\u00f6sningar f\u00f6r Independent Living - JAG Opinion\",\"isPartOf\":{\"@id\":\"https:\/\/jag.se\/opinion\/#website\"},\"datePublished\":\"2014-10-17T09:41:44+00:00\",\"dateModified\":\"2014-10-17T09:41:44+00:00\",\"breadcrumb\":{\"@id\":\"https:\/\/jag.se\/opinion\/pressreleases\/jag-en-av-varldens-basta-losningar-for-independent-living\/#breadcrumb\"},\"inLanguage\":\"sv-SE\",\"potentialAction\":[{\"@type\":\"ReadAction\",\"target\":[\"https:\/\/jag.se\/opinion\/pressreleases\/jag-en-av-varldens-basta-losningar-for-independent-living\/\"]}]},{\"@type\":\"BreadcrumbList\",\"@id\":\"https:\/\/jag.se\/opinion\/pressreleases\/jag-en-av-varldens-basta-losningar-for-independent-living\/#breadcrumb\",\"itemListElement\":[{\"@type\":\"ListItem\",\"position\":1,\"name\":\"JAG start\",\"item\":\"https:\/\/jag.se\"},{\"@type\":\"ListItem\",\"position\":2,\"name\":\"Riksf\u00f6reningen JAG\",\"item\":\"https:\/\/jag.se\/opinion\/\"},{\"@type\":\"ListItem\",\"position\":3,\"name\":\"Pressmeddelanden\",\"item\":\"https:\/\/jag.se\/opinion\/pressreleases\/\"},{\"@type\":\"ListItem\",\"position\":4,\"name\":\"JAG \u2013 en av v\u00e4rldens b\u00e4sta l\u00f6sningar f\u00f6r Independent Living\"}]},{\"@type\":\"WebSite\",\"@id\":\"https:\/\/jag.se\/opinion\/#website\",\"url\":\"https:\/\/jag.se\/opinion\/\",\"name\":\"JAG Opinion\",\"description\":\"\",\"potentialAction\":[{\"@type\":\"SearchAction\",\"target\":{\"@type\":\"EntryPoint\",\"urlTemplate\":\"https:\/\/jag.se\/opinion\/?s={search_term_string}\"},\"query-input\":\"required name=search_term_string\"}],\"inLanguage\":\"sv-SE\"}]}<\/script>\n<!-- \/ Yoast SEO plugin. -->","yoast_head_json":{"title":"JAG \u2013 en av v\u00e4rldens b\u00e4sta l\u00f6sningar f\u00f6r Independent Living - JAG Opinion","robots":{"index":"index","follow":"follow","max-snippet":"max-snippet:-1","max-image-preview":"max-image-preview:large","max-video-preview":"max-video-preview:-1"},"canonical":"https:\/\/jag.se\/opinion\/pressreleases\/jag-en-av-varldens-basta-losningar-for-independent-living\/","og_locale":"sv_SE","og_type":"article","og_title":"JAG \u2013 en av v\u00e4rldens b\u00e4sta l\u00f6sningar f\u00f6r Independent Living - JAG Opinion","og_description":"Zero Project i \u00d6sterrike har valt F\u00f6reningen JAGs assistanskooperativ, Brukarkooperativet JAG, som en av de b\u00e4sta l\u00f6sningarna f\u00f6r Independent Living och politiskt deltagande 2015. JAG har valts ut f\u00f6r sitt \u201denast\u00e5ende arbete\u201d tillsammans med 28 andra organisationer bland 231 nominerade bidrag fr\u00e5n 58 l\u00e4nder. Zero Project lyfter fram innovativa metoder och policyer fr\u00e5n hela v\u00e4rlden","og_url":"https:\/\/jag.se\/opinion\/pressreleases\/jag-en-av-varldens-basta-losningar-for-independent-living\/","og_site_name":"JAG Opinion","og_image":[{"width":851,"height":315,"url":"https:\/\/jag.se\/opinion\/wp-content\/uploads\/sites\/3\/2014\/10\/b76b039265738620_org-13.jpg","type":"image\/jpeg"}],"twitter_card":"summary_large_image","twitter_misc":{"Ber\u00e4knad l\u00e4stid":"1 minut"},"schema":{"@context":"https:\/\/schema.org","@graph":[{"@type":"WebPage","@id":"https:\/\/jag.se\/opinion\/pressreleases\/jag-en-av-varldens-basta-losningar-for-independent-living\/","url":"https:\/\/jag.se\/opinion\/pressreleases\/jag-en-av-varldens-basta-losningar-for-independent-living\/","name":"JAG \u2013 en av v\u00e4rldens b\u00e4sta l\u00f6sningar f\u00f6r Independent Living - JAG Opinion","isPartOf":{"@id":"https:\/\/jag.se\/opinion\/#website"},"datePublished":"2014-10-17T09:41:44+00:00","dateModified":"2014-10-17T09:41:44+00:00","breadcrumb":{"@id":"https:\/\/jag.se\/opinion\/pressreleases\/jag-en-av-varldens-basta-losningar-for-independent-living\/#breadcrumb"},"inLanguage":"sv-SE","potentialAction":[{"@type":"ReadAction","target":["https:\/\/jag.se\/opinion\/pressreleases\/jag-en-av-varldens-basta-losningar-for-independent-living\/"]}]},{"@type":"BreadcrumbList","@id":"https:\/\/jag.se\/opinion\/pressreleases\/jag-en-av-varldens-basta-losningar-for-independent-living\/#breadcrumb","itemListElement":[{"@type":"ListItem","position":1,"name":"JAG start","item":"https:\/\/jag.se"},{"@type":"ListItem","position":2,"name":"Riksf\u00f6reningen JAG","item":"https:\/\/jag.se\/opinion\/"},{"@type":"ListItem","position":3,"name":"Pressmeddelanden","item":"https:\/\/jag.se\/opinion\/pressreleases\/"},{"@type":"ListItem","position":4,"name":"JAG \u2013 en av v\u00e4rldens b\u00e4sta l\u00f6sningar f\u00f6r Independent Living"}]},{"@type":"WebSite","@id":"https:\/\/jag.se\/opinion\/#website","url":"https:\/\/jag.se\/opinion\/","name":"JAG Opinion","description":"","potentialAction":[{"@type":"SearchAction","target":{"@type":"EntryPoint","urlTemplate":"https:\/\/jag.se\/opinion\/?s={search_term_string}"},"query-input":"required name=search_term_string"}],"inLanguage":"sv-SE"}]}},"_links":{"self":[{"href":"https:\/\/jag.se\/opinion\/wp-json\/wp\/v2\/pressreleases\/28105","targetHints":{"allow":["GET"]}}],"collection":[{"href":"https:\/\/jag.se\/opinion\/wp-json\/wp\/v2\/pressreleases"}],"about":[{"href":"https:\/\/jag.se\/opinion\/wp-json\/wp\/v2\/types\/pressreleases"}],"wp:featuredmedia":[{"embeddable":true,"href":"https:\/\/jag.se\/opinion\/wp-json\/wp\/v2\/media\/28106"}],"wp:attachment":[{"href":"https:\/\/jag.se\/opinion\/wp-json\/wp\/v2\/media?parent=28105"}],"curies":[{"name":"wp","href":"https:\/\/api.w.org\/{rel}","templated":true}]}}