{"id":28107,"date":"2014-10-08T04:14:00","date_gmt":"2014-10-08T02:14:00","guid":{"rendered":"https:\/\/jag.se\/opinion\/pressreleases\/stor-oro-infor-assistansens-framtid\/"},"modified":"2014-10-08T04:14:00","modified_gmt":"2014-10-08T02:14:00","slug":"stor-oro-infor-assistansens-framtid","status":"publish","type":"pressreleases","link":"https:\/\/jag.se\/opinion\/pressreleases\/stor-oro-infor-assistansens-framtid\/","title":{"rendered":"Stor oro inf\u00f6r assistansens framtid"},"content":{"rendered":"<p>Uppgifter om att regeringskansliet t\u00e4nker spara pengar p\u00e5 personlig assistans genom att inte h\u00f6ja n\u00e4sta \u00e5rs schablonbelopp s\u00e5 mycket som det beh\u00f6vs g\u00f6r att Brukarkooperativet JAGs styrelse ig\u00e5r skrivit till barn-, \u00e4ldre och j\u00e4mst\u00e4lldhetsminister \u00c5sa Regn\u00e9r. \u2013 \u00a0Vi har ingenting med vinster i v\u00e4lf\u00e4rden att g\u00f6ra, utan med brukarmakt och frihet f\u00f6r dem det g\u00e4ller. F\u00f6rst\u00f6r inte m\u00f6jligheterna f\u00f6r assistansanv\u00e4ndarna med de st\u00f6rsta behoven, s\u00e4ger Cecilia Blanck, verksamhetschef p\u00e5 JAG.<\/p>\n<p>Medlemmarna i Brukarkooperativet JAG har stora behov av en kvalificerad personlig assistans. JAGs medlemmar har alla flera stora funktionsneds\u00e4ttningar, varav en \u00e4r en neds\u00e4ttning av den intellektuella f\u00f6rm\u00e5gan. De flesta har dessutom stora kommunikationssv\u00e5righeter. \u00a0\u00adVarenda krona av assistansers\u00e4ttningen beh\u00f6vs och anv\u00e4nds till personlig assistans. Assistenterna beh\u00f6ver mycket fortbildning och kunskap om brukarens funktionsneds\u00e4ttningar.<\/p>\n<p>\u2013 Vi \u00e4r mycket oroade \u00f6ver F\u00f6rs\u00e4kringskassans f\u00f6rslag till nytt schablon\u00adbelopp f\u00f6r 2015, som inte t\u00e4cker v\u00e5ra redan kollektivavtalade l\u00f6neh\u00f6jningar, och som skulle inneb\u00e4ra att \u00adassistenterna tvingas avst\u00e5 fr\u00e5n n\u00f6dv\u00e4ndiga utbildningar. Vi oroas \u00e4n mer av uppgifter om att det inom regeringskansliet bereds f\u00f6rslag att g\u00f6ra st\u00f6rre besparingar, t ex genom att inte h\u00f6ja schablonen alls. Det skulle inneb\u00e4ra ett dr\u00e5pslag f\u00f6r Brukarkooperativet JAGs medlemmar, som har de st\u00f6rsta \u00adbehoven och d\u00e4rmed den dyraste assistansen. Med en utebliven eller mycket l\u00e5g schablonh\u00f6jning skulle vi tvingas s\u00e4ga upp v\u00e5rt kollektivavtal med KFO och omf\u00f6rhandla l\u00f6nerna. I ett l\u00e4ngre perspektiv om\u00f6jligg\u00f6rs v\u00e5r fortsatta verksamhet.<\/p>\n<p>\u2013 M\u00e5nga assistenter vittnar om att det kan ta ett \u00e5r eller mer innan de verkligen b\u00f6rjar kunna tolka medlemmarnas behov, s\u00e4ger Cecilia Blanck, verksamhetschef p\u00e5 JAG. \u00a0Assistenterna utf\u00f6r ett mycket kvalificerat arbete, och kostnaden f\u00f6r samh\u00e4llet \u00e4r i j\u00e4mf\u00f6relse med andra tj\u00e4nster mycket l\u00e5g, 280 kronor per timme. \u00a0<\/p>\n","protected":false},"featured_media":0,"template":"","class_list":["post-28107","pressreleases","type-pressreleases","status-publish","hentry"],"acf":[],"yoast_head":"<!-- This site is optimized with the Yoast SEO plugin v21.3 - https:\/\/yoast.com\/wordpress\/plugins\/seo\/ -->\n<title>Stor oro inf\u00f6r assistansens framtid - JAG Opinion<\/title>\n<meta name=\"robots\" content=\"index, follow, max-snippet:-1, max-image-preview:large, max-video-preview:-1\" \/>\n<link rel=\"canonical\" href=\"https:\/\/jag.se\/opinion\/pressreleases\/stor-oro-infor-assistansens-framtid\/\" \/>\n<meta property=\"og:locale\" content=\"sv_SE\" \/>\n<meta property=\"og:type\" content=\"article\" \/>\n<meta property=\"og:title\" content=\"Stor oro inf\u00f6r assistansens framtid - JAG Opinion\" \/>\n<meta property=\"og:description\" content=\"Uppgifter om att regeringskansliet t\u00e4nker spara pengar p\u00e5 personlig assistans genom att inte h\u00f6ja n\u00e4sta \u00e5rs schablonbelopp s\u00e5 mycket som det beh\u00f6vs g\u00f6r att Brukarkooperativet JAGs styrelse ig\u00e5r skrivit till barn-, \u00e4ldre och j\u00e4mst\u00e4lldhetsminister \u00c5sa Regn\u00e9r. \u2013 \u00a0Vi har ingenting med vinster i v\u00e4lf\u00e4rden att g\u00f6ra, utan med brukarmakt och frihet f\u00f6r dem det g\u00e4ller.\" \/>\n<meta property=\"og:url\" content=\"https:\/\/jag.se\/opinion\/pressreleases\/stor-oro-infor-assistansens-framtid\/\" \/>\n<meta property=\"og:site_name\" content=\"JAG Opinion\" \/>\n<meta name=\"twitter:card\" content=\"summary_large_image\" \/>\n<meta name=\"twitter:label1\" content=\"Ber\u00e4knad l\u00e4stid\" \/>\n\t<meta name=\"twitter:data1\" content=\"2 minuter\" \/>\n<script type=\"application\/ld+json\" class=\"yoast-schema-graph\">{\"@context\":\"https:\/\/schema.org\",\"@graph\":[{\"@type\":\"WebPage\",\"@id\":\"https:\/\/jag.se\/opinion\/pressreleases\/stor-oro-infor-assistansens-framtid\/\",\"url\":\"https:\/\/jag.se\/opinion\/pressreleases\/stor-oro-infor-assistansens-framtid\/\",\"name\":\"Stor oro inf\u00f6r assistansens framtid - JAG Opinion\",\"isPartOf\":{\"@id\":\"https:\/\/jag.se\/opinion\/#website\"},\"datePublished\":\"2014-10-08T02:14:00+00:00\",\"dateModified\":\"2014-10-08T02:14:00+00:00\",\"breadcrumb\":{\"@id\":\"https:\/\/jag.se\/opinion\/pressreleases\/stor-oro-infor-assistansens-framtid\/#breadcrumb\"},\"inLanguage\":\"sv-SE\",\"potentialAction\":[{\"@type\":\"ReadAction\",\"target\":[\"https:\/\/jag.se\/opinion\/pressreleases\/stor-oro-infor-assistansens-framtid\/\"]}]},{\"@type\":\"BreadcrumbList\",\"@id\":\"https:\/\/jag.se\/opinion\/pressreleases\/stor-oro-infor-assistansens-framtid\/#breadcrumb\",\"itemListElement\":[{\"@type\":\"ListItem\",\"position\":1,\"name\":\"JAG start\",\"item\":\"https:\/\/jag.se\"},{\"@type\":\"ListItem\",\"position\":2,\"name\":\"Riksf\u00f6reningen JAG\",\"item\":\"https:\/\/jag.se\/opinion\/\"},{\"@type\":\"ListItem\",\"position\":3,\"name\":\"Pressmeddelanden\",\"item\":\"https:\/\/jag.se\/opinion\/pressreleases\/\"},{\"@type\":\"ListItem\",\"position\":4,\"name\":\"Stor oro inf\u00f6r assistansens framtid\"}]},{\"@type\":\"WebSite\",\"@id\":\"https:\/\/jag.se\/opinion\/#website\",\"url\":\"https:\/\/jag.se\/opinion\/\",\"name\":\"JAG Opinion\",\"description\":\"\",\"potentialAction\":[{\"@type\":\"SearchAction\",\"target\":{\"@type\":\"EntryPoint\",\"urlTemplate\":\"https:\/\/jag.se\/opinion\/?s={search_term_string}\"},\"query-input\":\"required name=search_term_string\"}],\"inLanguage\":\"sv-SE\"}]}<\/script>\n<!-- \/ Yoast SEO plugin. -->","yoast_head_json":{"title":"Stor oro inf\u00f6r assistansens framtid - JAG Opinion","robots":{"index":"index","follow":"follow","max-snippet":"max-snippet:-1","max-image-preview":"max-image-preview:large","max-video-preview":"max-video-preview:-1"},"canonical":"https:\/\/jag.se\/opinion\/pressreleases\/stor-oro-infor-assistansens-framtid\/","og_locale":"sv_SE","og_type":"article","og_title":"Stor oro inf\u00f6r assistansens framtid - JAG Opinion","og_description":"Uppgifter om att regeringskansliet t\u00e4nker spara pengar p\u00e5 personlig assistans genom att inte h\u00f6ja n\u00e4sta \u00e5rs schablonbelopp s\u00e5 mycket som det beh\u00f6vs g\u00f6r att Brukarkooperativet JAGs styrelse ig\u00e5r skrivit till barn-, \u00e4ldre och j\u00e4mst\u00e4lldhetsminister \u00c5sa Regn\u00e9r. \u2013 \u00a0Vi har ingenting med vinster i v\u00e4lf\u00e4rden att g\u00f6ra, utan med brukarmakt och frihet f\u00f6r dem det g\u00e4ller.","og_url":"https:\/\/jag.se\/opinion\/pressreleases\/stor-oro-infor-assistansens-framtid\/","og_site_name":"JAG Opinion","twitter_card":"summary_large_image","twitter_misc":{"Ber\u00e4knad l\u00e4stid":"2 minuter"},"schema":{"@context":"https:\/\/schema.org","@graph":[{"@type":"WebPage","@id":"https:\/\/jag.se\/opinion\/pressreleases\/stor-oro-infor-assistansens-framtid\/","url":"https:\/\/jag.se\/opinion\/pressreleases\/stor-oro-infor-assistansens-framtid\/","name":"Stor oro inf\u00f6r assistansens framtid - JAG Opinion","isPartOf":{"@id":"https:\/\/jag.se\/opinion\/#website"},"datePublished":"2014-10-08T02:14:00+00:00","dateModified":"2014-10-08T02:14:00+00:00","breadcrumb":{"@id":"https:\/\/jag.se\/opinion\/pressreleases\/stor-oro-infor-assistansens-framtid\/#breadcrumb"},"inLanguage":"sv-SE","potentialAction":[{"@type":"ReadAction","target":["https:\/\/jag.se\/opinion\/pressreleases\/stor-oro-infor-assistansens-framtid\/"]}]},{"@type":"BreadcrumbList","@id":"https:\/\/jag.se\/opinion\/pressreleases\/stor-oro-infor-assistansens-framtid\/#breadcrumb","itemListElement":[{"@type":"ListItem","position":1,"name":"JAG start","item":"https:\/\/jag.se"},{"@type":"ListItem","position":2,"name":"Riksf\u00f6reningen JAG","item":"https:\/\/jag.se\/opinion\/"},{"@type":"ListItem","position":3,"name":"Pressmeddelanden","item":"https:\/\/jag.se\/opinion\/pressreleases\/"},{"@type":"ListItem","position":4,"name":"Stor oro inf\u00f6r assistansens framtid"}]},{"@type":"WebSite","@id":"https:\/\/jag.se\/opinion\/#website","url":"https:\/\/jag.se\/opinion\/","name":"JAG Opinion","description":"","potentialAction":[{"@type":"SearchAction","target":{"@type":"EntryPoint","urlTemplate":"https:\/\/jag.se\/opinion\/?s={search_term_string}"},"query-input":"required name=search_term_string"}],"inLanguage":"sv-SE"}]}},"_links":{"self":[{"href":"https:\/\/jag.se\/opinion\/wp-json\/wp\/v2\/pressreleases\/28107","targetHints":{"allow":["GET"]}}],"collection":[{"href":"https:\/\/jag.se\/opinion\/wp-json\/wp\/v2\/pressreleases"}],"about":[{"href":"https:\/\/jag.se\/opinion\/wp-json\/wp\/v2\/types\/pressreleases"}],"wp:attachment":[{"href":"https:\/\/jag.se\/opinion\/wp-json\/wp\/v2\/media?parent=28107"}],"curies":[{"name":"wp","href":"https:\/\/api.w.org\/{rel}","templated":true}]}}