{"id":28108,"date":"2014-06-30T13:36:51","date_gmt":"2014-06-30T11:36:51","guid":{"rendered":"https:\/\/jag.se\/opinion\/pressreleases\/vet-du-vem-jag-ar\/"},"modified":"2014-06-30T13:36:51","modified_gmt":"2014-06-30T11:36:51","slug":"vet-du-vem-jag-ar","status":"publish","type":"pressreleases","link":"https:\/\/jag.se\/opinion\/pressreleases\/vet-du-vem-jag-ar\/","title":{"rendered":"Vet du vem jag \u00e4r?"},"content":{"rendered":"<p>Idag genomf\u00f6rde ca 50 medlemmar i F\u00f6reningen JAG en tyst manifestation mitt i Visby f\u00f6r r\u00e4tten till en god man som man k\u00e4nner och kan kommunicera med. \u00a0N\u00e5gon som vet vem man \u00e4r och hur man vill leva sitt liv. Genom manifestationen vill vi rikta uppm\u00e4rksamheten mot att Sveriges kommuner har skapat egna riktlinjer f\u00f6r vem som f\u00e5r bli god man. Det s\u00e4tter lagen och demokratin ur spel.\u00a0Imorgon 13.30 p\u00e5 Hamnplan i Visby kommer manifestationen att upprepas.<\/p>\n<p>N\u00e4r man har intellektuella funktionsneds\u00e4ttningar eller nedsatt f\u00f6rm\u00e5ga att kommunicera kan man f\u00e5 en god man som hj\u00e4lper till att best\u00e4mma. Att man k\u00e4nner och kan samarbeta med sin gode man \u00e4r f\u00f6rst\u00e5s n\u00f6dv\u00e4ndigt f\u00f6r sj\u00e4lvbest\u00e4mmandet.<\/p>\n<p>Idag \u00e4r det inget som hindrar att en personlig assistent ocks\u00e5 \u00e4r god man. Men kommunernas \u00f6verf\u00f6rmyndare har sina egna regler. De tycker att det \u00e4r b\u00e4ttre med en \u201dneutral\u201d person som \u00e4r god man till m\u00e5nga andra \u2013 och bryr sig inte om ifall man kan kommunicera med varandra eller inte.<\/p>\n<p>&#8211;\u00a0 F\u00f6r m\u00e5nga kommuner \u00e4r det besv\u00e4rligt att personer med omfattande funktionsneds\u00e4ttningar vill best\u00e4mma och ha makten i sitt liv. De tycker att det var enklare f\u00f6rr, n\u00e4r de fick best\u00e4mma. Nu har vissa kommuner kommit p\u00e5 att om de tills\u00e4tter en egen god man som de kan styra \u00f6ver s\u00e5 kan samh\u00e4llet ta tillbaka makten \u00f6ver oss. Det \u00e4r precis vad som h\u00e4nder runt om i landet just nu, s\u00e4ger Cecilia Blanck, god man f\u00f6r F\u00f6reningen JAGs ordf\u00f6rande Magnus And\u00e9n.<\/p>\n<p>Vill du veta mer om F\u00f6reningen JAG och varf\u00f6r vi deltar i Almedalsveckan, kom g\u00e4rna till v\u00e5rt informationst\u00e4lt p\u00e5 Hamnplan, n\u00e4ra H\u00f6gskolan eller l\u00e4s mer p\u00e5\u00a0www.jag.se\/almedalenkanalen\u00a0(http:\/\/www.jag.se\/almedalenkanalen)<\/p>\n<p>Kontaktperson: Cecilia Blanck, god man f\u00f6r F\u00f6reningen JAGs ordf\u00f6rande Magnus And\u00e9n,<br \/>\ntel 070-662 35 40.<\/p>\n","protected":false},"featured_media":28109,"template":"","class_list":["post-28108","pressreleases","type-pressreleases","status-publish","has-post-thumbnail","hentry"],"acf":[],"yoast_head":"<!-- This site is optimized with the Yoast SEO plugin v21.3 - https:\/\/yoast.com\/wordpress\/plugins\/seo\/ -->\n<title>Vet du vem jag \u00e4r? - JAG Opinion<\/title>\n<meta name=\"robots\" content=\"index, follow, max-snippet:-1, max-image-preview:large, max-video-preview:-1\" \/>\n<link rel=\"canonical\" href=\"https:\/\/jag.se\/opinion\/pressreleases\/vet-du-vem-jag-ar\/\" \/>\n<meta property=\"og:locale\" content=\"sv_SE\" \/>\n<meta property=\"og:type\" content=\"article\" \/>\n<meta property=\"og:title\" content=\"Vet du vem jag \u00e4r? - JAG Opinion\" \/>\n<meta property=\"og:description\" content=\"Idag genomf\u00f6rde ca 50 medlemmar i F\u00f6reningen JAG en tyst manifestation mitt i Visby f\u00f6r r\u00e4tten till en god man som man k\u00e4nner och kan kommunicera med. \u00a0N\u00e5gon som vet vem man \u00e4r och hur man vill leva sitt liv. Genom manifestationen vill vi rikta uppm\u00e4rksamheten mot att Sveriges kommuner har skapat egna riktlinjer f\u00f6r\" \/>\n<meta property=\"og:url\" content=\"https:\/\/jag.se\/opinion\/pressreleases\/vet-du-vem-jag-ar\/\" \/>\n<meta property=\"og:site_name\" content=\"JAG Opinion\" \/>\n<meta property=\"og:image\" content=\"https:\/\/jag.se\/opinion\/wp-content\/uploads\/sites\/3\/2014\/06\/9d09ad3a9e1333d3_org-12-scaled.jpg\" \/>\n\t<meta property=\"og:image:width\" content=\"2560\" \/>\n\t<meta property=\"og:image:height\" content=\"1279\" \/>\n\t<meta property=\"og:image:type\" content=\"image\/jpeg\" \/>\n<meta name=\"twitter:card\" content=\"summary_large_image\" \/>\n<meta name=\"twitter:label1\" content=\"Ber\u00e4knad l\u00e4stid\" \/>\n\t<meta name=\"twitter:data1\" content=\"2 minuter\" \/>\n<script type=\"application\/ld+json\" class=\"yoast-schema-graph\">{\"@context\":\"https:\/\/schema.org\",\"@graph\":[{\"@type\":\"WebPage\",\"@id\":\"https:\/\/jag.se\/opinion\/pressreleases\/vet-du-vem-jag-ar\/\",\"url\":\"https:\/\/jag.se\/opinion\/pressreleases\/vet-du-vem-jag-ar\/\",\"name\":\"Vet du vem jag \u00e4r? - JAG Opinion\",\"isPartOf\":{\"@id\":\"https:\/\/jag.se\/opinion\/#website\"},\"datePublished\":\"2014-06-30T11:36:51+00:00\",\"dateModified\":\"2014-06-30T11:36:51+00:00\",\"breadcrumb\":{\"@id\":\"https:\/\/jag.se\/opinion\/pressreleases\/vet-du-vem-jag-ar\/#breadcrumb\"},\"inLanguage\":\"sv-SE\",\"potentialAction\":[{\"@type\":\"ReadAction\",\"target\":[\"https:\/\/jag.se\/opinion\/pressreleases\/vet-du-vem-jag-ar\/\"]}]},{\"@type\":\"BreadcrumbList\",\"@id\":\"https:\/\/jag.se\/opinion\/pressreleases\/vet-du-vem-jag-ar\/#breadcrumb\",\"itemListElement\":[{\"@type\":\"ListItem\",\"position\":1,\"name\":\"JAG start\",\"item\":\"https:\/\/jag.se\"},{\"@type\":\"ListItem\",\"position\":2,\"name\":\"Riksf\u00f6reningen JAG\",\"item\":\"https:\/\/jag.se\/opinion\/\"},{\"@type\":\"ListItem\",\"position\":3,\"name\":\"Pressmeddelanden\",\"item\":\"https:\/\/jag.se\/opinion\/pressreleases\/\"},{\"@type\":\"ListItem\",\"position\":4,\"name\":\"Vet du vem jag \u00e4r?\"}]},{\"@type\":\"WebSite\",\"@id\":\"https:\/\/jag.se\/opinion\/#website\",\"url\":\"https:\/\/jag.se\/opinion\/\",\"name\":\"JAG Opinion\",\"description\":\"\",\"potentialAction\":[{\"@type\":\"SearchAction\",\"target\":{\"@type\":\"EntryPoint\",\"urlTemplate\":\"https:\/\/jag.se\/opinion\/?s={search_term_string}\"},\"query-input\":\"required name=search_term_string\"}],\"inLanguage\":\"sv-SE\"}]}<\/script>\n<!-- \/ Yoast SEO plugin. -->","yoast_head_json":{"title":"Vet du vem jag \u00e4r? - JAG Opinion","robots":{"index":"index","follow":"follow","max-snippet":"max-snippet:-1","max-image-preview":"max-image-preview:large","max-video-preview":"max-video-preview:-1"},"canonical":"https:\/\/jag.se\/opinion\/pressreleases\/vet-du-vem-jag-ar\/","og_locale":"sv_SE","og_type":"article","og_title":"Vet du vem jag \u00e4r? - JAG Opinion","og_description":"Idag genomf\u00f6rde ca 50 medlemmar i F\u00f6reningen JAG en tyst manifestation mitt i Visby f\u00f6r r\u00e4tten till en god man som man k\u00e4nner och kan kommunicera med. \u00a0N\u00e5gon som vet vem man \u00e4r och hur man vill leva sitt liv. Genom manifestationen vill vi rikta uppm\u00e4rksamheten mot att Sveriges kommuner har skapat egna riktlinjer f\u00f6r","og_url":"https:\/\/jag.se\/opinion\/pressreleases\/vet-du-vem-jag-ar\/","og_site_name":"JAG Opinion","og_image":[{"width":2560,"height":1279,"url":"https:\/\/jag.se\/opinion\/wp-content\/uploads\/sites\/3\/2014\/06\/9d09ad3a9e1333d3_org-12-scaled.jpg","type":"image\/jpeg"}],"twitter_card":"summary_large_image","twitter_misc":{"Ber\u00e4knad l\u00e4stid":"2 minuter"},"schema":{"@context":"https:\/\/schema.org","@graph":[{"@type":"WebPage","@id":"https:\/\/jag.se\/opinion\/pressreleases\/vet-du-vem-jag-ar\/","url":"https:\/\/jag.se\/opinion\/pressreleases\/vet-du-vem-jag-ar\/","name":"Vet du vem jag \u00e4r? - JAG Opinion","isPartOf":{"@id":"https:\/\/jag.se\/opinion\/#website"},"datePublished":"2014-06-30T11:36:51+00:00","dateModified":"2014-06-30T11:36:51+00:00","breadcrumb":{"@id":"https:\/\/jag.se\/opinion\/pressreleases\/vet-du-vem-jag-ar\/#breadcrumb"},"inLanguage":"sv-SE","potentialAction":[{"@type":"ReadAction","target":["https:\/\/jag.se\/opinion\/pressreleases\/vet-du-vem-jag-ar\/"]}]},{"@type":"BreadcrumbList","@id":"https:\/\/jag.se\/opinion\/pressreleases\/vet-du-vem-jag-ar\/#breadcrumb","itemListElement":[{"@type":"ListItem","position":1,"name":"JAG start","item":"https:\/\/jag.se"},{"@type":"ListItem","position":2,"name":"Riksf\u00f6reningen JAG","item":"https:\/\/jag.se\/opinion\/"},{"@type":"ListItem","position":3,"name":"Pressmeddelanden","item":"https:\/\/jag.se\/opinion\/pressreleases\/"},{"@type":"ListItem","position":4,"name":"Vet du vem jag \u00e4r?"}]},{"@type":"WebSite","@id":"https:\/\/jag.se\/opinion\/#website","url":"https:\/\/jag.se\/opinion\/","name":"JAG Opinion","description":"","potentialAction":[{"@type":"SearchAction","target":{"@type":"EntryPoint","urlTemplate":"https:\/\/jag.se\/opinion\/?s={search_term_string}"},"query-input":"required name=search_term_string"}],"inLanguage":"sv-SE"}]}},"_links":{"self":[{"href":"https:\/\/jag.se\/opinion\/wp-json\/wp\/v2\/pressreleases\/28108","targetHints":{"allow":["GET"]}}],"collection":[{"href":"https:\/\/jag.se\/opinion\/wp-json\/wp\/v2\/pressreleases"}],"about":[{"href":"https:\/\/jag.se\/opinion\/wp-json\/wp\/v2\/types\/pressreleases"}],"wp:featuredmedia":[{"embeddable":true,"href":"https:\/\/jag.se\/opinion\/wp-json\/wp\/v2\/media\/28109"}],"wp:attachment":[{"href":"https:\/\/jag.se\/opinion\/wp-json\/wp\/v2\/media?parent=28108"}],"curies":[{"name":"wp","href":"https:\/\/api.w.org\/{rel}","templated":true}]}}