{"id":28112,"date":"2014-06-27T08:12:18","date_gmt":"2014-06-27T06:12:18","guid":{"rendered":"https:\/\/jag.se\/opinion\/pressreleases\/jags-medlemmar-tar-plats-i-almedalen\/"},"modified":"2014-06-27T08:12:18","modified_gmt":"2014-06-27T06:12:18","slug":"jags-medlemmar-tar-plats-i-almedalen","status":"publish","type":"pressreleases","link":"https:\/\/jag.se\/opinion\/pressreleases\/jags-medlemmar-tar-plats-i-almedalen\/","title":{"rendered":"JAGs medlemmar tar plats i Almedalen!"},"content":{"rendered":"<p>I \u00e5r samlar F\u00f6reningen JAG sig under fr\u00e5gan \u201dVem ska best\u00e4mma i mitt liv?\u201d\u00a0H\u00e4runder ryms b\u00e5de Independent Livings syns\u00e4tt att det \u00e4r den enskilde som \u00e4r \u201dexpert\u201d p\u00e5 sitt eget liv, r\u00e4tten till en god man som man k\u00e4nner och kan kommunicera med och vad som m\u00e5ste g\u00f6ras f\u00f6r att framtidss\u00e4kra assistansen n\u00e4r det g\u00e4ller assistansers\u00e4ttningens utformning, kraven p\u00e5 kvalitet och tillsyn med mera. Det kommer ocks\u00e5 att bli manifestationer runt om i Visby och andra \u00f6verraskningar.<\/p>\n<p>Det g\u00e5r att f\u00f6lja F\u00f6reningen JAG p\u00e5\u00a0\u00a0(http:\/\/www.jag.se\/almedalenkanalen#)Almedalenkanalen\u00a0(http:\/\/www.jag.se\/almedalenkanalen#)\u00a0p\u00e5 JAGs hemsida d\u00e4r vi kommer att l\u00e4gga ut allt som h\u00e4nder i JAG-t\u00e4ltet och runt omkring. D\u00e4r hittar du ocks\u00e5 hela\u00a0(http:\/\/www.jag.se\/sites\/default\/files\/programmet_jags_almedalstalt.pdf) JAGs program under Almedalsveckan.\u00a0(http:\/\/www.jag.se\/sites\/default\/files\/programmet_jags_almedalstalt.pdf)<\/p>\n<p>Politikerveckan i Almedalen p\u00e5g\u00e5r 30\/6\u20136\/7.\u00a0<\/p>\n<p>Gilla JAG p\u00e5 facebook s\u00e5 f\u00e5r du ta del av alla nyheter direkt n\u00e4r det h\u00e4nder.\u00a0(https:\/\/www.facebook.com\/JAGforeningen)<\/p>\n<p>JAGs viktigaste fr\u00e5ga i Almedalen<br \/>\n\u2013 r\u00e4tten till en god man som man k\u00e4nner och kan kommunicera med.<\/p>\n","protected":false},"featured_media":28113,"template":"","class_list":["post-28112","pressreleases","type-pressreleases","status-publish","has-post-thumbnail","hentry"],"acf":[],"yoast_head":"<!-- This site is optimized with the Yoast SEO plugin v21.3 - https:\/\/yoast.com\/wordpress\/plugins\/seo\/ -->\n<title>JAGs medlemmar tar plats i Almedalen! - JAG Opinion<\/title>\n<meta name=\"robots\" content=\"index, follow, max-snippet:-1, max-image-preview:large, max-video-preview:-1\" \/>\n<link rel=\"canonical\" href=\"https:\/\/jag.se\/opinion\/pressreleases\/jags-medlemmar-tar-plats-i-almedalen\/\" \/>\n<meta property=\"og:locale\" content=\"sv_SE\" \/>\n<meta property=\"og:type\" content=\"article\" \/>\n<meta property=\"og:title\" content=\"JAGs medlemmar tar plats i Almedalen! - JAG Opinion\" \/>\n<meta property=\"og:description\" content=\"I \u00e5r samlar F\u00f6reningen JAG sig under fr\u00e5gan \u201dVem ska best\u00e4mma i mitt liv?\u201d\u00a0H\u00e4runder ryms b\u00e5de Independent Livings syns\u00e4tt att det \u00e4r den enskilde som \u00e4r \u201dexpert\u201d p\u00e5 sitt eget liv, r\u00e4tten till en god man som man k\u00e4nner och kan kommunicera med och vad som m\u00e5ste g\u00f6ras f\u00f6r att framtidss\u00e4kra assistansen n\u00e4r det g\u00e4ller\" \/>\n<meta property=\"og:url\" content=\"https:\/\/jag.se\/opinion\/pressreleases\/jags-medlemmar-tar-plats-i-almedalen\/\" \/>\n<meta property=\"og:site_name\" content=\"JAG Opinion\" \/>\n<meta property=\"og:image\" content=\"https:\/\/jag.se\/opinion\/wp-content\/uploads\/sites\/3\/2014\/06\/a76b8c0d5aa12bc0_org-10-scaled.jpg\" \/>\n\t<meta property=\"og:image:width\" content=\"2560\" \/>\n\t<meta property=\"og:image:height\" content=\"1920\" \/>\n\t<meta property=\"og:image:type\" content=\"image\/jpeg\" \/>\n<meta name=\"twitter:card\" content=\"summary_large_image\" \/>\n<meta name=\"twitter:label1\" content=\"Ber\u00e4knad l\u00e4stid\" \/>\n\t<meta name=\"twitter:data1\" content=\"1 minut\" \/>\n<script type=\"application\/ld+json\" class=\"yoast-schema-graph\">{\"@context\":\"https:\/\/schema.org\",\"@graph\":[{\"@type\":\"WebPage\",\"@id\":\"https:\/\/jag.se\/opinion\/pressreleases\/jags-medlemmar-tar-plats-i-almedalen\/\",\"url\":\"https:\/\/jag.se\/opinion\/pressreleases\/jags-medlemmar-tar-plats-i-almedalen\/\",\"name\":\"JAGs medlemmar tar plats i Almedalen! - JAG Opinion\",\"isPartOf\":{\"@id\":\"https:\/\/jag.se\/opinion\/#website\"},\"datePublished\":\"2014-06-27T06:12:18+00:00\",\"dateModified\":\"2014-06-27T06:12:18+00:00\",\"breadcrumb\":{\"@id\":\"https:\/\/jag.se\/opinion\/pressreleases\/jags-medlemmar-tar-plats-i-almedalen\/#breadcrumb\"},\"inLanguage\":\"sv-SE\",\"potentialAction\":[{\"@type\":\"ReadAction\",\"target\":[\"https:\/\/jag.se\/opinion\/pressreleases\/jags-medlemmar-tar-plats-i-almedalen\/\"]}]},{\"@type\":\"BreadcrumbList\",\"@id\":\"https:\/\/jag.se\/opinion\/pressreleases\/jags-medlemmar-tar-plats-i-almedalen\/#breadcrumb\",\"itemListElement\":[{\"@type\":\"ListItem\",\"position\":1,\"name\":\"JAG start\",\"item\":\"https:\/\/jag.se\"},{\"@type\":\"ListItem\",\"position\":2,\"name\":\"Riksf\u00f6reningen JAG\",\"item\":\"https:\/\/jag.se\/opinion\/\"},{\"@type\":\"ListItem\",\"position\":3,\"name\":\"Pressmeddelanden\",\"item\":\"https:\/\/jag.se\/opinion\/pressreleases\/\"},{\"@type\":\"ListItem\",\"position\":4,\"name\":\"JAGs medlemmar tar plats i Almedalen!\"}]},{\"@type\":\"WebSite\",\"@id\":\"https:\/\/jag.se\/opinion\/#website\",\"url\":\"https:\/\/jag.se\/opinion\/\",\"name\":\"JAG Opinion\",\"description\":\"\",\"potentialAction\":[{\"@type\":\"SearchAction\",\"target\":{\"@type\":\"EntryPoint\",\"urlTemplate\":\"https:\/\/jag.se\/opinion\/?s={search_term_string}\"},\"query-input\":\"required name=search_term_string\"}],\"inLanguage\":\"sv-SE\"}]}<\/script>\n<!-- \/ Yoast SEO plugin. -->","yoast_head_json":{"title":"JAGs medlemmar tar plats i Almedalen! - JAG Opinion","robots":{"index":"index","follow":"follow","max-snippet":"max-snippet:-1","max-image-preview":"max-image-preview:large","max-video-preview":"max-video-preview:-1"},"canonical":"https:\/\/jag.se\/opinion\/pressreleases\/jags-medlemmar-tar-plats-i-almedalen\/","og_locale":"sv_SE","og_type":"article","og_title":"JAGs medlemmar tar plats i Almedalen! - JAG Opinion","og_description":"I \u00e5r samlar F\u00f6reningen JAG sig under fr\u00e5gan \u201dVem ska best\u00e4mma i mitt liv?\u201d\u00a0H\u00e4runder ryms b\u00e5de Independent Livings syns\u00e4tt att det \u00e4r den enskilde som \u00e4r \u201dexpert\u201d p\u00e5 sitt eget liv, r\u00e4tten till en god man som man k\u00e4nner och kan kommunicera med och vad som m\u00e5ste g\u00f6ras f\u00f6r att framtidss\u00e4kra assistansen n\u00e4r det g\u00e4ller","og_url":"https:\/\/jag.se\/opinion\/pressreleases\/jags-medlemmar-tar-plats-i-almedalen\/","og_site_name":"JAG Opinion","og_image":[{"width":2560,"height":1920,"url":"https:\/\/jag.se\/opinion\/wp-content\/uploads\/sites\/3\/2014\/06\/a76b8c0d5aa12bc0_org-10-scaled.jpg","type":"image\/jpeg"}],"twitter_card":"summary_large_image","twitter_misc":{"Ber\u00e4knad l\u00e4stid":"1 minut"},"schema":{"@context":"https:\/\/schema.org","@graph":[{"@type":"WebPage","@id":"https:\/\/jag.se\/opinion\/pressreleases\/jags-medlemmar-tar-plats-i-almedalen\/","url":"https:\/\/jag.se\/opinion\/pressreleases\/jags-medlemmar-tar-plats-i-almedalen\/","name":"JAGs medlemmar tar plats i Almedalen! - JAG Opinion","isPartOf":{"@id":"https:\/\/jag.se\/opinion\/#website"},"datePublished":"2014-06-27T06:12:18+00:00","dateModified":"2014-06-27T06:12:18+00:00","breadcrumb":{"@id":"https:\/\/jag.se\/opinion\/pressreleases\/jags-medlemmar-tar-plats-i-almedalen\/#breadcrumb"},"inLanguage":"sv-SE","potentialAction":[{"@type":"ReadAction","target":["https:\/\/jag.se\/opinion\/pressreleases\/jags-medlemmar-tar-plats-i-almedalen\/"]}]},{"@type":"BreadcrumbList","@id":"https:\/\/jag.se\/opinion\/pressreleases\/jags-medlemmar-tar-plats-i-almedalen\/#breadcrumb","itemListElement":[{"@type":"ListItem","position":1,"name":"JAG start","item":"https:\/\/jag.se"},{"@type":"ListItem","position":2,"name":"Riksf\u00f6reningen JAG","item":"https:\/\/jag.se\/opinion\/"},{"@type":"ListItem","position":3,"name":"Pressmeddelanden","item":"https:\/\/jag.se\/opinion\/pressreleases\/"},{"@type":"ListItem","position":4,"name":"JAGs medlemmar tar plats i Almedalen!"}]},{"@type":"WebSite","@id":"https:\/\/jag.se\/opinion\/#website","url":"https:\/\/jag.se\/opinion\/","name":"JAG Opinion","description":"","potentialAction":[{"@type":"SearchAction","target":{"@type":"EntryPoint","urlTemplate":"https:\/\/jag.se\/opinion\/?s={search_term_string}"},"query-input":"required name=search_term_string"}],"inLanguage":"sv-SE"}]}},"_links":{"self":[{"href":"https:\/\/jag.se\/opinion\/wp-json\/wp\/v2\/pressreleases\/28112","targetHints":{"allow":["GET"]}}],"collection":[{"href":"https:\/\/jag.se\/opinion\/wp-json\/wp\/v2\/pressreleases"}],"about":[{"href":"https:\/\/jag.se\/opinion\/wp-json\/wp\/v2\/types\/pressreleases"}],"wp:featuredmedia":[{"embeddable":true,"href":"https:\/\/jag.se\/opinion\/wp-json\/wp\/v2\/media\/28113"}],"wp:attachment":[{"href":"https:\/\/jag.se\/opinion\/wp-json\/wp\/v2\/media?parent=28112"}],"curies":[{"name":"wp","href":"https:\/\/api.w.org\/{rel}","templated":true}]}}