{"id":28114,"date":"2014-05-15T07:16:08","date_gmt":"2014-05-15T05:16:08","guid":{"rendered":"https:\/\/jag.se\/opinion\/pressreleases\/kan-experter-saga-hur-jag-ska-leva-mitt-liv\/"},"modified":"2014-05-15T07:16:08","modified_gmt":"2014-05-15T05:16:08","slug":"kan-experter-saga-hur-jag-ska-leva-mitt-liv","status":"publish","type":"pressreleases","link":"https:\/\/jag.se\/opinion\/pressreleases\/kan-experter-saga-hur-jag-ska-leva-mitt-liv\/","title":{"rendered":"Kan experter s\u00e4ga hur jag ska leva mitt liv?"},"content":{"rendered":"<p>De flesta av oss som medverkar i f\u00f6rest\u00e4llningen har stora funktionsneds\u00e4ttningar. Tillsammans med v\u00e5ra personliga assistenter uttrycker vi oss genom dans, musik och teater p\u00e5 ett nyskapande och unikt s\u00e4tt. Musiken i f\u00f6rest\u00e4llningen \u00e4r till st\u00f6rsta delen nyskriven av oss medverkande och n\u00e5gra av styckena framf\u00f6rs live. Flera av oss kommunicerar inte via tal, men vi har n\u00e5got viktigt att s\u00e4ga och via dansen och musiken uppst\u00e5r kommunikation med publiken. Med allvar och humor angrips fr\u00e5gor som ber\u00f6r och uppr\u00f6r. Kan experter s\u00e4ga hur jag ska leva mitt liv? Vem best\u00e4mmer vem jag \u00e4r, vad jag tycker och vill med mitt liv? F\u00f6rst\u00e5r min omv\u00e4rld mig? Vem tolkar mig b\u00e4st?<\/p>\n<p>Datum och plats 20 maj 2014 kl 13.00 p\u00e5 Frideg\u00e5rdsteatern, B\u00e5lsta<\/p>\n<p>Anm\u00e4l dig! Maila info@jag.se \u00a0(info@jag.se )eller ring 08-789 30 00. \u00a0Antalet platser \u00e4r begr\u00e4nsat. Uppge i anm\u00e4lan om du anv\u00e4nder rullstol. F\u00f6rest\u00e4llningens l\u00e4ngd: ca 1 tim.<\/p>\n<p>Fri entr\u00e9 men biljetterna m\u00e5ste bokas i f\u00f6rv\u00e4g!<\/p>\n<p>Bloggen om f\u00f6rest\u00e4llningen.\u00a0(http:\/\/blogg.jag.se\/vet-du-vem-jag-ar)<\/p>\n<p>Sagt av publiken efter f\u00f6rest\u00e4llningen i Kulturhuset i april<br \/>\n\u201dF\u00f6rest\u00e4llningen v\u00e4cker verkligen m\u00e5nga tankar\u201d<br \/>\n\u201dKonstn\u00e4rligt och proffsigt\u201d<br \/>\n\u201dEtt starkt och viktigt budskap\u201d<br \/>\n\u201dNyskapande teater med personer med omfattande funktionsneds\u00e4ttningar\u201d<\/p>\n<p>Presskontakt<br \/>\nAnn Nilsson<br \/>\n08-789 30 06 eller 076-545 30 06<br \/>\nann.nilsson@jag.se\u00a0(ann.nilsson@jag.se)<\/p>\n","protected":false},"featured_media":28115,"template":"","class_list":["post-28114","pressreleases","type-pressreleases","status-publish","has-post-thumbnail","hentry"],"acf":[],"yoast_head":"<!-- This site is optimized with the Yoast SEO plugin v21.3 - https:\/\/yoast.com\/wordpress\/plugins\/seo\/ -->\n<title>Kan experter s\u00e4ga hur jag ska leva mitt liv? - JAG Opinion<\/title>\n<meta name=\"robots\" content=\"index, follow, max-snippet:-1, max-image-preview:large, max-video-preview:-1\" \/>\n<link rel=\"canonical\" href=\"https:\/\/jag.se\/opinion\/pressreleases\/kan-experter-saga-hur-jag-ska-leva-mitt-liv\/\" \/>\n<meta property=\"og:locale\" content=\"sv_SE\" \/>\n<meta property=\"og:type\" content=\"article\" \/>\n<meta property=\"og:title\" content=\"Kan experter s\u00e4ga hur jag ska leva mitt liv? - JAG Opinion\" \/>\n<meta property=\"og:description\" content=\"De flesta av oss som medverkar i f\u00f6rest\u00e4llningen har stora funktionsneds\u00e4ttningar. Tillsammans med v\u00e5ra personliga assistenter uttrycker vi oss genom dans, musik och teater p\u00e5 ett nyskapande och unikt s\u00e4tt. Musiken i f\u00f6rest\u00e4llningen \u00e4r till st\u00f6rsta delen nyskriven av oss medverkande och n\u00e5gra av styckena framf\u00f6rs live. Flera av oss kommunicerar inte via tal, men\" \/>\n<meta property=\"og:url\" content=\"https:\/\/jag.se\/opinion\/pressreleases\/kan-experter-saga-hur-jag-ska-leva-mitt-liv\/\" \/>\n<meta property=\"og:site_name\" content=\"JAG Opinion\" \/>\n<meta property=\"og:image\" content=\"https:\/\/jag.se\/opinion\/wp-content\/uploads\/sites\/3\/2014\/05\/b5df011ec1dd4871_org-11.jpg\" \/>\n\t<meta property=\"og:image:width\" content=\"900\" \/>\n\t<meta property=\"og:image:height\" content=\"500\" \/>\n\t<meta property=\"og:image:type\" content=\"image\/jpeg\" \/>\n<meta name=\"twitter:card\" content=\"summary_large_image\" \/>\n<meta name=\"twitter:label1\" content=\"Ber\u00e4knad l\u00e4stid\" \/>\n\t<meta name=\"twitter:data1\" content=\"1 minut\" \/>\n<script type=\"application\/ld+json\" class=\"yoast-schema-graph\">{\"@context\":\"https:\/\/schema.org\",\"@graph\":[{\"@type\":\"WebPage\",\"@id\":\"https:\/\/jag.se\/opinion\/pressreleases\/kan-experter-saga-hur-jag-ska-leva-mitt-liv\/\",\"url\":\"https:\/\/jag.se\/opinion\/pressreleases\/kan-experter-saga-hur-jag-ska-leva-mitt-liv\/\",\"name\":\"Kan experter s\u00e4ga hur jag ska leva mitt liv? - JAG Opinion\",\"isPartOf\":{\"@id\":\"https:\/\/jag.se\/opinion\/#website\"},\"datePublished\":\"2014-05-15T05:16:08+00:00\",\"dateModified\":\"2014-05-15T05:16:08+00:00\",\"breadcrumb\":{\"@id\":\"https:\/\/jag.se\/opinion\/pressreleases\/kan-experter-saga-hur-jag-ska-leva-mitt-liv\/#breadcrumb\"},\"inLanguage\":\"sv-SE\",\"potentialAction\":[{\"@type\":\"ReadAction\",\"target\":[\"https:\/\/jag.se\/opinion\/pressreleases\/kan-experter-saga-hur-jag-ska-leva-mitt-liv\/\"]}]},{\"@type\":\"BreadcrumbList\",\"@id\":\"https:\/\/jag.se\/opinion\/pressreleases\/kan-experter-saga-hur-jag-ska-leva-mitt-liv\/#breadcrumb\",\"itemListElement\":[{\"@type\":\"ListItem\",\"position\":1,\"name\":\"JAG start\",\"item\":\"https:\/\/jag.se\"},{\"@type\":\"ListItem\",\"position\":2,\"name\":\"Riksf\u00f6reningen JAG\",\"item\":\"https:\/\/jag.se\/opinion\/\"},{\"@type\":\"ListItem\",\"position\":3,\"name\":\"Pressmeddelanden\",\"item\":\"https:\/\/jag.se\/opinion\/pressreleases\/\"},{\"@type\":\"ListItem\",\"position\":4,\"name\":\"Kan experter s\u00e4ga hur jag ska leva mitt liv?\"}]},{\"@type\":\"WebSite\",\"@id\":\"https:\/\/jag.se\/opinion\/#website\",\"url\":\"https:\/\/jag.se\/opinion\/\",\"name\":\"JAG Opinion\",\"description\":\"\",\"potentialAction\":[{\"@type\":\"SearchAction\",\"target\":{\"@type\":\"EntryPoint\",\"urlTemplate\":\"https:\/\/jag.se\/opinion\/?s={search_term_string}\"},\"query-input\":\"required name=search_term_string\"}],\"inLanguage\":\"sv-SE\"}]}<\/script>\n<!-- \/ Yoast SEO plugin. -->","yoast_head_json":{"title":"Kan experter s\u00e4ga hur jag ska leva mitt liv? - JAG Opinion","robots":{"index":"index","follow":"follow","max-snippet":"max-snippet:-1","max-image-preview":"max-image-preview:large","max-video-preview":"max-video-preview:-1"},"canonical":"https:\/\/jag.se\/opinion\/pressreleases\/kan-experter-saga-hur-jag-ska-leva-mitt-liv\/","og_locale":"sv_SE","og_type":"article","og_title":"Kan experter s\u00e4ga hur jag ska leva mitt liv? - JAG Opinion","og_description":"De flesta av oss som medverkar i f\u00f6rest\u00e4llningen har stora funktionsneds\u00e4ttningar. Tillsammans med v\u00e5ra personliga assistenter uttrycker vi oss genom dans, musik och teater p\u00e5 ett nyskapande och unikt s\u00e4tt. Musiken i f\u00f6rest\u00e4llningen \u00e4r till st\u00f6rsta delen nyskriven av oss medverkande och n\u00e5gra av styckena framf\u00f6rs live. Flera av oss kommunicerar inte via tal, men","og_url":"https:\/\/jag.se\/opinion\/pressreleases\/kan-experter-saga-hur-jag-ska-leva-mitt-liv\/","og_site_name":"JAG Opinion","og_image":[{"width":900,"height":500,"url":"https:\/\/jag.se\/opinion\/wp-content\/uploads\/sites\/3\/2014\/05\/b5df011ec1dd4871_org-11.jpg","type":"image\/jpeg"}],"twitter_card":"summary_large_image","twitter_misc":{"Ber\u00e4knad l\u00e4stid":"1 minut"},"schema":{"@context":"https:\/\/schema.org","@graph":[{"@type":"WebPage","@id":"https:\/\/jag.se\/opinion\/pressreleases\/kan-experter-saga-hur-jag-ska-leva-mitt-liv\/","url":"https:\/\/jag.se\/opinion\/pressreleases\/kan-experter-saga-hur-jag-ska-leva-mitt-liv\/","name":"Kan experter s\u00e4ga hur jag ska leva mitt liv? - JAG Opinion","isPartOf":{"@id":"https:\/\/jag.se\/opinion\/#website"},"datePublished":"2014-05-15T05:16:08+00:00","dateModified":"2014-05-15T05:16:08+00:00","breadcrumb":{"@id":"https:\/\/jag.se\/opinion\/pressreleases\/kan-experter-saga-hur-jag-ska-leva-mitt-liv\/#breadcrumb"},"inLanguage":"sv-SE","potentialAction":[{"@type":"ReadAction","target":["https:\/\/jag.se\/opinion\/pressreleases\/kan-experter-saga-hur-jag-ska-leva-mitt-liv\/"]}]},{"@type":"BreadcrumbList","@id":"https:\/\/jag.se\/opinion\/pressreleases\/kan-experter-saga-hur-jag-ska-leva-mitt-liv\/#breadcrumb","itemListElement":[{"@type":"ListItem","position":1,"name":"JAG start","item":"https:\/\/jag.se"},{"@type":"ListItem","position":2,"name":"Riksf\u00f6reningen JAG","item":"https:\/\/jag.se\/opinion\/"},{"@type":"ListItem","position":3,"name":"Pressmeddelanden","item":"https:\/\/jag.se\/opinion\/pressreleases\/"},{"@type":"ListItem","position":4,"name":"Kan experter s\u00e4ga hur jag ska leva mitt liv?"}]},{"@type":"WebSite","@id":"https:\/\/jag.se\/opinion\/#website","url":"https:\/\/jag.se\/opinion\/","name":"JAG Opinion","description":"","potentialAction":[{"@type":"SearchAction","target":{"@type":"EntryPoint","urlTemplate":"https:\/\/jag.se\/opinion\/?s={search_term_string}"},"query-input":"required name=search_term_string"}],"inLanguage":"sv-SE"}]}},"_links":{"self":[{"href":"https:\/\/jag.se\/opinion\/wp-json\/wp\/v2\/pressreleases\/28114","targetHints":{"allow":["GET"]}}],"collection":[{"href":"https:\/\/jag.se\/opinion\/wp-json\/wp\/v2\/pressreleases"}],"about":[{"href":"https:\/\/jag.se\/opinion\/wp-json\/wp\/v2\/types\/pressreleases"}],"wp:featuredmedia":[{"embeddable":true,"href":"https:\/\/jag.se\/opinion\/wp-json\/wp\/v2\/media\/28115"}],"wp:attachment":[{"href":"https:\/\/jag.se\/opinion\/wp-json\/wp\/v2\/media?parent=28114"}],"curies":[{"name":"wp","href":"https:\/\/api.w.org\/{rel}","templated":true}]}}