{"id":28116,"date":"2014-01-31T12:18:44","date_gmt":"2014-01-31T11:18:44","guid":{"rendered":"https:\/\/jag.se\/opinion\/pressreleases\/elisabeth-ohlson-wallin-staller-ut-portratten-som-aldrig-blev-malade\/"},"modified":"2014-01-31T12:18:44","modified_gmt":"2014-01-31T11:18:44","slug":"elisabeth-ohlson-wallin-staller-ut-portratten-som-aldrig-blev-malade","status":"publish","type":"pressreleases","link":"https:\/\/jag.se\/opinion\/pressreleases\/elisabeth-ohlson-wallin-staller-ut-portratten-som-aldrig-blev-malade\/","title":{"rendered":"Elisabeth Ohlson Wallin st\u00e4ller ut portr\u00e4tten som aldrig blev m\u00e5lade"},"content":{"rendered":"<p>P\u00e5 l\u00f6rdag startar utst\u00e4llningen &#8221;Portr\u00e4tten som aldrig blev m\u00e5lade&#8221; p\u00e5 Arboga Museum.\u00a0<br \/>\n\u2013 M\u00e4nniskor med funktionsneds\u00e4ttningar har osynliggjorts genom \u00e5rhundraden, s\u00e4ger konstn\u00e4ren Elisabeth Ohlson Wallin. Hon hoppas att hennes portr\u00e4ttolkningar av Magnus And\u00e9n, Sabina Hosseinbor, Harald Theobald, Sandro Grip och Maria Magnusson ska bidra till en \u00e4ndrad syn p\u00e5 personer med stora funktionsneds\u00e4ttningar.<\/p>\n<p>Utst\u00e4llningen, som \u00e4r ett samarbete mellan Ohlson Wallin, F\u00f6reningen JAG, Funkisbyr\u00e5n och Arboga Museum\u00a0p\u00e5g\u00e5r hela februari. Modellerna, som alla \u00e4r medlemmar i F\u00f6reningen JAG och aktiva i Funkisbyr\u00e5n, finns p\u00e5 plats p\u00e5 vernissaget l\u00f6rdag 1\/2 13\u201315.<\/p>\n<p>Museet anordnar \u00e4ven en f\u00f6rel\u00e4sning med Elisabeth Ohlson Wallin torsdag 6\/2 18.00.<\/p>\n","protected":false},"featured_media":28117,"template":"","class_list":["post-28116","pressreleases","type-pressreleases","status-publish","has-post-thumbnail","hentry"],"acf":[],"yoast_head":"<!-- This site is optimized with the Yoast SEO plugin v21.3 - https:\/\/yoast.com\/wordpress\/plugins\/seo\/ -->\n<title>Elisabeth Ohlson Wallin st\u00e4ller ut portr\u00e4tten som aldrig blev m\u00e5lade - JAG Opinion<\/title>\n<meta name=\"robots\" content=\"index, follow, max-snippet:-1, max-image-preview:large, max-video-preview:-1\" \/>\n<link rel=\"canonical\" href=\"https:\/\/jag.se\/opinion\/pressreleases\/elisabeth-ohlson-wallin-staller-ut-portratten-som-aldrig-blev-malade\/\" \/>\n<meta property=\"og:locale\" content=\"sv_SE\" \/>\n<meta property=\"og:type\" content=\"article\" \/>\n<meta property=\"og:title\" content=\"Elisabeth Ohlson Wallin st\u00e4ller ut portr\u00e4tten som aldrig blev m\u00e5lade - JAG Opinion\" \/>\n<meta property=\"og:description\" content=\"P\u00e5 l\u00f6rdag startar utst\u00e4llningen &#8221;Portr\u00e4tten som aldrig blev m\u00e5lade&#8221; p\u00e5 Arboga Museum.\u00a0 \u2013 M\u00e4nniskor med funktionsneds\u00e4ttningar har osynliggjorts genom \u00e5rhundraden, s\u00e4ger konstn\u00e4ren Elisabeth Ohlson Wallin. Hon hoppas att hennes portr\u00e4ttolkningar av Magnus And\u00e9n, Sabina Hosseinbor, Harald Theobald, Sandro Grip och Maria Magnusson ska bidra till en \u00e4ndrad syn p\u00e5 personer med stora funktionsneds\u00e4ttningar. Utst\u00e4llningen, som\" \/>\n<meta property=\"og:url\" content=\"https:\/\/jag.se\/opinion\/pressreleases\/elisabeth-ohlson-wallin-staller-ut-portratten-som-aldrig-blev-malade\/\" \/>\n<meta property=\"og:site_name\" content=\"JAG Opinion\" \/>\n<meta property=\"og:image\" content=\"https:\/\/jag.se\/opinion\/wp-content\/uploads\/sites\/3\/2014\/01\/8fb7000ba16a00e2_org-11-scaled.jpg\" \/>\n\t<meta property=\"og:image:width\" content=\"2560\" \/>\n\t<meta property=\"og:image:height\" content=\"1950\" \/>\n\t<meta property=\"og:image:type\" content=\"image\/jpeg\" \/>\n<meta name=\"twitter:card\" content=\"summary_large_image\" \/>\n<meta name=\"twitter:label1\" content=\"Ber\u00e4knad l\u00e4stid\" \/>\n\t<meta name=\"twitter:data1\" content=\"1 minut\" \/>\n<script type=\"application\/ld+json\" class=\"yoast-schema-graph\">{\"@context\":\"https:\/\/schema.org\",\"@graph\":[{\"@type\":\"WebPage\",\"@id\":\"https:\/\/jag.se\/opinion\/pressreleases\/elisabeth-ohlson-wallin-staller-ut-portratten-som-aldrig-blev-malade\/\",\"url\":\"https:\/\/jag.se\/opinion\/pressreleases\/elisabeth-ohlson-wallin-staller-ut-portratten-som-aldrig-blev-malade\/\",\"name\":\"Elisabeth Ohlson Wallin st\u00e4ller ut portr\u00e4tten som aldrig blev m\u00e5lade - JAG Opinion\",\"isPartOf\":{\"@id\":\"https:\/\/jag.se\/opinion\/#website\"},\"datePublished\":\"2014-01-31T11:18:44+00:00\",\"dateModified\":\"2014-01-31T11:18:44+00:00\",\"breadcrumb\":{\"@id\":\"https:\/\/jag.se\/opinion\/pressreleases\/elisabeth-ohlson-wallin-staller-ut-portratten-som-aldrig-blev-malade\/#breadcrumb\"},\"inLanguage\":\"sv-SE\",\"potentialAction\":[{\"@type\":\"ReadAction\",\"target\":[\"https:\/\/jag.se\/opinion\/pressreleases\/elisabeth-ohlson-wallin-staller-ut-portratten-som-aldrig-blev-malade\/\"]}]},{\"@type\":\"BreadcrumbList\",\"@id\":\"https:\/\/jag.se\/opinion\/pressreleases\/elisabeth-ohlson-wallin-staller-ut-portratten-som-aldrig-blev-malade\/#breadcrumb\",\"itemListElement\":[{\"@type\":\"ListItem\",\"position\":1,\"name\":\"JAG start\",\"item\":\"https:\/\/jag.se\"},{\"@type\":\"ListItem\",\"position\":2,\"name\":\"Riksf\u00f6reningen JAG\",\"item\":\"https:\/\/jag.se\/opinion\/\"},{\"@type\":\"ListItem\",\"position\":3,\"name\":\"Pressmeddelanden\",\"item\":\"https:\/\/jag.se\/opinion\/pressreleases\/\"},{\"@type\":\"ListItem\",\"position\":4,\"name\":\"Elisabeth Ohlson Wallin st\u00e4ller ut portr\u00e4tten som aldrig blev m\u00e5lade\"}]},{\"@type\":\"WebSite\",\"@id\":\"https:\/\/jag.se\/opinion\/#website\",\"url\":\"https:\/\/jag.se\/opinion\/\",\"name\":\"JAG Opinion\",\"description\":\"\",\"potentialAction\":[{\"@type\":\"SearchAction\",\"target\":{\"@type\":\"EntryPoint\",\"urlTemplate\":\"https:\/\/jag.se\/opinion\/?s={search_term_string}\"},\"query-input\":\"required name=search_term_string\"}],\"inLanguage\":\"sv-SE\"}]}<\/script>\n<!-- \/ Yoast SEO plugin. -->","yoast_head_json":{"title":"Elisabeth Ohlson Wallin st\u00e4ller ut portr\u00e4tten som aldrig blev m\u00e5lade - JAG Opinion","robots":{"index":"index","follow":"follow","max-snippet":"max-snippet:-1","max-image-preview":"max-image-preview:large","max-video-preview":"max-video-preview:-1"},"canonical":"https:\/\/jag.se\/opinion\/pressreleases\/elisabeth-ohlson-wallin-staller-ut-portratten-som-aldrig-blev-malade\/","og_locale":"sv_SE","og_type":"article","og_title":"Elisabeth Ohlson Wallin st\u00e4ller ut portr\u00e4tten som aldrig blev m\u00e5lade - JAG Opinion","og_description":"P\u00e5 l\u00f6rdag startar utst\u00e4llningen &#8221;Portr\u00e4tten som aldrig blev m\u00e5lade&#8221; p\u00e5 Arboga Museum.\u00a0 \u2013 M\u00e4nniskor med funktionsneds\u00e4ttningar har osynliggjorts genom \u00e5rhundraden, s\u00e4ger konstn\u00e4ren Elisabeth Ohlson Wallin. Hon hoppas att hennes portr\u00e4ttolkningar av Magnus And\u00e9n, Sabina Hosseinbor, Harald Theobald, Sandro Grip och Maria Magnusson ska bidra till en \u00e4ndrad syn p\u00e5 personer med stora funktionsneds\u00e4ttningar. Utst\u00e4llningen, som","og_url":"https:\/\/jag.se\/opinion\/pressreleases\/elisabeth-ohlson-wallin-staller-ut-portratten-som-aldrig-blev-malade\/","og_site_name":"JAG Opinion","og_image":[{"width":2560,"height":1950,"url":"https:\/\/jag.se\/opinion\/wp-content\/uploads\/sites\/3\/2014\/01\/8fb7000ba16a00e2_org-11-scaled.jpg","type":"image\/jpeg"}],"twitter_card":"summary_large_image","twitter_misc":{"Ber\u00e4knad l\u00e4stid":"1 minut"},"schema":{"@context":"https:\/\/schema.org","@graph":[{"@type":"WebPage","@id":"https:\/\/jag.se\/opinion\/pressreleases\/elisabeth-ohlson-wallin-staller-ut-portratten-som-aldrig-blev-malade\/","url":"https:\/\/jag.se\/opinion\/pressreleases\/elisabeth-ohlson-wallin-staller-ut-portratten-som-aldrig-blev-malade\/","name":"Elisabeth Ohlson Wallin st\u00e4ller ut portr\u00e4tten som aldrig blev m\u00e5lade - JAG Opinion","isPartOf":{"@id":"https:\/\/jag.se\/opinion\/#website"},"datePublished":"2014-01-31T11:18:44+00:00","dateModified":"2014-01-31T11:18:44+00:00","breadcrumb":{"@id":"https:\/\/jag.se\/opinion\/pressreleases\/elisabeth-ohlson-wallin-staller-ut-portratten-som-aldrig-blev-malade\/#breadcrumb"},"inLanguage":"sv-SE","potentialAction":[{"@type":"ReadAction","target":["https:\/\/jag.se\/opinion\/pressreleases\/elisabeth-ohlson-wallin-staller-ut-portratten-som-aldrig-blev-malade\/"]}]},{"@type":"BreadcrumbList","@id":"https:\/\/jag.se\/opinion\/pressreleases\/elisabeth-ohlson-wallin-staller-ut-portratten-som-aldrig-blev-malade\/#breadcrumb","itemListElement":[{"@type":"ListItem","position":1,"name":"JAG start","item":"https:\/\/jag.se"},{"@type":"ListItem","position":2,"name":"Riksf\u00f6reningen JAG","item":"https:\/\/jag.se\/opinion\/"},{"@type":"ListItem","position":3,"name":"Pressmeddelanden","item":"https:\/\/jag.se\/opinion\/pressreleases\/"},{"@type":"ListItem","position":4,"name":"Elisabeth Ohlson Wallin st\u00e4ller ut portr\u00e4tten som aldrig blev m\u00e5lade"}]},{"@type":"WebSite","@id":"https:\/\/jag.se\/opinion\/#website","url":"https:\/\/jag.se\/opinion\/","name":"JAG Opinion","description":"","potentialAction":[{"@type":"SearchAction","target":{"@type":"EntryPoint","urlTemplate":"https:\/\/jag.se\/opinion\/?s={search_term_string}"},"query-input":"required name=search_term_string"}],"inLanguage":"sv-SE"}]}},"_links":{"self":[{"href":"https:\/\/jag.se\/opinion\/wp-json\/wp\/v2\/pressreleases\/28116","targetHints":{"allow":["GET"]}}],"collection":[{"href":"https:\/\/jag.se\/opinion\/wp-json\/wp\/v2\/pressreleases"}],"about":[{"href":"https:\/\/jag.se\/opinion\/wp-json\/wp\/v2\/types\/pressreleases"}],"wp:featuredmedia":[{"embeddable":true,"href":"https:\/\/jag.se\/opinion\/wp-json\/wp\/v2\/media\/28117"}],"wp:attachment":[{"href":"https:\/\/jag.se\/opinion\/wp-json\/wp\/v2\/media?parent=28116"}],"curies":[{"name":"wp","href":"https:\/\/api.w.org\/{rel}","templated":true}]}}