{"id":28119,"date":"2013-12-19T14:47:11","date_gmt":"2013-12-19T13:47:11","guid":{"rendered":"https:\/\/jag.se\/opinion\/pressreleases\/funkisbyrans-onskelista-infor-julen-2013\/"},"modified":"2013-12-19T14:47:11","modified_gmt":"2013-12-19T13:47:11","slug":"funkisbyrans-onskelista-infor-julen-2013","status":"publish","type":"pressreleases","link":"https:\/\/jag.se\/opinion\/pressreleases\/funkisbyrans-onskelista-infor-julen-2013\/","title":{"rendered":"Funkisbyr\u00e5ns \u00f6nskelista inf\u00f6r julen 2013!"},"content":{"rendered":"<p>Vi \u00f6nskar oss mer synlighet f\u00f6r Funkisbyr\u00e5ns fantastiska modeller!<br \/>\nVi \u00f6nskar oss modekampanjer, nyheter och en bestseller.<br \/>\nP\u00e5 bokomslag, i TV-program och i glassiga magasin<br \/>\nska det vara mer Funkisbyr\u00e5modeller \u00e4n n\u00e5gonsin! \u00a0<br \/>\nH\u00e4r kommer flera sidor bildinspiration<br \/>\natt ta med fr\u00e5n och med nu i din bildreflektion.<br \/>\nInf\u00f6r inslag och kampanjer n\u00e4sta \u00e5r sn\u00e4lla,<br \/>\nt\u00e4nk st\u00f6rre \u00e4n ig\u00e5r!<br \/>\nVi har l\u00e5nat (tack!) fr\u00e5n flera k\u00e4nda f\u00f6retag,<br \/>\noch hoppas p\u00e5 \u00f6verseende med detta tilltag. \u00a0<br \/>\nVi \u00f6nskar oss ett mera j\u00e4mlikt samh\u00e4lle<br \/>\ns\u00e5 se det h\u00e4r som ett fantastiskt tillf\u00e4lle,<br \/>\natt g\u00f6ra v\u00e4rlden mera r\u00e4ttvis.<br \/>\nDet kan du g\u00f6ra genom att givetvis<br \/>\nanlita Funkisbyr\u00e5n f\u00f6r n\u00e4sta uppdrag<br \/>\ndu \u00e4r v\u00e4lkommen att ringa redan idag!<\/p>\n<p>God jul och gott nytt \u00e5r \u00f6nskar Funkisbyr\u00e5n!<\/p>\n<p>Filmen \u00e4r knappt tre minuter l\u00e5ng, sl\u00e5 p\u00e5 h\u00f6gtalarna och se vad vi skulle kunna g\u00f6ra tillsammans!\u00a0(https:\/\/www.youtube.com\/watch?v=YDSWBBYi5eA)https:\/\/www.youtube.com\/watch?v=YDSWBBYi5eA\u00a0(https:\/\/www.youtube.com\/watch?v=YDSWBBYi5eA)<\/p>\n<p>Funkisbyr\u00e5n \u00e4r en modellagentur som jobbar f\u00f6r att m\u00e4nniskor med olika funktionsneds\u00e4ttningar ska inkluderas i media, reklam och nyheter. Funkisbyr\u00e5n drivs av F\u00f6reningen JAG.<\/p>\n","protected":false},"featured_media":28120,"template":"","class_list":["post-28119","pressreleases","type-pressreleases","status-publish","has-post-thumbnail","hentry"],"acf":[],"yoast_head":"<!-- This site is optimized with the Yoast SEO plugin v21.3 - https:\/\/yoast.com\/wordpress\/plugins\/seo\/ -->\n<title>Funkisbyr\u00e5ns \u00f6nskelista inf\u00f6r julen 2013! - JAG Opinion<\/title>\n<meta name=\"robots\" content=\"index, follow, max-snippet:-1, max-image-preview:large, max-video-preview:-1\" \/>\n<link rel=\"canonical\" href=\"https:\/\/jag.se\/opinion\/pressreleases\/funkisbyrans-onskelista-infor-julen-2013\/\" \/>\n<meta property=\"og:locale\" content=\"sv_SE\" \/>\n<meta property=\"og:type\" content=\"article\" \/>\n<meta property=\"og:title\" content=\"Funkisbyr\u00e5ns \u00f6nskelista inf\u00f6r julen 2013! - JAG Opinion\" \/>\n<meta property=\"og:description\" content=\"Vi \u00f6nskar oss mer synlighet f\u00f6r Funkisbyr\u00e5ns fantastiska modeller! Vi \u00f6nskar oss modekampanjer, nyheter och en bestseller. P\u00e5 bokomslag, i TV-program och i glassiga magasin ska det vara mer Funkisbyr\u00e5modeller \u00e4n n\u00e5gonsin! \u00a0 H\u00e4r kommer flera sidor bildinspiration att ta med fr\u00e5n och med nu i din bildreflektion. Inf\u00f6r inslag och kampanjer n\u00e4sta \u00e5r sn\u00e4lla,\" \/>\n<meta property=\"og:url\" content=\"https:\/\/jag.se\/opinion\/pressreleases\/funkisbyrans-onskelista-infor-julen-2013\/\" \/>\n<meta property=\"og:site_name\" content=\"JAG Opinion\" \/>\n<meta property=\"og:image\" content=\"https:\/\/jag.se\/opinion\/wp-content\/uploads\/sites\/3\/2013\/12\/b861b1ecdb2dd8f1_org-12.jpg\" \/>\n\t<meta property=\"og:image:width\" content=\"943\" \/>\n\t<meta property=\"og:image:height\" content=\"632\" \/>\n\t<meta property=\"og:image:type\" content=\"image\/jpeg\" \/>\n<meta name=\"twitter:card\" content=\"summary_large_image\" \/>\n<meta name=\"twitter:label1\" content=\"Ber\u00e4knad l\u00e4stid\" \/>\n\t<meta name=\"twitter:data1\" content=\"1 minut\" \/>\n<script type=\"application\/ld+json\" class=\"yoast-schema-graph\">{\"@context\":\"https:\/\/schema.org\",\"@graph\":[{\"@type\":\"WebPage\",\"@id\":\"https:\/\/jag.se\/opinion\/pressreleases\/funkisbyrans-onskelista-infor-julen-2013\/\",\"url\":\"https:\/\/jag.se\/opinion\/pressreleases\/funkisbyrans-onskelista-infor-julen-2013\/\",\"name\":\"Funkisbyr\u00e5ns \u00f6nskelista inf\u00f6r julen 2013! - JAG Opinion\",\"isPartOf\":{\"@id\":\"https:\/\/jag.se\/opinion\/#website\"},\"datePublished\":\"2013-12-19T13:47:11+00:00\",\"dateModified\":\"2013-12-19T13:47:11+00:00\",\"breadcrumb\":{\"@id\":\"https:\/\/jag.se\/opinion\/pressreleases\/funkisbyrans-onskelista-infor-julen-2013\/#breadcrumb\"},\"inLanguage\":\"sv-SE\",\"potentialAction\":[{\"@type\":\"ReadAction\",\"target\":[\"https:\/\/jag.se\/opinion\/pressreleases\/funkisbyrans-onskelista-infor-julen-2013\/\"]}]},{\"@type\":\"BreadcrumbList\",\"@id\":\"https:\/\/jag.se\/opinion\/pressreleases\/funkisbyrans-onskelista-infor-julen-2013\/#breadcrumb\",\"itemListElement\":[{\"@type\":\"ListItem\",\"position\":1,\"name\":\"JAG start\",\"item\":\"https:\/\/jag.se\"},{\"@type\":\"ListItem\",\"position\":2,\"name\":\"Riksf\u00f6reningen JAG\",\"item\":\"https:\/\/jag.se\/opinion\/\"},{\"@type\":\"ListItem\",\"position\":3,\"name\":\"Pressmeddelanden\",\"item\":\"https:\/\/jag.se\/opinion\/pressreleases\/\"},{\"@type\":\"ListItem\",\"position\":4,\"name\":\"Funkisbyr\u00e5ns \u00f6nskelista inf\u00f6r julen 2013!\"}]},{\"@type\":\"WebSite\",\"@id\":\"https:\/\/jag.se\/opinion\/#website\",\"url\":\"https:\/\/jag.se\/opinion\/\",\"name\":\"JAG Opinion\",\"description\":\"\",\"potentialAction\":[{\"@type\":\"SearchAction\",\"target\":{\"@type\":\"EntryPoint\",\"urlTemplate\":\"https:\/\/jag.se\/opinion\/?s={search_term_string}\"},\"query-input\":\"required name=search_term_string\"}],\"inLanguage\":\"sv-SE\"}]}<\/script>\n<!-- \/ Yoast SEO plugin. -->","yoast_head_json":{"title":"Funkisbyr\u00e5ns \u00f6nskelista inf\u00f6r julen 2013! - JAG Opinion","robots":{"index":"index","follow":"follow","max-snippet":"max-snippet:-1","max-image-preview":"max-image-preview:large","max-video-preview":"max-video-preview:-1"},"canonical":"https:\/\/jag.se\/opinion\/pressreleases\/funkisbyrans-onskelista-infor-julen-2013\/","og_locale":"sv_SE","og_type":"article","og_title":"Funkisbyr\u00e5ns \u00f6nskelista inf\u00f6r julen 2013! - JAG Opinion","og_description":"Vi \u00f6nskar oss mer synlighet f\u00f6r Funkisbyr\u00e5ns fantastiska modeller! Vi \u00f6nskar oss modekampanjer, nyheter och en bestseller. P\u00e5 bokomslag, i TV-program och i glassiga magasin ska det vara mer Funkisbyr\u00e5modeller \u00e4n n\u00e5gonsin! \u00a0 H\u00e4r kommer flera sidor bildinspiration att ta med fr\u00e5n och med nu i din bildreflektion. Inf\u00f6r inslag och kampanjer n\u00e4sta \u00e5r sn\u00e4lla,","og_url":"https:\/\/jag.se\/opinion\/pressreleases\/funkisbyrans-onskelista-infor-julen-2013\/","og_site_name":"JAG Opinion","og_image":[{"width":943,"height":632,"url":"https:\/\/jag.se\/opinion\/wp-content\/uploads\/sites\/3\/2013\/12\/b861b1ecdb2dd8f1_org-12.jpg","type":"image\/jpeg"}],"twitter_card":"summary_large_image","twitter_misc":{"Ber\u00e4knad l\u00e4stid":"1 minut"},"schema":{"@context":"https:\/\/schema.org","@graph":[{"@type":"WebPage","@id":"https:\/\/jag.se\/opinion\/pressreleases\/funkisbyrans-onskelista-infor-julen-2013\/","url":"https:\/\/jag.se\/opinion\/pressreleases\/funkisbyrans-onskelista-infor-julen-2013\/","name":"Funkisbyr\u00e5ns \u00f6nskelista inf\u00f6r julen 2013! - JAG Opinion","isPartOf":{"@id":"https:\/\/jag.se\/opinion\/#website"},"datePublished":"2013-12-19T13:47:11+00:00","dateModified":"2013-12-19T13:47:11+00:00","breadcrumb":{"@id":"https:\/\/jag.se\/opinion\/pressreleases\/funkisbyrans-onskelista-infor-julen-2013\/#breadcrumb"},"inLanguage":"sv-SE","potentialAction":[{"@type":"ReadAction","target":["https:\/\/jag.se\/opinion\/pressreleases\/funkisbyrans-onskelista-infor-julen-2013\/"]}]},{"@type":"BreadcrumbList","@id":"https:\/\/jag.se\/opinion\/pressreleases\/funkisbyrans-onskelista-infor-julen-2013\/#breadcrumb","itemListElement":[{"@type":"ListItem","position":1,"name":"JAG start","item":"https:\/\/jag.se"},{"@type":"ListItem","position":2,"name":"Riksf\u00f6reningen JAG","item":"https:\/\/jag.se\/opinion\/"},{"@type":"ListItem","position":3,"name":"Pressmeddelanden","item":"https:\/\/jag.se\/opinion\/pressreleases\/"},{"@type":"ListItem","position":4,"name":"Funkisbyr\u00e5ns \u00f6nskelista inf\u00f6r julen 2013!"}]},{"@type":"WebSite","@id":"https:\/\/jag.se\/opinion\/#website","url":"https:\/\/jag.se\/opinion\/","name":"JAG Opinion","description":"","potentialAction":[{"@type":"SearchAction","target":{"@type":"EntryPoint","urlTemplate":"https:\/\/jag.se\/opinion\/?s={search_term_string}"},"query-input":"required name=search_term_string"}],"inLanguage":"sv-SE"}]}},"_links":{"self":[{"href":"https:\/\/jag.se\/opinion\/wp-json\/wp\/v2\/pressreleases\/28119","targetHints":{"allow":["GET"]}}],"collection":[{"href":"https:\/\/jag.se\/opinion\/wp-json\/wp\/v2\/pressreleases"}],"about":[{"href":"https:\/\/jag.se\/opinion\/wp-json\/wp\/v2\/types\/pressreleases"}],"wp:featuredmedia":[{"embeddable":true,"href":"https:\/\/jag.se\/opinion\/wp-json\/wp\/v2\/media\/28120"}],"wp:attachment":[{"href":"https:\/\/jag.se\/opinion\/wp-json\/wp\/v2\/media?parent=28119"}],"curies":[{"name":"wp","href":"https:\/\/api.w.org\/{rel}","templated":true}]}}