{"id":28121,"date":"2013-12-18T13:50:07","date_gmt":"2013-12-18T12:50:07","guid":{"rendered":"https:\/\/jag.se\/opinion\/pressreleases\/det-ar-oss-och-vara-rattigheter-det-galler\/"},"modified":"2013-12-18T13:50:07","modified_gmt":"2013-12-18T12:50:07","slug":"det-ar-oss-och-vara-rattigheter-det-galler","status":"publish","type":"pressreleases","link":"https:\/\/jag.se\/opinion\/pressreleases\/det-ar-oss-och-vara-rattigheter-det-galler\/","title":{"rendered":"Det \u00e4r oss och v\u00e5ra r\u00e4ttigheter det g\u00e4ller"},"content":{"rendered":"<p>F\u00f6rs\u00e4kringskassan har gjort ett utspel i pressen om att man vill se fler regler och mindre valfrihet f\u00f6r assistansanv\u00e4ndare, men vi i JAG vill forts\u00e4tta att leva som andra i det svenska samh\u00e4llet. Vi \u00e4r 450 personer som har flera stora funktionsneds\u00e4ttningar, varav en \u00e4r neds\u00e4ttning av den intellektuella f\u00f6rm\u00e5gan, som har v\u00e5r personliga assistans i v\u00e5rt brukarkooperativ. Det \u00e4r \u00e4r Sveriges st\u00f6rsta ideella verksamhet i v\u00e4lf\u00e4rden. Hela assistansers\u00e4ttningen g\u00e5r till v\u00e5r assistans och inga privata vinster \u00e4r m\u00f6jliga.<\/p>\n<p>F\u00f6reningen JAG, J\u00e4mlikhet, Assistans och Gemenskap, startades 1992 och var med i tillkomsten av LSS och personlig assistans. JAG var en av de allra f\u00f6rsta assistansanordnarna, som visade p\u00e5 hur vi med de allra st\u00f6rsta funktionsneds\u00e4ttningarna kan leva som andra fria svenskar tack vare assistansreformen.<\/p>\n<p>Brukarkooperativet JAG, som \u00e4r en ideell underf\u00f6rening, \u00e4r uppbyggt p\u00e5 att vi som \u00e4r vuxna har v\u00e5ra gode m\u00e4n som hj\u00e4lp till att ut\u00f6va sj\u00e4lvbest\u00e4mmande och styra ekonomin i assistansverksamheten.<\/p>\n<p>V\u00e5rt krav p\u00e5 gode m\u00e4n \u00e4r att de m\u00e5ste kunna kommunicera med sin huvudman. Det borde vara sj\u00e4lvklart.\u00a0 Alla levande m\u00e4nniskor kan kommunicera med n\u00e5gra av sina sinnen och kan visa sin vilja och sina behov.\u00a0 Det vet vi och vi har organiserat v\u00e5r verksamhet d\u00e4refter.<\/p>\n<p>Personlig assistans enligt LSS \u00e4r ingen passiv omh\u00e4ndertagandeverksamhet utan bygger p\u00e5 sj\u00e4lvbest\u00e4mmande och personlig integritet. Tack vare v\u00e5r uppbyggnad av assistansen som styrs med st\u00f6d av gode m\u00e4n som vi kan kommunicera med, uppn\u00e5r vi det i JAG.<\/p>\n<p>Som ordf\u00f6rande i F\u00f6reningen JAG, \u00e4r jag sj\u00e4lv ett exempel p\u00e5 detta. Jag \u00e4r sv\u00e5rt r\u00f6relsehindrad och kan viljem\u00e4ssigt endast r\u00f6ra tv\u00e5 fingrar. Jag h\u00f6r bra och ser en del, men kan inte r\u00f6ra min tunga och kan d\u00e4rf\u00f6r inte prata. Mina n\u00e4rmaste, som har k\u00e4nt mig i snart 50 \u00e5r, ser och h\u00f6r p\u00e5 mig hur jag m\u00e5r och vad jag vill. Jag visar med mina fingrar och mina miner vad jag tycker. Det \u00e4r livsviktigt f\u00f6r mig att mina n\u00e4rmaste hj\u00e4lper mig att styra \u00f6ver kvaliteten och arbetsledningen av mina personliga assistenter. Tack vare det system som vi har nu kan jag bo och leva som andra och ha ett gott liv.<\/p>\n<p>F\u00f6rs\u00e4kringskassan vill nu f\u00f6rst\u00f6ra detta system som Brukarkooperativet JAG \u00e4r uppbyggt p\u00e5, d\u00e4rf\u00f6r att kriminella ligor har kommit in i assistansverksamheter. Det \u00e4r inte v\u00e5rt fel. Det \u00e4r kommunens \u00f6verf\u00f6rmyndares fel, som inte kontrollerar utan utser kriminella personer till gode m\u00e4n.<\/p>\n<p>F\u00f6r att n\u00e5gra, p\u00e5 grund av \u00f6verf\u00f6rmyndarnas slarv, r\u00e5kat riktigt illa ut p\u00e5 grund av kriminella \u00f6vergrepp, ska v\u00e5r frihet och livskvalitet offras, enligt f\u00f6rs\u00e4kringskassan, som vill diskriminera oss p\u00e5 grund av v\u00e5ra intellektuella funktionsneds\u00e4ttningar. Man vill ta ifr\u00e5n oss r\u00e4tten att bilda brukarkooperativ eller organisera v\u00e5r egen assistans med hj\u00e4lp av v\u00e5ra gode m\u00e4n. Utan gode m\u00e4n som f\u00f6rst\u00e5r oss kan vi inte g\u00f6ra det.\u00a0 Vi blir h\u00e4nvisade att bli kunder hos anonyma riskkapitalistbolag, d\u00e4r v\u00e5r assistansers\u00e4ttning anv\u00e4nds till \u00e4garnas vinster. Och s\u00e5 tror man att man hindrat kriminalitet.\u00a0<\/p>\n<p>S\u00e5 fort det g\u00e4ller verksamhet f\u00f6r oss, s\u00e5 talas det om stora skattepengar. Personlig assistans dygnet runt f\u00f6r en person kostar \u00f6ver en miljon. Inte lika ofta g\u00f6rs j\u00e4mf\u00f6relsen att det \u00e4r lika mycket som ett enda nytt jobb p\u00e5 krogen kostar, i och med s\u00e4nkningen av krogmomsen. Personlig assistans f\u00f6r mig ger fem assistenter heltidsjobb. Det \u00e4r mer effektivt anv\u00e4nda skattepengar, f\u00f6r fler personer \u00e4n mig och min livskvalitet.<\/p>\n<p>F\u00f6re den personliga assistansens tid, var vi h\u00e4nvisade till v\u00e5ra familjers omsorg. Det innebar n\u00e4stan alltid att m\u00f6drarna inte kunde f\u00f6rv\u00e4rvsarbeta. De gjorde ju det jobbet gratis som minst fem assistenter g\u00f6r idag. M\u00f6drarna straffades livet ut f\u00f6r detta genom att de inte omfattades av arbetstids- eller arbetsmilj\u00f6lagar och inte hade pensionsgrundande inkomster. Att assistansreformen r\u00e5dde bot p\u00e5 detta var en politisk vilja och ingen tillf\u00e4llighet. Att n\u00e4rst\u00e5ende kan anst\u00e4llas som assistenter blev en j\u00e4mst\u00e4lldhetsreform.<\/p>\n<p>Nu vill F\u00f6rs\u00e4kringskassan ta bort \u00e4ven den m\u00f6jligheten, p\u00e5 grund av att n\u00e5gra kriminella personer utnyttjat detta p\u00e5 fel s\u00e4tt. D\u00e5 \u00e4r vi tillbaka till den gamla onda tiden igen. Att f\u00e5 ett handikappat barn som man \u00e4lskar och v\u00e4grar \u00f6verge ska straffas. F\u00f6r ni ska inte tro att vi blir \u00f6vergivna av v\u00e5ra n\u00e4rst\u00e5ende och livegna i samh\u00e4llet, som F\u00f6rs\u00e4kringskassan tydligen hoppas. Vi kommer att bli helt beroende av familjen, utan assistansers\u00e4ttning, s\u00e5 som det var f\u00f6rr.<\/p>\n<p>Magnus And\u00e9n med hj\u00e4lp av god man Gerd And\u00e9n<\/p>\n<p>F\u00f6r F\u00f6reningen JAGs styrelse<\/p>\n","protected":false},"featured_media":28122,"template":"","class_list":["post-28121","pressreleases","type-pressreleases","status-publish","has-post-thumbnail","hentry"],"acf":[],"yoast_head":"<!-- This site is optimized with the Yoast SEO plugin v21.3 - https:\/\/yoast.com\/wordpress\/plugins\/seo\/ -->\n<title>Det \u00e4r oss och v\u00e5ra r\u00e4ttigheter det g\u00e4ller - JAG Opinion<\/title>\n<meta name=\"robots\" content=\"index, follow, max-snippet:-1, max-image-preview:large, max-video-preview:-1\" \/>\n<link rel=\"canonical\" href=\"https:\/\/jag.se\/opinion\/pressreleases\/det-ar-oss-och-vara-rattigheter-det-galler\/\" \/>\n<meta property=\"og:locale\" content=\"sv_SE\" \/>\n<meta property=\"og:type\" content=\"article\" \/>\n<meta property=\"og:title\" content=\"Det \u00e4r oss och v\u00e5ra r\u00e4ttigheter det g\u00e4ller - JAG Opinion\" \/>\n<meta property=\"og:description\" content=\"F\u00f6rs\u00e4kringskassan har gjort ett utspel i pressen om att man vill se fler regler och mindre valfrihet f\u00f6r assistansanv\u00e4ndare, men vi i JAG vill forts\u00e4tta att leva som andra i det svenska samh\u00e4llet. Vi \u00e4r 450 personer som har flera stora funktionsneds\u00e4ttningar, varav en \u00e4r neds\u00e4ttning av den intellektuella f\u00f6rm\u00e5gan, som har v\u00e5r personliga assistans\" \/>\n<meta property=\"og:url\" content=\"https:\/\/jag.se\/opinion\/pressreleases\/det-ar-oss-och-vara-rattigheter-det-galler\/\" \/>\n<meta property=\"og:site_name\" content=\"JAG Opinion\" \/>\n<meta property=\"og:image\" content=\"https:\/\/jag.se\/opinion\/wp-content\/uploads\/sites\/3\/2013\/12\/823db9d99c2abaac_org-11.jpg\" \/>\n\t<meta property=\"og:image:width\" content=\"1077\" \/>\n\t<meta property=\"og:image:height\" content=\"378\" \/>\n\t<meta property=\"og:image:type\" content=\"image\/jpeg\" \/>\n<meta name=\"twitter:card\" content=\"summary_large_image\" \/>\n<meta name=\"twitter:label1\" content=\"Ber\u00e4knad l\u00e4stid\" \/>\n\t<meta name=\"twitter:data1\" content=\"4 minuter\" \/>\n<script type=\"application\/ld+json\" class=\"yoast-schema-graph\">{\"@context\":\"https:\/\/schema.org\",\"@graph\":[{\"@type\":\"WebPage\",\"@id\":\"https:\/\/jag.se\/opinion\/pressreleases\/det-ar-oss-och-vara-rattigheter-det-galler\/\",\"url\":\"https:\/\/jag.se\/opinion\/pressreleases\/det-ar-oss-och-vara-rattigheter-det-galler\/\",\"name\":\"Det \u00e4r oss och v\u00e5ra r\u00e4ttigheter det g\u00e4ller - JAG Opinion\",\"isPartOf\":{\"@id\":\"https:\/\/jag.se\/opinion\/#website\"},\"datePublished\":\"2013-12-18T12:50:07+00:00\",\"dateModified\":\"2013-12-18T12:50:07+00:00\",\"breadcrumb\":{\"@id\":\"https:\/\/jag.se\/opinion\/pressreleases\/det-ar-oss-och-vara-rattigheter-det-galler\/#breadcrumb\"},\"inLanguage\":\"sv-SE\",\"potentialAction\":[{\"@type\":\"ReadAction\",\"target\":[\"https:\/\/jag.se\/opinion\/pressreleases\/det-ar-oss-och-vara-rattigheter-det-galler\/\"]}]},{\"@type\":\"BreadcrumbList\",\"@id\":\"https:\/\/jag.se\/opinion\/pressreleases\/det-ar-oss-och-vara-rattigheter-det-galler\/#breadcrumb\",\"itemListElement\":[{\"@type\":\"ListItem\",\"position\":1,\"name\":\"JAG start\",\"item\":\"https:\/\/jag.se\"},{\"@type\":\"ListItem\",\"position\":2,\"name\":\"Riksf\u00f6reningen JAG\",\"item\":\"https:\/\/jag.se\/opinion\/\"},{\"@type\":\"ListItem\",\"position\":3,\"name\":\"Pressmeddelanden\",\"item\":\"https:\/\/jag.se\/opinion\/pressreleases\/\"},{\"@type\":\"ListItem\",\"position\":4,\"name\":\"Det \u00e4r oss och v\u00e5ra r\u00e4ttigheter det g\u00e4ller\"}]},{\"@type\":\"WebSite\",\"@id\":\"https:\/\/jag.se\/opinion\/#website\",\"url\":\"https:\/\/jag.se\/opinion\/\",\"name\":\"JAG Opinion\",\"description\":\"\",\"potentialAction\":[{\"@type\":\"SearchAction\",\"target\":{\"@type\":\"EntryPoint\",\"urlTemplate\":\"https:\/\/jag.se\/opinion\/?s={search_term_string}\"},\"query-input\":\"required name=search_term_string\"}],\"inLanguage\":\"sv-SE\"}]}<\/script>\n<!-- \/ Yoast SEO plugin. -->","yoast_head_json":{"title":"Det \u00e4r oss och v\u00e5ra r\u00e4ttigheter det g\u00e4ller - JAG Opinion","robots":{"index":"index","follow":"follow","max-snippet":"max-snippet:-1","max-image-preview":"max-image-preview:large","max-video-preview":"max-video-preview:-1"},"canonical":"https:\/\/jag.se\/opinion\/pressreleases\/det-ar-oss-och-vara-rattigheter-det-galler\/","og_locale":"sv_SE","og_type":"article","og_title":"Det \u00e4r oss och v\u00e5ra r\u00e4ttigheter det g\u00e4ller - JAG Opinion","og_description":"F\u00f6rs\u00e4kringskassan har gjort ett utspel i pressen om att man vill se fler regler och mindre valfrihet f\u00f6r assistansanv\u00e4ndare, men vi i JAG vill forts\u00e4tta att leva som andra i det svenska samh\u00e4llet. Vi \u00e4r 450 personer som har flera stora funktionsneds\u00e4ttningar, varav en \u00e4r neds\u00e4ttning av den intellektuella f\u00f6rm\u00e5gan, som har v\u00e5r personliga assistans","og_url":"https:\/\/jag.se\/opinion\/pressreleases\/det-ar-oss-och-vara-rattigheter-det-galler\/","og_site_name":"JAG Opinion","og_image":[{"width":1077,"height":378,"url":"https:\/\/jag.se\/opinion\/wp-content\/uploads\/sites\/3\/2013\/12\/823db9d99c2abaac_org-11.jpg","type":"image\/jpeg"}],"twitter_card":"summary_large_image","twitter_misc":{"Ber\u00e4knad l\u00e4stid":"4 minuter"},"schema":{"@context":"https:\/\/schema.org","@graph":[{"@type":"WebPage","@id":"https:\/\/jag.se\/opinion\/pressreleases\/det-ar-oss-och-vara-rattigheter-det-galler\/","url":"https:\/\/jag.se\/opinion\/pressreleases\/det-ar-oss-och-vara-rattigheter-det-galler\/","name":"Det \u00e4r oss och v\u00e5ra r\u00e4ttigheter det g\u00e4ller - JAG Opinion","isPartOf":{"@id":"https:\/\/jag.se\/opinion\/#website"},"datePublished":"2013-12-18T12:50:07+00:00","dateModified":"2013-12-18T12:50:07+00:00","breadcrumb":{"@id":"https:\/\/jag.se\/opinion\/pressreleases\/det-ar-oss-och-vara-rattigheter-det-galler\/#breadcrumb"},"inLanguage":"sv-SE","potentialAction":[{"@type":"ReadAction","target":["https:\/\/jag.se\/opinion\/pressreleases\/det-ar-oss-och-vara-rattigheter-det-galler\/"]}]},{"@type":"BreadcrumbList","@id":"https:\/\/jag.se\/opinion\/pressreleases\/det-ar-oss-och-vara-rattigheter-det-galler\/#breadcrumb","itemListElement":[{"@type":"ListItem","position":1,"name":"JAG start","item":"https:\/\/jag.se"},{"@type":"ListItem","position":2,"name":"Riksf\u00f6reningen JAG","item":"https:\/\/jag.se\/opinion\/"},{"@type":"ListItem","position":3,"name":"Pressmeddelanden","item":"https:\/\/jag.se\/opinion\/pressreleases\/"},{"@type":"ListItem","position":4,"name":"Det \u00e4r oss och v\u00e5ra r\u00e4ttigheter det g\u00e4ller"}]},{"@type":"WebSite","@id":"https:\/\/jag.se\/opinion\/#website","url":"https:\/\/jag.se\/opinion\/","name":"JAG Opinion","description":"","potentialAction":[{"@type":"SearchAction","target":{"@type":"EntryPoint","urlTemplate":"https:\/\/jag.se\/opinion\/?s={search_term_string}"},"query-input":"required name=search_term_string"}],"inLanguage":"sv-SE"}]}},"_links":{"self":[{"href":"https:\/\/jag.se\/opinion\/wp-json\/wp\/v2\/pressreleases\/28121","targetHints":{"allow":["GET"]}}],"collection":[{"href":"https:\/\/jag.se\/opinion\/wp-json\/wp\/v2\/pressreleases"}],"about":[{"href":"https:\/\/jag.se\/opinion\/wp-json\/wp\/v2\/types\/pressreleases"}],"wp:featuredmedia":[{"embeddable":true,"href":"https:\/\/jag.se\/opinion\/wp-json\/wp\/v2\/media\/28122"}],"wp:attachment":[{"href":"https:\/\/jag.se\/opinion\/wp-json\/wp\/v2\/media?parent=28121"}],"curies":[{"name":"wp","href":"https:\/\/api.w.org\/{rel}","templated":true}]}}