{"id":28124,"date":"2013-11-14T13:28:36","date_gmt":"2013-11-14T12:28:36","guid":{"rendered":"https:\/\/jag.se\/opinion\/pressreleases\/oppet-brev-fran-jesper-odelberg-och-magnus-anden-till-halften-av-sverige-kommuner\/"},"modified":"2013-11-14T13:28:36","modified_gmt":"2013-11-14T12:28:36","slug":"oppet-brev-fran-jesper-odelberg-och-magnus-anden-till-halften-av-sverige-kommuner","status":"publish","type":"pressreleases","link":"https:\/\/jag.se\/opinion\/pressreleases\/oppet-brev-fran-jesper-odelberg-och-magnus-anden-till-halften-av-sverige-kommuner\/","title":{"rendered":"\u00d6ppet brev fr\u00e5n Jesper Odelberg och Magnus And\u00e9n till h\u00e4lften av Sverige kommuner:"},"content":{"rendered":"<p>Vi har med stort intresse f\u00f6ljt debatten om era konsulter som Kalla Fakta avsl\u00f6jade h\u00e4romkv\u00e4llen. Det \u00e4r uppenbart att ni har fokuserat p\u00e5 m\u00e5let att spara pengar. Och s\u00e5 gl\u00f6mde ni ett annat m\u00e5l ni f\u00e5tt av hela svenska folket, genom ett enh\u00e4lligt riksdagsbeslut. N\u00e4mligen att tillgodose behoven hos medborgarna med funktionsneds\u00e4ttningar s\u00e5 att de ska kunna leva som andra.<\/p>\n<p>Vi f\u00f6rv\u00e4ntade oss att riksdagen snabbt skulle ta avst\u00e5nd fr\u00e5n ert agerande. Och socialutskottets ordf\u00f6rande Anders W Jonsson som blev intervjuad samma kv\u00e4ll var mycket bekymrad. Han uttryckte diplomatiskt f\u00f6rhoppningen att ni kommuner kanske borde vara lite noggrannare i valet av utbildare. Det kan vi h\u00e5lla med om, vi \u00e5terkommer till det.<\/p>\n<p>Vi vill inte heller tro att ni som leder h\u00e4lften av alla kommuner \u00e4r elaka, om\u00e4nskliga girigbukar. Vi t\u00e4nker att en annan orsak kanske \u00e4r att ni har missuppfattat budskapet fr\u00e5n politiker och beslutsfattare p\u00e5 riksniv\u00e5. I flera \u00e5r har de mest pratat om kostnadsutveckling och \u00f6verutnyttjande. Staten har ocks\u00e5 anlitat juristkonsulter som ifr\u00e5gasatt LSS och fokuserat p\u00e5 kostnader och kriminalitet.<\/p>\n<p>D\u00e5 \u00e4r det l\u00e4tt f\u00f6r en stackars kommunpolitiker eller LSS-chef att tro att det \u00e4r d\u00e4r ni ska l\u00e4gga er energi. Ni vill ju ocks\u00e5 vara duktiga och spara pengar. Ni vill ocks\u00e5 anlita jurister som fnyser h\u00f6gt \u00e5t funktionshindrades behov.<\/p>\n<p>K\u00e4ra kommuner. Det finns uppenbarligen ett behov hos er politiker och tj\u00e4nstem\u00e4n att fortbilda er i LSS, b\u00e5de om lagens m\u00e5ls\u00e4ttning och om er egen uppgift \u2013 att f\u00f6rverkliga den. Men nu beh\u00f6ver ni bli noggrannare i valet av f\u00f6rel\u00e4sare och sluta l\u00e4gga dyra konsultpengar p\u00e5 juristfirmor som lurar er. Vi har ett konstruktivt f\u00f6rslag:<\/p>\n<p>Vi \u00e4r tv\u00e5 m\u00e4n i ungef\u00e4r samma \u00e5lder som er gamla f\u00f6rel\u00e4sare, och vi har b\u00e5da livsl\u00e5ng erfarenhet av att leva med funktionsneds\u00e4ttningar. Vi erbjuder oss h\u00e4rmed att ta \u00f6ver uppdraget att utbilda LSS-handl\u00e4ggare hos er. Vi kan inte erbjuda lika m\u00e5nga cyniska kommentarer och h\u00e5nflabb som era nuvarande konsulter. Men vi tror att vi vet desto mer om LSS och villkoren hos dem som \u00e4r beroende av era beslut.<\/p>\n<p>Jesper Odelberg \u00e4r kulturarbetare och v\u00e4nsterpartipolitiker och var politiskt sakkunnig hos Lars Engqvist n\u00e4r han var socialminister:<\/p>\n<p>\u2013 Tack vare den personliga assistansen kan jag bland annat spela teater. Med assistans \u00e4r vi j\u00e4mlikar. Utan assistans hamnar jag i beroendest\u00e4llning. Jag f\u00f6rklarar g\u00e4rna f\u00f6r er hur LSS och assistansreformen \u00e4r en frihetsreform och en j\u00e4mst\u00e4lldhetsreform, snarare \u00e4n en reform f\u00f6r b\u00e4ttre social omsorg.<\/p>\n<p>Magnus And\u00e9n \u00e4r ordf\u00f6rande i F\u00f6reningen JAG, J\u00e4mlikhet, Assistans och Gemenskap. Han f\u00f6rel\u00e4ser med hj\u00e4lp av sin gode man och syster Cecilia Blanck:<\/p>\n<p>\u2013 Magnus var redan 1973 med och valde sin f\u00f6rsta personliga assistent. Han var sedan med och utformade lagen LSS och firade ihop med Bengt Westerberg n\u00e4r riksdagen tagit beslutet. Magnus ber\u00e4ttar t ex g\u00e4rna om hur man kan styra assistansen \u00e4ven om man har mycket stora funktionsneds\u00e4ttningar, med en god man som man k\u00e4nner och kan kommunicera med.<\/p>\n<p>Magnus And\u00e9n genom Cecilia Blanck, god man<br \/>\ncecilia.blanck@jag.se\u00a0(cecilia.blanck@jag.se)<\/p>\n<p>Jesper Odelberg<br \/>\ninfo@odelberg.se\u00a0(info@odelberg.se)<\/p>\n<p>PS \u2013 och ni i den andra h\u00e4lften av Sveriges kommuner \u00e4r ocks\u00e5 v\u00e4lkomna att anlita oss. DS<\/p>\n","protected":false},"featured_media":28125,"template":"","class_list":["post-28124","pressreleases","type-pressreleases","status-publish","has-post-thumbnail","hentry"],"acf":[],"yoast_head":"<!-- This site is optimized with the Yoast SEO plugin v21.3 - https:\/\/yoast.com\/wordpress\/plugins\/seo\/ -->\n<title>\u00d6ppet brev fr\u00e5n Jesper Odelberg och Magnus And\u00e9n till h\u00e4lften av Sverige kommuner: - JAG Opinion<\/title>\n<meta name=\"robots\" content=\"index, follow, max-snippet:-1, max-image-preview:large, max-video-preview:-1\" \/>\n<link rel=\"canonical\" href=\"https:\/\/jag.se\/opinion\/pressreleases\/oppet-brev-fran-jesper-odelberg-och-magnus-anden-till-halften-av-sverige-kommuner\/\" \/>\n<meta property=\"og:locale\" content=\"sv_SE\" \/>\n<meta property=\"og:type\" content=\"article\" \/>\n<meta property=\"og:title\" content=\"\u00d6ppet brev fr\u00e5n Jesper Odelberg och Magnus And\u00e9n till h\u00e4lften av Sverige kommuner: - JAG Opinion\" \/>\n<meta property=\"og:description\" content=\"Vi har med stort intresse f\u00f6ljt debatten om era konsulter som Kalla Fakta avsl\u00f6jade h\u00e4romkv\u00e4llen. Det \u00e4r uppenbart att ni har fokuserat p\u00e5 m\u00e5let att spara pengar. Och s\u00e5 gl\u00f6mde ni ett annat m\u00e5l ni f\u00e5tt av hela svenska folket, genom ett enh\u00e4lligt riksdagsbeslut. N\u00e4mligen att tillgodose behoven hos medborgarna med funktionsneds\u00e4ttningar s\u00e5 att de\" \/>\n<meta property=\"og:url\" content=\"https:\/\/jag.se\/opinion\/pressreleases\/oppet-brev-fran-jesper-odelberg-och-magnus-anden-till-halften-av-sverige-kommuner\/\" \/>\n<meta property=\"og:site_name\" content=\"JAG Opinion\" \/>\n<meta property=\"og:image\" content=\"https:\/\/jag.se\/opinion\/wp-content\/uploads\/sites\/3\/2013\/11\/ae1e2c37f558e514_org-11.jpg\" \/>\n\t<meta property=\"og:image:width\" content=\"2420\" \/>\n\t<meta property=\"og:image:height\" content=\"985\" \/>\n\t<meta property=\"og:image:type\" content=\"image\/jpeg\" \/>\n<meta name=\"twitter:card\" content=\"summary_large_image\" \/>\n<meta name=\"twitter:label1\" content=\"Ber\u00e4knad l\u00e4stid\" \/>\n\t<meta name=\"twitter:data1\" content=\"3 minuter\" \/>\n<script type=\"application\/ld+json\" class=\"yoast-schema-graph\">{\"@context\":\"https:\/\/schema.org\",\"@graph\":[{\"@type\":\"WebPage\",\"@id\":\"https:\/\/jag.se\/opinion\/pressreleases\/oppet-brev-fran-jesper-odelberg-och-magnus-anden-till-halften-av-sverige-kommuner\/\",\"url\":\"https:\/\/jag.se\/opinion\/pressreleases\/oppet-brev-fran-jesper-odelberg-och-magnus-anden-till-halften-av-sverige-kommuner\/\",\"name\":\"\u00d6ppet brev fr\u00e5n Jesper Odelberg och Magnus And\u00e9n till h\u00e4lften av Sverige kommuner: - JAG Opinion\",\"isPartOf\":{\"@id\":\"https:\/\/jag.se\/opinion\/#website\"},\"datePublished\":\"2013-11-14T12:28:36+00:00\",\"dateModified\":\"2013-11-14T12:28:36+00:00\",\"breadcrumb\":{\"@id\":\"https:\/\/jag.se\/opinion\/pressreleases\/oppet-brev-fran-jesper-odelberg-och-magnus-anden-till-halften-av-sverige-kommuner\/#breadcrumb\"},\"inLanguage\":\"sv-SE\",\"potentialAction\":[{\"@type\":\"ReadAction\",\"target\":[\"https:\/\/jag.se\/opinion\/pressreleases\/oppet-brev-fran-jesper-odelberg-och-magnus-anden-till-halften-av-sverige-kommuner\/\"]}]},{\"@type\":\"BreadcrumbList\",\"@id\":\"https:\/\/jag.se\/opinion\/pressreleases\/oppet-brev-fran-jesper-odelberg-och-magnus-anden-till-halften-av-sverige-kommuner\/#breadcrumb\",\"itemListElement\":[{\"@type\":\"ListItem\",\"position\":1,\"name\":\"JAG start\",\"item\":\"https:\/\/jag.se\"},{\"@type\":\"ListItem\",\"position\":2,\"name\":\"Riksf\u00f6reningen JAG\",\"item\":\"https:\/\/jag.se\/opinion\/\"},{\"@type\":\"ListItem\",\"position\":3,\"name\":\"Pressmeddelanden\",\"item\":\"https:\/\/jag.se\/opinion\/pressreleases\/\"},{\"@type\":\"ListItem\",\"position\":4,\"name\":\"\u00d6ppet brev fr\u00e5n Jesper Odelberg och Magnus And\u00e9n till h\u00e4lften av Sverige kommuner:\"}]},{\"@type\":\"WebSite\",\"@id\":\"https:\/\/jag.se\/opinion\/#website\",\"url\":\"https:\/\/jag.se\/opinion\/\",\"name\":\"JAG Opinion\",\"description\":\"\",\"potentialAction\":[{\"@type\":\"SearchAction\",\"target\":{\"@type\":\"EntryPoint\",\"urlTemplate\":\"https:\/\/jag.se\/opinion\/?s={search_term_string}\"},\"query-input\":\"required name=search_term_string\"}],\"inLanguage\":\"sv-SE\"}]}<\/script>\n<!-- \/ Yoast SEO plugin. -->","yoast_head_json":{"title":"\u00d6ppet brev fr\u00e5n Jesper Odelberg och Magnus And\u00e9n till h\u00e4lften av Sverige kommuner: - JAG Opinion","robots":{"index":"index","follow":"follow","max-snippet":"max-snippet:-1","max-image-preview":"max-image-preview:large","max-video-preview":"max-video-preview:-1"},"canonical":"https:\/\/jag.se\/opinion\/pressreleases\/oppet-brev-fran-jesper-odelberg-och-magnus-anden-till-halften-av-sverige-kommuner\/","og_locale":"sv_SE","og_type":"article","og_title":"\u00d6ppet brev fr\u00e5n Jesper Odelberg och Magnus And\u00e9n till h\u00e4lften av Sverige kommuner: - JAG Opinion","og_description":"Vi har med stort intresse f\u00f6ljt debatten om era konsulter som Kalla Fakta avsl\u00f6jade h\u00e4romkv\u00e4llen. Det \u00e4r uppenbart att ni har fokuserat p\u00e5 m\u00e5let att spara pengar. Och s\u00e5 gl\u00f6mde ni ett annat m\u00e5l ni f\u00e5tt av hela svenska folket, genom ett enh\u00e4lligt riksdagsbeslut. N\u00e4mligen att tillgodose behoven hos medborgarna med funktionsneds\u00e4ttningar s\u00e5 att de","og_url":"https:\/\/jag.se\/opinion\/pressreleases\/oppet-brev-fran-jesper-odelberg-och-magnus-anden-till-halften-av-sverige-kommuner\/","og_site_name":"JAG Opinion","og_image":[{"width":2420,"height":985,"url":"https:\/\/jag.se\/opinion\/wp-content\/uploads\/sites\/3\/2013\/11\/ae1e2c37f558e514_org-11.jpg","type":"image\/jpeg"}],"twitter_card":"summary_large_image","twitter_misc":{"Ber\u00e4knad l\u00e4stid":"3 minuter"},"schema":{"@context":"https:\/\/schema.org","@graph":[{"@type":"WebPage","@id":"https:\/\/jag.se\/opinion\/pressreleases\/oppet-brev-fran-jesper-odelberg-och-magnus-anden-till-halften-av-sverige-kommuner\/","url":"https:\/\/jag.se\/opinion\/pressreleases\/oppet-brev-fran-jesper-odelberg-och-magnus-anden-till-halften-av-sverige-kommuner\/","name":"\u00d6ppet brev fr\u00e5n Jesper Odelberg och Magnus And\u00e9n till h\u00e4lften av Sverige kommuner: - JAG Opinion","isPartOf":{"@id":"https:\/\/jag.se\/opinion\/#website"},"datePublished":"2013-11-14T12:28:36+00:00","dateModified":"2013-11-14T12:28:36+00:00","breadcrumb":{"@id":"https:\/\/jag.se\/opinion\/pressreleases\/oppet-brev-fran-jesper-odelberg-och-magnus-anden-till-halften-av-sverige-kommuner\/#breadcrumb"},"inLanguage":"sv-SE","potentialAction":[{"@type":"ReadAction","target":["https:\/\/jag.se\/opinion\/pressreleases\/oppet-brev-fran-jesper-odelberg-och-magnus-anden-till-halften-av-sverige-kommuner\/"]}]},{"@type":"BreadcrumbList","@id":"https:\/\/jag.se\/opinion\/pressreleases\/oppet-brev-fran-jesper-odelberg-och-magnus-anden-till-halften-av-sverige-kommuner\/#breadcrumb","itemListElement":[{"@type":"ListItem","position":1,"name":"JAG start","item":"https:\/\/jag.se"},{"@type":"ListItem","position":2,"name":"Riksf\u00f6reningen JAG","item":"https:\/\/jag.se\/opinion\/"},{"@type":"ListItem","position":3,"name":"Pressmeddelanden","item":"https:\/\/jag.se\/opinion\/pressreleases\/"},{"@type":"ListItem","position":4,"name":"\u00d6ppet brev fr\u00e5n Jesper Odelberg och Magnus And\u00e9n till h\u00e4lften av Sverige kommuner:"}]},{"@type":"WebSite","@id":"https:\/\/jag.se\/opinion\/#website","url":"https:\/\/jag.se\/opinion\/","name":"JAG Opinion","description":"","potentialAction":[{"@type":"SearchAction","target":{"@type":"EntryPoint","urlTemplate":"https:\/\/jag.se\/opinion\/?s={search_term_string}"},"query-input":"required name=search_term_string"}],"inLanguage":"sv-SE"}]}},"_links":{"self":[{"href":"https:\/\/jag.se\/opinion\/wp-json\/wp\/v2\/pressreleases\/28124","targetHints":{"allow":["GET"]}}],"collection":[{"href":"https:\/\/jag.se\/opinion\/wp-json\/wp\/v2\/pressreleases"}],"about":[{"href":"https:\/\/jag.se\/opinion\/wp-json\/wp\/v2\/types\/pressreleases"}],"wp:featuredmedia":[{"embeddable":true,"href":"https:\/\/jag.se\/opinion\/wp-json\/wp\/v2\/media\/28125"}],"wp:attachment":[{"href":"https:\/\/jag.se\/opinion\/wp-json\/wp\/v2\/media?parent=28124"}],"curies":[{"name":"wp","href":"https:\/\/api.w.org\/{rel}","templated":true}]}}