{"id":28126,"date":"2013-11-01T20:45:06","date_gmt":"2013-11-01T19:45:06","guid":{"rendered":"https:\/\/jag.se\/opinion\/pressreleases\/vara-protester-hjalpte-politikerna-backar\/"},"modified":"2013-11-01T20:45:06","modified_gmt":"2013-11-01T19:45:06","slug":"vara-protester-hjalpte-politikerna-backar","status":"publish","type":"pressreleases","link":"https:\/\/jag.se\/opinion\/pressreleases\/vara-protester-hjalpte-politikerna-backar\/","title":{"rendered":"V\u00e5ra protester hj\u00e4lpte &#8211; politikerna backar!"},"content":{"rendered":"<p>I ett mejl fr\u00e5n bitr socialborgarr\u00e5det Ewa Samuelsson st\u00e5r det: \u201dJag \u00e4r \u00f6dmjuk inf\u00f6r de synpunkter som du har framf\u00f6rt om f\u00f6r\u00e4ndrad ers\u00e4ttning f\u00f6r brukare som har med sig personlig assistent i daglig verksamhet. Vi har inom Alliansen i Stockholms Stadshus d\u00e4rf\u00f6r beslutat att ta fram en l\u00f6sning som inneb\u00e4r att ers\u00e4ttningsniv\u00e5erna bibeh\u00e5lls f\u00f6r daglig verksamhet. Detta inneb\u00e4r att ingen f\u00f6r\u00e4ndring fr\u00e5n nuvarande ers\u00e4ttning kommer att ske f\u00f6r \u00e5r 2014.\u201d<br \/>\n&#8211; Det \u00e4r ett fantastiskt positivt besked, alla vi som engagerat oss i protesterna \u00e4r l\u00e4ttade och glada. Detta visar att det l\u00f6nar sig att h\u00f6ja r\u00f6sten och peka p\u00e5 s\u00e5nt som \u00e4r fel, s\u00e4ger Cecilia Blanck, verksamhetsansvarig f\u00f6r F\u00f6reningen JAG.<\/p>\n<p>Detta inneb\u00e4r f\u00f6rst\u00e5s att den planerade demonstrationen utanf\u00f6r stadshuset p\u00e5 m\u00e5ndag st\u00e4lls in.<\/p>\n","protected":false},"featured_media":0,"template":"","class_list":["post-28126","pressreleases","type-pressreleases","status-publish","hentry"],"acf":[],"yoast_head":"<!-- This site is optimized with the Yoast SEO plugin v21.3 - https:\/\/yoast.com\/wordpress\/plugins\/seo\/ -->\n<title>V\u00e5ra protester hj\u00e4lpte - politikerna backar! - JAG Opinion<\/title>\n<meta name=\"robots\" content=\"index, follow, max-snippet:-1, max-image-preview:large, max-video-preview:-1\" \/>\n<link rel=\"canonical\" href=\"https:\/\/jag.se\/opinion\/pressreleases\/vara-protester-hjalpte-politikerna-backar\/\" \/>\n<meta property=\"og:locale\" content=\"sv_SE\" \/>\n<meta property=\"og:type\" content=\"article\" \/>\n<meta property=\"og:title\" content=\"V\u00e5ra protester hj\u00e4lpte - politikerna backar! - JAG Opinion\" \/>\n<meta property=\"og:description\" content=\"I ett mejl fr\u00e5n bitr socialborgarr\u00e5det Ewa Samuelsson st\u00e5r det: \u201dJag \u00e4r \u00f6dmjuk inf\u00f6r de synpunkter som du har framf\u00f6rt om f\u00f6r\u00e4ndrad ers\u00e4ttning f\u00f6r brukare som har med sig personlig assistent i daglig verksamhet. Vi har inom Alliansen i Stockholms Stadshus d\u00e4rf\u00f6r beslutat att ta fram en l\u00f6sning som inneb\u00e4r att ers\u00e4ttningsniv\u00e5erna bibeh\u00e5lls f\u00f6r daglig\" \/>\n<meta property=\"og:url\" content=\"https:\/\/jag.se\/opinion\/pressreleases\/vara-protester-hjalpte-politikerna-backar\/\" \/>\n<meta property=\"og:site_name\" content=\"JAG Opinion\" \/>\n<meta name=\"twitter:card\" content=\"summary_large_image\" \/>\n<meta name=\"twitter:label1\" content=\"Ber\u00e4knad l\u00e4stid\" \/>\n\t<meta name=\"twitter:data1\" content=\"1 minut\" \/>\n<script type=\"application\/ld+json\" class=\"yoast-schema-graph\">{\"@context\":\"https:\/\/schema.org\",\"@graph\":[{\"@type\":\"WebPage\",\"@id\":\"https:\/\/jag.se\/opinion\/pressreleases\/vara-protester-hjalpte-politikerna-backar\/\",\"url\":\"https:\/\/jag.se\/opinion\/pressreleases\/vara-protester-hjalpte-politikerna-backar\/\",\"name\":\"V\u00e5ra protester hj\u00e4lpte - politikerna backar! - JAG Opinion\",\"isPartOf\":{\"@id\":\"https:\/\/jag.se\/opinion\/#website\"},\"datePublished\":\"2013-11-01T19:45:06+00:00\",\"dateModified\":\"2013-11-01T19:45:06+00:00\",\"breadcrumb\":{\"@id\":\"https:\/\/jag.se\/opinion\/pressreleases\/vara-protester-hjalpte-politikerna-backar\/#breadcrumb\"},\"inLanguage\":\"sv-SE\",\"potentialAction\":[{\"@type\":\"ReadAction\",\"target\":[\"https:\/\/jag.se\/opinion\/pressreleases\/vara-protester-hjalpte-politikerna-backar\/\"]}]},{\"@type\":\"BreadcrumbList\",\"@id\":\"https:\/\/jag.se\/opinion\/pressreleases\/vara-protester-hjalpte-politikerna-backar\/#breadcrumb\",\"itemListElement\":[{\"@type\":\"ListItem\",\"position\":1,\"name\":\"JAG start\",\"item\":\"https:\/\/jag.se\"},{\"@type\":\"ListItem\",\"position\":2,\"name\":\"Riksf\u00f6reningen JAG\",\"item\":\"https:\/\/jag.se\/opinion\/\"},{\"@type\":\"ListItem\",\"position\":3,\"name\":\"Pressmeddelanden\",\"item\":\"https:\/\/jag.se\/opinion\/pressreleases\/\"},{\"@type\":\"ListItem\",\"position\":4,\"name\":\"V\u00e5ra protester hj\u00e4lpte &#8211; politikerna backar!\"}]},{\"@type\":\"WebSite\",\"@id\":\"https:\/\/jag.se\/opinion\/#website\",\"url\":\"https:\/\/jag.se\/opinion\/\",\"name\":\"JAG Opinion\",\"description\":\"\",\"potentialAction\":[{\"@type\":\"SearchAction\",\"target\":{\"@type\":\"EntryPoint\",\"urlTemplate\":\"https:\/\/jag.se\/opinion\/?s={search_term_string}\"},\"query-input\":\"required name=search_term_string\"}],\"inLanguage\":\"sv-SE\"}]}<\/script>\n<!-- \/ Yoast SEO plugin. -->","yoast_head_json":{"title":"V\u00e5ra protester hj\u00e4lpte - politikerna backar! - JAG Opinion","robots":{"index":"index","follow":"follow","max-snippet":"max-snippet:-1","max-image-preview":"max-image-preview:large","max-video-preview":"max-video-preview:-1"},"canonical":"https:\/\/jag.se\/opinion\/pressreleases\/vara-protester-hjalpte-politikerna-backar\/","og_locale":"sv_SE","og_type":"article","og_title":"V\u00e5ra protester hj\u00e4lpte - politikerna backar! - JAG Opinion","og_description":"I ett mejl fr\u00e5n bitr socialborgarr\u00e5det Ewa Samuelsson st\u00e5r det: \u201dJag \u00e4r \u00f6dmjuk inf\u00f6r de synpunkter som du har framf\u00f6rt om f\u00f6r\u00e4ndrad ers\u00e4ttning f\u00f6r brukare som har med sig personlig assistent i daglig verksamhet. Vi har inom Alliansen i Stockholms Stadshus d\u00e4rf\u00f6r beslutat att ta fram en l\u00f6sning som inneb\u00e4r att ers\u00e4ttningsniv\u00e5erna bibeh\u00e5lls f\u00f6r daglig","og_url":"https:\/\/jag.se\/opinion\/pressreleases\/vara-protester-hjalpte-politikerna-backar\/","og_site_name":"JAG Opinion","twitter_card":"summary_large_image","twitter_misc":{"Ber\u00e4knad l\u00e4stid":"1 minut"},"schema":{"@context":"https:\/\/schema.org","@graph":[{"@type":"WebPage","@id":"https:\/\/jag.se\/opinion\/pressreleases\/vara-protester-hjalpte-politikerna-backar\/","url":"https:\/\/jag.se\/opinion\/pressreleases\/vara-protester-hjalpte-politikerna-backar\/","name":"V\u00e5ra protester hj\u00e4lpte - politikerna backar! - JAG Opinion","isPartOf":{"@id":"https:\/\/jag.se\/opinion\/#website"},"datePublished":"2013-11-01T19:45:06+00:00","dateModified":"2013-11-01T19:45:06+00:00","breadcrumb":{"@id":"https:\/\/jag.se\/opinion\/pressreleases\/vara-protester-hjalpte-politikerna-backar\/#breadcrumb"},"inLanguage":"sv-SE","potentialAction":[{"@type":"ReadAction","target":["https:\/\/jag.se\/opinion\/pressreleases\/vara-protester-hjalpte-politikerna-backar\/"]}]},{"@type":"BreadcrumbList","@id":"https:\/\/jag.se\/opinion\/pressreleases\/vara-protester-hjalpte-politikerna-backar\/#breadcrumb","itemListElement":[{"@type":"ListItem","position":1,"name":"JAG start","item":"https:\/\/jag.se"},{"@type":"ListItem","position":2,"name":"Riksf\u00f6reningen JAG","item":"https:\/\/jag.se\/opinion\/"},{"@type":"ListItem","position":3,"name":"Pressmeddelanden","item":"https:\/\/jag.se\/opinion\/pressreleases\/"},{"@type":"ListItem","position":4,"name":"V\u00e5ra protester hj\u00e4lpte &#8211; politikerna backar!"}]},{"@type":"WebSite","@id":"https:\/\/jag.se\/opinion\/#website","url":"https:\/\/jag.se\/opinion\/","name":"JAG Opinion","description":"","potentialAction":[{"@type":"SearchAction","target":{"@type":"EntryPoint","urlTemplate":"https:\/\/jag.se\/opinion\/?s={search_term_string}"},"query-input":"required name=search_term_string"}],"inLanguage":"sv-SE"}]}},"_links":{"self":[{"href":"https:\/\/jag.se\/opinion\/wp-json\/wp\/v2\/pressreleases\/28126","targetHints":{"allow":["GET"]}}],"collection":[{"href":"https:\/\/jag.se\/opinion\/wp-json\/wp\/v2\/pressreleases"}],"about":[{"href":"https:\/\/jag.se\/opinion\/wp-json\/wp\/v2\/types\/pressreleases"}],"wp:attachment":[{"href":"https:\/\/jag.se\/opinion\/wp-json\/wp\/v2\/media?parent=28126"}],"curies":[{"name":"wp","href":"https:\/\/api.w.org\/{rel}","templated":true}]}}