{"id":28127,"date":"2013-11-01T10:18:51","date_gmt":"2013-11-01T09:18:51","guid":{"rendered":"https:\/\/jag.se\/opinion\/pressreleases\/stockholm-tar-bort-ratten-till-daglig-verksamhet-for-oss-med-de-storsta-behoven\/"},"modified":"2013-11-01T10:18:51","modified_gmt":"2013-11-01T09:18:51","slug":"stockholm-tar-bort-ratten-till-daglig-verksamhet-for-oss-med-de-storsta-behoven","status":"publish","type":"pressreleases","link":"https:\/\/jag.se\/opinion\/pressreleases\/stockholm-tar-bort-ratten-till-daglig-verksamhet-for-oss-med-de-storsta-behoven\/","title":{"rendered":"Stockholm tar bort r\u00e4tten till daglig verksamhet f\u00f6r oss med de st\u00f6rsta behoven"},"content":{"rendered":"<p>En sj\u00e4ttedel av dagens ers\u00e4ttning. S\u00e5 mycket tycker politikerna i Stadshuset att daglig verksamhet f\u00f6r personer som har personlig assistent med sig f\u00e5r kosta n\u00e4sta \u00e5r.<br \/>\n\u00a0\u2013 Det kommer inneb\u00e4ra att den som beh\u00f6ver ha med sina personliga assistenter inte kommer att vara v\u00e4lkommen n\u00e5gonstans. Verksamheter som riktar sig s\u00e4rskilt till personer med stora behov f\u00e5r l\u00e4gga ner, s\u00e4ger F\u00f6reningen JAGs verksamhetschef Cecilia Blanck.<br \/>\nF\u00f6reningen JAG demonstrerar tillsammans med andra ber\u00f6rda utanf\u00f6r Stockholms stadshus nu p\u00e5 m\u00e5ndag klockan 15 i samband med kommunfullm\u00e4ktigem\u00f6tet f\u00f6r att stoppa f\u00f6rslaget.<\/p>\n<p>\u00a0G\u00e5r f\u00f6rslaget igenom drabbas alla som bor i Stockholms stad och beh\u00f6ver personlig assistans p\u00e5 sin dagliga verksamhet. Besparingarna g\u00e4ller b\u00e5de kommunala och privata verksamheter, men drabbar bara personer som har personlig assistans med sig. F\u00f6r alla andra h\u00f6js pengen. Ingen information har g\u00e5tt ut om detta till ber\u00f6rda brukare eller verksamheter. Den som inte l\u00e4ser till sidan 332 i budgeten uppt\u00e4cker det inte.<\/p>\n<p>\u2013 Det kr\u00e4vs resurser f\u00f6r att ordna en meningsfull verksamhet till personer som har omfattande funktionsneds\u00e4ttningar.\u00a0Det beh\u00f6vs lokaler med plats f\u00f6r hj\u00e4lpmedel som tippbr\u00e4dor och st\u00e5skal, vilrum med h\u00f6j- och s\u00e4nkbara s\u00e4ngar, tillg\u00e4ngliga toaletter med plats f\u00f6r britsar och toastolar, taklyftar p\u00e5 traverser och mycket annat. Verksamheten ska ocks\u00e5 kunna erbjuda gemenskap med andra i samh\u00e4llet, en arbetsledning och handledning som planerar individuellt utformade aktiviteter som uppfyller LSS m\u00e5ls\u00e4ttning och g\u00f6r att just den h\u00e4r individen kan komma till sin r\u00e4tt och anv\u00e4nda eller utveckla just sina f\u00e4rdigheter och intressen. F\u00f6r en sj\u00e4ttedel av pengen f\u00e5r man f\u00f6rst\u00e5s inte det, utan p\u00e5 sin h\u00f6jd en v\u00e4rmestuga. Det blir f\u00f6rvaring f\u00f6r funktionshindrade, s\u00e4ger F\u00f6reningen JAGs\u00a0verksamhetschef Cecilia\u00a0Blanck.<\/p>\n<p>Daglig verksamhet \u00e4r en r\u00e4ttighet enligt lagen om st\u00f6d och service till vissa funktionshindrade (LSS). Lagen inneb\u00e4r att personer med intellektuella funktionsneds\u00e4ttningar har r\u00e4tt till meningsfull syssels\u00e4ttning, f\u00f6r att kunna leva som andra och vara delaktiga i samh\u00e4llet p\u00e5 sina villkor.<\/p>\n<p>F\u00f6reningen JAG, flera andra organisationer och m\u00e5nga, m\u00e5nga brukare som ser sin syssels\u00e4ttning hotas kommer nu att agera tillsammans f\u00f6r att stoppa det h\u00e4r djupt or\u00e4ttvisa f\u00f6rslaget som drabbar dem som har allra st\u00f6rst funktionsneds\u00e4ttningar. Daglig verksamhet \u00e4r en individuell r\u00e4ttighet enligt LSS \u2013stockholmspolitikerna har ingen r\u00e4tt att ta den ifr\u00e5n oss!<\/p>\n<p>Vi demonstrerar utanf\u00f6r Stockholms stadshus p\u00e5 m\u00e5ndag 4\/11 klockan 15 i samband med kommunfullm\u00e4ktigem\u00f6tet.<\/p>\n<p>\u00a0<\/p>\n<p>\u00a0<\/p>\n<p>\u00a0<\/p>\n<p>\u00a0<\/p>\n<p>\u00a0<\/p>\n","protected":false},"featured_media":28128,"template":"","class_list":["post-28127","pressreleases","type-pressreleases","status-publish","has-post-thumbnail","hentry"],"acf":[],"yoast_head":"<!-- This site is optimized with the Yoast SEO plugin v21.3 - https:\/\/yoast.com\/wordpress\/plugins\/seo\/ -->\n<title>Stockholm tar bort r\u00e4tten till daglig verksamhet f\u00f6r oss med de st\u00f6rsta behoven - JAG Opinion<\/title>\n<meta name=\"robots\" content=\"index, follow, max-snippet:-1, max-image-preview:large, max-video-preview:-1\" \/>\n<link rel=\"canonical\" href=\"https:\/\/jag.se\/opinion\/pressreleases\/stockholm-tar-bort-ratten-till-daglig-verksamhet-for-oss-med-de-storsta-behoven\/\" \/>\n<meta property=\"og:locale\" content=\"sv_SE\" \/>\n<meta property=\"og:type\" content=\"article\" \/>\n<meta property=\"og:title\" content=\"Stockholm tar bort r\u00e4tten till daglig verksamhet f\u00f6r oss med de st\u00f6rsta behoven - JAG Opinion\" \/>\n<meta property=\"og:description\" content=\"En sj\u00e4ttedel av dagens ers\u00e4ttning. S\u00e5 mycket tycker politikerna i Stadshuset att daglig verksamhet f\u00f6r personer som har personlig assistent med sig f\u00e5r kosta n\u00e4sta \u00e5r. \u00a0\u2013 Det kommer inneb\u00e4ra att den som beh\u00f6ver ha med sina personliga assistenter inte kommer att vara v\u00e4lkommen n\u00e5gonstans. Verksamheter som riktar sig s\u00e4rskilt till personer med stora behov\" \/>\n<meta property=\"og:url\" content=\"https:\/\/jag.se\/opinion\/pressreleases\/stockholm-tar-bort-ratten-till-daglig-verksamhet-for-oss-med-de-storsta-behoven\/\" \/>\n<meta property=\"og:site_name\" content=\"JAG Opinion\" \/>\n<meta property=\"og:image\" content=\"https:\/\/jag.se\/opinion\/wp-content\/uploads\/sites\/3\/2013\/11\/955fcf405b12bcde_org-12-scaled.jpg\" \/>\n\t<meta property=\"og:image:width\" content=\"2560\" \/>\n\t<meta property=\"og:image:height\" content=\"1604\" \/>\n\t<meta property=\"og:image:type\" content=\"image\/jpeg\" \/>\n<meta name=\"twitter:card\" content=\"summary_large_image\" \/>\n<meta name=\"twitter:label1\" content=\"Ber\u00e4knad l\u00e4stid\" \/>\n\t<meta name=\"twitter:data1\" content=\"2 minuter\" \/>\n<script type=\"application\/ld+json\" class=\"yoast-schema-graph\">{\"@context\":\"https:\/\/schema.org\",\"@graph\":[{\"@type\":\"WebPage\",\"@id\":\"https:\/\/jag.se\/opinion\/pressreleases\/stockholm-tar-bort-ratten-till-daglig-verksamhet-for-oss-med-de-storsta-behoven\/\",\"url\":\"https:\/\/jag.se\/opinion\/pressreleases\/stockholm-tar-bort-ratten-till-daglig-verksamhet-for-oss-med-de-storsta-behoven\/\",\"name\":\"Stockholm tar bort r\u00e4tten till daglig verksamhet f\u00f6r oss med de st\u00f6rsta behoven - JAG Opinion\",\"isPartOf\":{\"@id\":\"https:\/\/jag.se\/opinion\/#website\"},\"datePublished\":\"2013-11-01T09:18:51+00:00\",\"dateModified\":\"2013-11-01T09:18:51+00:00\",\"breadcrumb\":{\"@id\":\"https:\/\/jag.se\/opinion\/pressreleases\/stockholm-tar-bort-ratten-till-daglig-verksamhet-for-oss-med-de-storsta-behoven\/#breadcrumb\"},\"inLanguage\":\"sv-SE\",\"potentialAction\":[{\"@type\":\"ReadAction\",\"target\":[\"https:\/\/jag.se\/opinion\/pressreleases\/stockholm-tar-bort-ratten-till-daglig-verksamhet-for-oss-med-de-storsta-behoven\/\"]}]},{\"@type\":\"BreadcrumbList\",\"@id\":\"https:\/\/jag.se\/opinion\/pressreleases\/stockholm-tar-bort-ratten-till-daglig-verksamhet-for-oss-med-de-storsta-behoven\/#breadcrumb\",\"itemListElement\":[{\"@type\":\"ListItem\",\"position\":1,\"name\":\"JAG start\",\"item\":\"https:\/\/jag.se\"},{\"@type\":\"ListItem\",\"position\":2,\"name\":\"Riksf\u00f6reningen JAG\",\"item\":\"https:\/\/jag.se\/opinion\/\"},{\"@type\":\"ListItem\",\"position\":3,\"name\":\"Pressmeddelanden\",\"item\":\"https:\/\/jag.se\/opinion\/pressreleases\/\"},{\"@type\":\"ListItem\",\"position\":4,\"name\":\"Stockholm tar bort r\u00e4tten till daglig verksamhet f\u00f6r oss med de st\u00f6rsta behoven\"}]},{\"@type\":\"WebSite\",\"@id\":\"https:\/\/jag.se\/opinion\/#website\",\"url\":\"https:\/\/jag.se\/opinion\/\",\"name\":\"JAG Opinion\",\"description\":\"\",\"potentialAction\":[{\"@type\":\"SearchAction\",\"target\":{\"@type\":\"EntryPoint\",\"urlTemplate\":\"https:\/\/jag.se\/opinion\/?s={search_term_string}\"},\"query-input\":\"required name=search_term_string\"}],\"inLanguage\":\"sv-SE\"}]}<\/script>\n<!-- \/ Yoast SEO plugin. -->","yoast_head_json":{"title":"Stockholm tar bort r\u00e4tten till daglig verksamhet f\u00f6r oss med de st\u00f6rsta behoven - JAG Opinion","robots":{"index":"index","follow":"follow","max-snippet":"max-snippet:-1","max-image-preview":"max-image-preview:large","max-video-preview":"max-video-preview:-1"},"canonical":"https:\/\/jag.se\/opinion\/pressreleases\/stockholm-tar-bort-ratten-till-daglig-verksamhet-for-oss-med-de-storsta-behoven\/","og_locale":"sv_SE","og_type":"article","og_title":"Stockholm tar bort r\u00e4tten till daglig verksamhet f\u00f6r oss med de st\u00f6rsta behoven - JAG Opinion","og_description":"En sj\u00e4ttedel av dagens ers\u00e4ttning. S\u00e5 mycket tycker politikerna i Stadshuset att daglig verksamhet f\u00f6r personer som har personlig assistent med sig f\u00e5r kosta n\u00e4sta \u00e5r. \u00a0\u2013 Det kommer inneb\u00e4ra att den som beh\u00f6ver ha med sina personliga assistenter inte kommer att vara v\u00e4lkommen n\u00e5gonstans. Verksamheter som riktar sig s\u00e4rskilt till personer med stora behov","og_url":"https:\/\/jag.se\/opinion\/pressreleases\/stockholm-tar-bort-ratten-till-daglig-verksamhet-for-oss-med-de-storsta-behoven\/","og_site_name":"JAG Opinion","og_image":[{"width":2560,"height":1604,"url":"https:\/\/jag.se\/opinion\/wp-content\/uploads\/sites\/3\/2013\/11\/955fcf405b12bcde_org-12-scaled.jpg","type":"image\/jpeg"}],"twitter_card":"summary_large_image","twitter_misc":{"Ber\u00e4knad l\u00e4stid":"2 minuter"},"schema":{"@context":"https:\/\/schema.org","@graph":[{"@type":"WebPage","@id":"https:\/\/jag.se\/opinion\/pressreleases\/stockholm-tar-bort-ratten-till-daglig-verksamhet-for-oss-med-de-storsta-behoven\/","url":"https:\/\/jag.se\/opinion\/pressreleases\/stockholm-tar-bort-ratten-till-daglig-verksamhet-for-oss-med-de-storsta-behoven\/","name":"Stockholm tar bort r\u00e4tten till daglig verksamhet f\u00f6r oss med de st\u00f6rsta behoven - JAG Opinion","isPartOf":{"@id":"https:\/\/jag.se\/opinion\/#website"},"datePublished":"2013-11-01T09:18:51+00:00","dateModified":"2013-11-01T09:18:51+00:00","breadcrumb":{"@id":"https:\/\/jag.se\/opinion\/pressreleases\/stockholm-tar-bort-ratten-till-daglig-verksamhet-for-oss-med-de-storsta-behoven\/#breadcrumb"},"inLanguage":"sv-SE","potentialAction":[{"@type":"ReadAction","target":["https:\/\/jag.se\/opinion\/pressreleases\/stockholm-tar-bort-ratten-till-daglig-verksamhet-for-oss-med-de-storsta-behoven\/"]}]},{"@type":"BreadcrumbList","@id":"https:\/\/jag.se\/opinion\/pressreleases\/stockholm-tar-bort-ratten-till-daglig-verksamhet-for-oss-med-de-storsta-behoven\/#breadcrumb","itemListElement":[{"@type":"ListItem","position":1,"name":"JAG start","item":"https:\/\/jag.se"},{"@type":"ListItem","position":2,"name":"Riksf\u00f6reningen JAG","item":"https:\/\/jag.se\/opinion\/"},{"@type":"ListItem","position":3,"name":"Pressmeddelanden","item":"https:\/\/jag.se\/opinion\/pressreleases\/"},{"@type":"ListItem","position":4,"name":"Stockholm tar bort r\u00e4tten till daglig verksamhet f\u00f6r oss med de st\u00f6rsta behoven"}]},{"@type":"WebSite","@id":"https:\/\/jag.se\/opinion\/#website","url":"https:\/\/jag.se\/opinion\/","name":"JAG Opinion","description":"","potentialAction":[{"@type":"SearchAction","target":{"@type":"EntryPoint","urlTemplate":"https:\/\/jag.se\/opinion\/?s={search_term_string}"},"query-input":"required name=search_term_string"}],"inLanguage":"sv-SE"}]}},"_links":{"self":[{"href":"https:\/\/jag.se\/opinion\/wp-json\/wp\/v2\/pressreleases\/28127","targetHints":{"allow":["GET"]}}],"collection":[{"href":"https:\/\/jag.se\/opinion\/wp-json\/wp\/v2\/pressreleases"}],"about":[{"href":"https:\/\/jag.se\/opinion\/wp-json\/wp\/v2\/types\/pressreleases"}],"wp:featuredmedia":[{"embeddable":true,"href":"https:\/\/jag.se\/opinion\/wp-json\/wp\/v2\/media\/28128"}],"wp:attachment":[{"href":"https:\/\/jag.se\/opinion\/wp-json\/wp\/v2\/media?parent=28127"}],"curies":[{"name":"wp","href":"https:\/\/api.w.org\/{rel}","templated":true}]}}