{"id":28129,"date":"2013-09-12T13:16:25","date_gmt":"2013-09-12T11:16:25","guid":{"rendered":"https:\/\/jag.se\/opinion\/pressreleases\/foreningen-jag-starkt-oroad-over-regeringsbeslut-om-nasta-ars-schablonbelopp-for-assistansersattning\/"},"modified":"2013-09-12T13:16:25","modified_gmt":"2013-09-12T11:16:25","slug":"foreningen-jag-starkt-oroad-over-regeringsbeslut-om-nasta-ars-schablonbelopp-for-assistansersattning","status":"publish","type":"pressreleases","link":"https:\/\/jag.se\/opinion\/pressreleases\/foreningen-jag-starkt-oroad-over-regeringsbeslut-om-nasta-ars-schablonbelopp-for-assistansersattning\/","title":{"rendered":"F\u00f6reningen JAG starkt oroad \u00f6ver regeringsbeslut om n\u00e4sta \u00e5rs schablonbelopp f\u00f6r assistansers\u00e4ttning"},"content":{"rendered":"<p>Regeringen har valt att endast h\u00f6ja timschablonen f\u00f6r assistansers\u00e4ttningen med 1,8 procent n\u00e4sta \u00e5r. Det inneb\u00e4r att de l\u00f6ne\u00f6kningar p\u00e5 i snitt 2,6 procent som arbetsmarknadens parter kommit \u00f6verens om delvis m\u00e5ste tas fr\u00e5n medel som tidigare anv\u00e4nts till exempelvis arbetsledning, arbetsmilj\u00f6, fortbildning, handledning och assistansomkostnader.<\/p>\n<p>F\u00f6reningen JAG \u00e4r mycket oroad \u00f6ver beslutet och de tankar som ligger bakom.<\/p>\n<p>\u2013 Den utredning som regeringen h\u00e4nvisar till har f\u00e5tt i uppdrag att f\u00f6resl\u00e5 en ers\u00e4ttningsmodell som b\u00e4ttre tar h\u00e4nsyn till olika funktionsneds\u00e4ttningar och de behov de inneb\u00e4r. Nu g\u00f6r regeringen precis<br \/>\ntv\u00e4rtom och drar ner p\u00e5 pengarna just f\u00f6r kvalitetsh\u00f6jande insatser och s\u00e5dant som personer med mycket omfattande funktionsneds\u00e4ttningar beh\u00f6ver, s\u00e4ger Cecilia Blanck, verksamhetsansvarig p\u00e5 F\u00f6reningen JAG.<\/p>\n<p>\u2013 Samtidigt aviseras h\u00f6jda krav fr\u00e5n Socialstyrelsen p\u00e5 assistansanordnare att se till att personliga assistenter f\u00e5r utbildning. Detta g\u00e5r inte ihop, forts\u00e4tter Cecilia Blanck.<\/p>\n<p>\u2013 F\u00f6r JAGs medlemmar som har de allra st\u00f6rsta funktionsneds\u00e4ttningarna \u00e4r talet om att kvalitetsdelen av ers\u00e4ttningen skulle vara f\u00f6r h\u00f6gt ber\u00e4knad helt obegripligt. Den som \u00e4r helt beroende av personliga assistenter med erfarenhet, utbildning och mognad har redan idag stora problem att f\u00e5 pengarna att r\u00e4cka. Nu blir det \u00e4nnu v\u00e4rre.<\/p>\n","protected":false},"featured_media":0,"template":"","class_list":["post-28129","pressreleases","type-pressreleases","status-publish","hentry"],"acf":[],"yoast_head":"<!-- This site is optimized with the Yoast SEO plugin v21.3 - https:\/\/yoast.com\/wordpress\/plugins\/seo\/ -->\n<title>F\u00f6reningen JAG starkt oroad \u00f6ver regeringsbeslut om n\u00e4sta \u00e5rs schablonbelopp f\u00f6r assistansers\u00e4ttning - JAG Opinion<\/title>\n<meta name=\"robots\" content=\"index, follow, max-snippet:-1, max-image-preview:large, max-video-preview:-1\" \/>\n<link rel=\"canonical\" href=\"https:\/\/jag.se\/opinion\/pressreleases\/foreningen-jag-starkt-oroad-over-regeringsbeslut-om-nasta-ars-schablonbelopp-for-assistansersattning\/\" \/>\n<meta property=\"og:locale\" content=\"sv_SE\" \/>\n<meta property=\"og:type\" content=\"article\" \/>\n<meta property=\"og:title\" content=\"F\u00f6reningen JAG starkt oroad \u00f6ver regeringsbeslut om n\u00e4sta \u00e5rs schablonbelopp f\u00f6r assistansers\u00e4ttning - JAG Opinion\" \/>\n<meta property=\"og:description\" content=\"Regeringen har valt att endast h\u00f6ja timschablonen f\u00f6r assistansers\u00e4ttningen med 1,8 procent n\u00e4sta \u00e5r. Det inneb\u00e4r att de l\u00f6ne\u00f6kningar p\u00e5 i snitt 2,6 procent som arbetsmarknadens parter kommit \u00f6verens om delvis m\u00e5ste tas fr\u00e5n medel som tidigare anv\u00e4nts till exempelvis arbetsledning, arbetsmilj\u00f6, fortbildning, handledning och assistansomkostnader. F\u00f6reningen JAG \u00e4r mycket oroad \u00f6ver beslutet och de\" \/>\n<meta property=\"og:url\" content=\"https:\/\/jag.se\/opinion\/pressreleases\/foreningen-jag-starkt-oroad-over-regeringsbeslut-om-nasta-ars-schablonbelopp-for-assistansersattning\/\" \/>\n<meta property=\"og:site_name\" content=\"JAG Opinion\" \/>\n<meta name=\"twitter:card\" content=\"summary_large_image\" \/>\n<meta name=\"twitter:label1\" content=\"Ber\u00e4knad l\u00e4stid\" \/>\n\t<meta name=\"twitter:data1\" content=\"1 minut\" \/>\n<script type=\"application\/ld+json\" class=\"yoast-schema-graph\">{\"@context\":\"https:\/\/schema.org\",\"@graph\":[{\"@type\":\"WebPage\",\"@id\":\"https:\/\/jag.se\/opinion\/pressreleases\/foreningen-jag-starkt-oroad-over-regeringsbeslut-om-nasta-ars-schablonbelopp-for-assistansersattning\/\",\"url\":\"https:\/\/jag.se\/opinion\/pressreleases\/foreningen-jag-starkt-oroad-over-regeringsbeslut-om-nasta-ars-schablonbelopp-for-assistansersattning\/\",\"name\":\"F\u00f6reningen JAG starkt oroad \u00f6ver regeringsbeslut om n\u00e4sta \u00e5rs schablonbelopp f\u00f6r assistansers\u00e4ttning - JAG Opinion\",\"isPartOf\":{\"@id\":\"https:\/\/jag.se\/opinion\/#website\"},\"datePublished\":\"2013-09-12T11:16:25+00:00\",\"dateModified\":\"2013-09-12T11:16:25+00:00\",\"breadcrumb\":{\"@id\":\"https:\/\/jag.se\/opinion\/pressreleases\/foreningen-jag-starkt-oroad-over-regeringsbeslut-om-nasta-ars-schablonbelopp-for-assistansersattning\/#breadcrumb\"},\"inLanguage\":\"sv-SE\",\"potentialAction\":[{\"@type\":\"ReadAction\",\"target\":[\"https:\/\/jag.se\/opinion\/pressreleases\/foreningen-jag-starkt-oroad-over-regeringsbeslut-om-nasta-ars-schablonbelopp-for-assistansersattning\/\"]}]},{\"@type\":\"BreadcrumbList\",\"@id\":\"https:\/\/jag.se\/opinion\/pressreleases\/foreningen-jag-starkt-oroad-over-regeringsbeslut-om-nasta-ars-schablonbelopp-for-assistansersattning\/#breadcrumb\",\"itemListElement\":[{\"@type\":\"ListItem\",\"position\":1,\"name\":\"JAG start\",\"item\":\"https:\/\/jag.se\"},{\"@type\":\"ListItem\",\"position\":2,\"name\":\"Riksf\u00f6reningen JAG\",\"item\":\"https:\/\/jag.se\/opinion\/\"},{\"@type\":\"ListItem\",\"position\":3,\"name\":\"Pressmeddelanden\",\"item\":\"https:\/\/jag.se\/opinion\/pressreleases\/\"},{\"@type\":\"ListItem\",\"position\":4,\"name\":\"F\u00f6reningen JAG starkt oroad \u00f6ver regeringsbeslut om n\u00e4sta \u00e5rs schablonbelopp f\u00f6r assistansers\u00e4ttning\"}]},{\"@type\":\"WebSite\",\"@id\":\"https:\/\/jag.se\/opinion\/#website\",\"url\":\"https:\/\/jag.se\/opinion\/\",\"name\":\"JAG Opinion\",\"description\":\"\",\"potentialAction\":[{\"@type\":\"SearchAction\",\"target\":{\"@type\":\"EntryPoint\",\"urlTemplate\":\"https:\/\/jag.se\/opinion\/?s={search_term_string}\"},\"query-input\":\"required name=search_term_string\"}],\"inLanguage\":\"sv-SE\"}]}<\/script>\n<!-- \/ Yoast SEO plugin. -->","yoast_head_json":{"title":"F\u00f6reningen JAG starkt oroad \u00f6ver regeringsbeslut om n\u00e4sta \u00e5rs schablonbelopp f\u00f6r assistansers\u00e4ttning - JAG Opinion","robots":{"index":"index","follow":"follow","max-snippet":"max-snippet:-1","max-image-preview":"max-image-preview:large","max-video-preview":"max-video-preview:-1"},"canonical":"https:\/\/jag.se\/opinion\/pressreleases\/foreningen-jag-starkt-oroad-over-regeringsbeslut-om-nasta-ars-schablonbelopp-for-assistansersattning\/","og_locale":"sv_SE","og_type":"article","og_title":"F\u00f6reningen JAG starkt oroad \u00f6ver regeringsbeslut om n\u00e4sta \u00e5rs schablonbelopp f\u00f6r assistansers\u00e4ttning - JAG Opinion","og_description":"Regeringen har valt att endast h\u00f6ja timschablonen f\u00f6r assistansers\u00e4ttningen med 1,8 procent n\u00e4sta \u00e5r. Det inneb\u00e4r att de l\u00f6ne\u00f6kningar p\u00e5 i snitt 2,6 procent som arbetsmarknadens parter kommit \u00f6verens om delvis m\u00e5ste tas fr\u00e5n medel som tidigare anv\u00e4nts till exempelvis arbetsledning, arbetsmilj\u00f6, fortbildning, handledning och assistansomkostnader. F\u00f6reningen JAG \u00e4r mycket oroad \u00f6ver beslutet och de","og_url":"https:\/\/jag.se\/opinion\/pressreleases\/foreningen-jag-starkt-oroad-over-regeringsbeslut-om-nasta-ars-schablonbelopp-for-assistansersattning\/","og_site_name":"JAG Opinion","twitter_card":"summary_large_image","twitter_misc":{"Ber\u00e4knad l\u00e4stid":"1 minut"},"schema":{"@context":"https:\/\/schema.org","@graph":[{"@type":"WebPage","@id":"https:\/\/jag.se\/opinion\/pressreleases\/foreningen-jag-starkt-oroad-over-regeringsbeslut-om-nasta-ars-schablonbelopp-for-assistansersattning\/","url":"https:\/\/jag.se\/opinion\/pressreleases\/foreningen-jag-starkt-oroad-over-regeringsbeslut-om-nasta-ars-schablonbelopp-for-assistansersattning\/","name":"F\u00f6reningen JAG starkt oroad \u00f6ver regeringsbeslut om n\u00e4sta \u00e5rs schablonbelopp f\u00f6r assistansers\u00e4ttning - JAG Opinion","isPartOf":{"@id":"https:\/\/jag.se\/opinion\/#website"},"datePublished":"2013-09-12T11:16:25+00:00","dateModified":"2013-09-12T11:16:25+00:00","breadcrumb":{"@id":"https:\/\/jag.se\/opinion\/pressreleases\/foreningen-jag-starkt-oroad-over-regeringsbeslut-om-nasta-ars-schablonbelopp-for-assistansersattning\/#breadcrumb"},"inLanguage":"sv-SE","potentialAction":[{"@type":"ReadAction","target":["https:\/\/jag.se\/opinion\/pressreleases\/foreningen-jag-starkt-oroad-over-regeringsbeslut-om-nasta-ars-schablonbelopp-for-assistansersattning\/"]}]},{"@type":"BreadcrumbList","@id":"https:\/\/jag.se\/opinion\/pressreleases\/foreningen-jag-starkt-oroad-over-regeringsbeslut-om-nasta-ars-schablonbelopp-for-assistansersattning\/#breadcrumb","itemListElement":[{"@type":"ListItem","position":1,"name":"JAG start","item":"https:\/\/jag.se"},{"@type":"ListItem","position":2,"name":"Riksf\u00f6reningen JAG","item":"https:\/\/jag.se\/opinion\/"},{"@type":"ListItem","position":3,"name":"Pressmeddelanden","item":"https:\/\/jag.se\/opinion\/pressreleases\/"},{"@type":"ListItem","position":4,"name":"F\u00f6reningen JAG starkt oroad \u00f6ver regeringsbeslut om n\u00e4sta \u00e5rs schablonbelopp f\u00f6r assistansers\u00e4ttning"}]},{"@type":"WebSite","@id":"https:\/\/jag.se\/opinion\/#website","url":"https:\/\/jag.se\/opinion\/","name":"JAG Opinion","description":"","potentialAction":[{"@type":"SearchAction","target":{"@type":"EntryPoint","urlTemplate":"https:\/\/jag.se\/opinion\/?s={search_term_string}"},"query-input":"required name=search_term_string"}],"inLanguage":"sv-SE"}]}},"_links":{"self":[{"href":"https:\/\/jag.se\/opinion\/wp-json\/wp\/v2\/pressreleases\/28129","targetHints":{"allow":["GET"]}}],"collection":[{"href":"https:\/\/jag.se\/opinion\/wp-json\/wp\/v2\/pressreleases"}],"about":[{"href":"https:\/\/jag.se\/opinion\/wp-json\/wp\/v2\/types\/pressreleases"}],"wp:attachment":[{"href":"https:\/\/jag.se\/opinion\/wp-json\/wp\/v2\/media?parent=28129"}],"curies":[{"name":"wp","href":"https:\/\/api.w.org\/{rel}","templated":true}]}}