{"id":28130,"date":"2013-06-25T04:51:00","date_gmt":"2013-06-25T02:51:00","guid":{"rendered":"https:\/\/jag.se\/opinion\/pressreleases\/elisabeth-ohlson-wallin-i-varldsunik-utstallning-pa-kulturhuset-26-27-juni\/"},"modified":"2013-06-25T04:51:00","modified_gmt":"2013-06-25T02:51:00","slug":"elisabeth-ohlson-wallin-i-varldsunik-utstallning-pa-kulturhuset-26-27-juni","status":"publish","type":"pressreleases","link":"https:\/\/jag.se\/opinion\/pressreleases\/elisabeth-ohlson-wallin-i-varldsunik-utstallning-pa-kulturhuset-26-27-juni\/","title":{"rendered":"Elisabeth Ohlson Wallin i v\u00e4rldsunik utst\u00e4llning p\u00e5 Kulturhuset 26-27 juni"},"content":{"rendered":"<p>Se bilder fr\u00e5n utst\u00e4llningen.\u00a0(http:\/\/www.jag.se\/innehall\/pressbilder-till-kulturfestivalen-2013)<br \/>\nF\u00f6r f\u00f6rsta g\u00e5ngen kommer personer med de allra st\u00f6rsta funktionsneds\u00e4ttningarna, varav en g\u00e4ller den intellektuella f\u00f6rm\u00e5gan, att dela med sig av kultur under en kulturfestival \u00f6ppen f\u00f6r alla d\u00e4r utst\u00e4llningen &#8221;Funkistr\u00e5dar d\u00e5 och nu&#8221; \u00e4r en av m\u00e5nga delar.<\/p>\n<p>\u00a0\u2013 Vi har l\u00e4nge trott oss veta vem som skapar kultur, och vem som konsumerar den. Nu v\u00e4nder vi p\u00e5 perspektivet och jag kan lova att den h\u00e4r festivalen kommer att f\u00e5 m\u00e5nga m\u00e4nniskor att h\u00f6ja p\u00e5 \u00f6gonbrynen, s\u00e4ger Cecilia Blanck, verksamhetschef p\u00e5 F\u00f6reningen JAG.<\/p>\n<p>\u00a0\u2013-\u00a0Mitt\u00a0engagemang\u00a0f\u00f6r m\u00e4nniskor som inte f\u00e5r sina r\u00e4ttigheter\u00a0i samh\u00e4llet\u00a0g\u00e5r som en r\u00f6d tr\u00e5d genom mitt arbete. De bilder jag\u00a0visar h\u00e4r i portr\u00e4ttserien &#8221;Vi som aldrig fick v\u00e5ra portr\u00e4tt m\u00e5lade&#8221; \u00e4r ju en hint om hur m\u00e4nniskor med funktionsneds\u00e4ttningar\u00a0osynliggjorts genom \u00e5rhundraden.\u00a0Det \u00e4r verkligen dags f\u00f6r en \u00e4ndring, s\u00e4ger fotograf Elisabeth Ohlson Wallin.<\/p>\n<p>Utst\u00e4llningen heter: \u00a0Funkistr\u00e5dar d\u00e5 och nu!<br \/>\nPlats Foajen, plan 3. Fotografen Elisabeth Ohlson Wallin i samarbete med Funkisbyr\u00e5n, Civil right defenders och fredsmuseum, historiska bilder ur Nordiska museets samlingar. Inuti 1+2 och enskilda konstn\u00e4rer visar samtida konst.<\/p>\n<p>Fler tips under Kulturfestivalen:<br \/>\nOnsdag 26\/6 kl 16 STORA GALAF\u00d6REST\u00c4LLNINGEN\u00a0<br \/>\nPlats: H\u00f6rsalen plan 3 Fri dans, teater, musik och politiskt st\u00e4llningstagande.<br \/>\nKonstpaus 17-17.30. Medverkande: Stora Bl\u00e5, Mosaikteatern, Teater Surra,<br \/>\nJAG-center, Danskompaniet SPINN, All in da House.<\/p>\n<p>Torsdag 27\/6 17\u201318 kulturmanifestation \u2013 ta plats!<br \/>\nPlats: Ute p\u00e5 Sergelstorg. Flashmob upp till \u00f6vre torgplan<\/p>\n<p>L\u00e4s om festivalen p\u00e5 Kulturhusets sida: http:\/\/kulturhuset.stockholm.se\/-\/Kalender\/2013\/Uthyrningar\/KULTUR-FOR-ALLA-STOCKHOLM\/\u00a0(http:\/\/kulturhuset.stockholm.se\/-\/Kalender\/2013\/Uthyrningar\/KULTUR-FOR-ALLA-STOCKHOLM\/)<\/p>\n<p>H\u00e4r hittar du hela festivalprogrammet: http:\/\/www.jag.se\/kalender\/kulturfestival-pa-kulturhuset\u00a0(http:\/\/www.jag.se\/kalender\/kulturfestival-pa-kulturhuset)<br \/>\nUtst\u00e4llningen \u00e4r en del av Kulturfestivalen genomf\u00f6rs av Kultur f\u00f6r alla som drivs av\u00a0F\u00f6reningen JAG. F\u00f6reningen\u00a0JAG \u00e4r en ideell riksf\u00f6rening f\u00f6r personer med flera omfattande funktionsneds\u00e4ttningar varav en avser den intellektuella f\u00f6rm\u00e5gan.\u00a0Festivalen \u00e4r ett samarbete med Kulturhuset och Stockholms stad. \u00d6vriga deltagare och samarbetspartner \u00e4r bland andra Atelj\u00e8 Inuti 1 + 2, Civil right defenders, Danskompaniet SPINN, Fredens hus, Funkisbyr\u00e5n, Mosaikteatern, Sensus Medis-5, Teater De Vill, Teater Surra, olika dagliga verksamheter samt enskilda kulturut\u00f6vare.<\/p>\n","protected":false},"featured_media":28131,"template":"","class_list":["post-28130","pressreleases","type-pressreleases","status-publish","has-post-thumbnail","hentry"],"acf":[],"yoast_head":"<!-- This site is optimized with the Yoast SEO plugin v21.3 - https:\/\/yoast.com\/wordpress\/plugins\/seo\/ -->\n<title>Elisabeth Ohlson Wallin i v\u00e4rldsunik utst\u00e4llning p\u00e5 Kulturhuset 26-27 juni - JAG Opinion<\/title>\n<meta name=\"robots\" content=\"index, follow, max-snippet:-1, max-image-preview:large, max-video-preview:-1\" \/>\n<link rel=\"canonical\" href=\"https:\/\/jag.se\/opinion\/pressreleases\/elisabeth-ohlson-wallin-i-varldsunik-utstallning-pa-kulturhuset-26-27-juni\/\" \/>\n<meta property=\"og:locale\" content=\"sv_SE\" \/>\n<meta property=\"og:type\" content=\"article\" \/>\n<meta property=\"og:title\" content=\"Elisabeth Ohlson Wallin i v\u00e4rldsunik utst\u00e4llning p\u00e5 Kulturhuset 26-27 juni - JAG Opinion\" \/>\n<meta property=\"og:description\" content=\"Se bilder fr\u00e5n utst\u00e4llningen.\u00a0(http:\/\/www.jag.se\/innehall\/pressbilder-till-kulturfestivalen-2013) F\u00f6r f\u00f6rsta g\u00e5ngen kommer personer med de allra st\u00f6rsta funktionsneds\u00e4ttningarna, varav en g\u00e4ller den intellektuella f\u00f6rm\u00e5gan, att dela med sig av kultur under en kulturfestival \u00f6ppen f\u00f6r alla d\u00e4r utst\u00e4llningen &#8221;Funkistr\u00e5dar d\u00e5 och nu&#8221; \u00e4r en av m\u00e5nga delar. \u00a0\u2013 Vi har l\u00e4nge trott oss veta vem som skapar kultur, och\" \/>\n<meta property=\"og:url\" content=\"https:\/\/jag.se\/opinion\/pressreleases\/elisabeth-ohlson-wallin-i-varldsunik-utstallning-pa-kulturhuset-26-27-juni\/\" \/>\n<meta property=\"og:site_name\" content=\"JAG Opinion\" \/>\n<meta property=\"og:image\" content=\"https:\/\/jag.se\/opinion\/wp-content\/uploads\/sites\/3\/2013\/06\/a313586dfa5345ef_org-12-scaled.jpg\" \/>\n\t<meta property=\"og:image:width\" content=\"2560\" \/>\n\t<meta property=\"og:image:height\" content=\"1920\" \/>\n\t<meta property=\"og:image:type\" content=\"image\/jpeg\" \/>\n<meta name=\"twitter:card\" content=\"summary_large_image\" \/>\n<meta name=\"twitter:label1\" content=\"Ber\u00e4knad l\u00e4stid\" \/>\n\t<meta name=\"twitter:data1\" content=\"2 minuter\" \/>\n<script type=\"application\/ld+json\" class=\"yoast-schema-graph\">{\"@context\":\"https:\/\/schema.org\",\"@graph\":[{\"@type\":\"WebPage\",\"@id\":\"https:\/\/jag.se\/opinion\/pressreleases\/elisabeth-ohlson-wallin-i-varldsunik-utstallning-pa-kulturhuset-26-27-juni\/\",\"url\":\"https:\/\/jag.se\/opinion\/pressreleases\/elisabeth-ohlson-wallin-i-varldsunik-utstallning-pa-kulturhuset-26-27-juni\/\",\"name\":\"Elisabeth Ohlson Wallin i v\u00e4rldsunik utst\u00e4llning p\u00e5 Kulturhuset 26-27 juni - JAG Opinion\",\"isPartOf\":{\"@id\":\"https:\/\/jag.se\/opinion\/#website\"},\"datePublished\":\"2013-06-25T02:51:00+00:00\",\"dateModified\":\"2013-06-25T02:51:00+00:00\",\"breadcrumb\":{\"@id\":\"https:\/\/jag.se\/opinion\/pressreleases\/elisabeth-ohlson-wallin-i-varldsunik-utstallning-pa-kulturhuset-26-27-juni\/#breadcrumb\"},\"inLanguage\":\"sv-SE\",\"potentialAction\":[{\"@type\":\"ReadAction\",\"target\":[\"https:\/\/jag.se\/opinion\/pressreleases\/elisabeth-ohlson-wallin-i-varldsunik-utstallning-pa-kulturhuset-26-27-juni\/\"]}]},{\"@type\":\"BreadcrumbList\",\"@id\":\"https:\/\/jag.se\/opinion\/pressreleases\/elisabeth-ohlson-wallin-i-varldsunik-utstallning-pa-kulturhuset-26-27-juni\/#breadcrumb\",\"itemListElement\":[{\"@type\":\"ListItem\",\"position\":1,\"name\":\"JAG start\",\"item\":\"https:\/\/jag.se\"},{\"@type\":\"ListItem\",\"position\":2,\"name\":\"Riksf\u00f6reningen JAG\",\"item\":\"https:\/\/jag.se\/opinion\/\"},{\"@type\":\"ListItem\",\"position\":3,\"name\":\"Pressmeddelanden\",\"item\":\"https:\/\/jag.se\/opinion\/pressreleases\/\"},{\"@type\":\"ListItem\",\"position\":4,\"name\":\"Elisabeth Ohlson Wallin i v\u00e4rldsunik utst\u00e4llning p\u00e5 Kulturhuset 26-27 juni\"}]},{\"@type\":\"WebSite\",\"@id\":\"https:\/\/jag.se\/opinion\/#website\",\"url\":\"https:\/\/jag.se\/opinion\/\",\"name\":\"JAG Opinion\",\"description\":\"\",\"potentialAction\":[{\"@type\":\"SearchAction\",\"target\":{\"@type\":\"EntryPoint\",\"urlTemplate\":\"https:\/\/jag.se\/opinion\/?s={search_term_string}\"},\"query-input\":\"required name=search_term_string\"}],\"inLanguage\":\"sv-SE\"}]}<\/script>\n<!-- \/ Yoast SEO plugin. -->","yoast_head_json":{"title":"Elisabeth Ohlson Wallin i v\u00e4rldsunik utst\u00e4llning p\u00e5 Kulturhuset 26-27 juni - JAG Opinion","robots":{"index":"index","follow":"follow","max-snippet":"max-snippet:-1","max-image-preview":"max-image-preview:large","max-video-preview":"max-video-preview:-1"},"canonical":"https:\/\/jag.se\/opinion\/pressreleases\/elisabeth-ohlson-wallin-i-varldsunik-utstallning-pa-kulturhuset-26-27-juni\/","og_locale":"sv_SE","og_type":"article","og_title":"Elisabeth Ohlson Wallin i v\u00e4rldsunik utst\u00e4llning p\u00e5 Kulturhuset 26-27 juni - JAG Opinion","og_description":"Se bilder fr\u00e5n utst\u00e4llningen.\u00a0(http:\/\/www.jag.se\/innehall\/pressbilder-till-kulturfestivalen-2013) F\u00f6r f\u00f6rsta g\u00e5ngen kommer personer med de allra st\u00f6rsta funktionsneds\u00e4ttningarna, varav en g\u00e4ller den intellektuella f\u00f6rm\u00e5gan, att dela med sig av kultur under en kulturfestival \u00f6ppen f\u00f6r alla d\u00e4r utst\u00e4llningen &#8221;Funkistr\u00e5dar d\u00e5 och nu&#8221; \u00e4r en av m\u00e5nga delar. \u00a0\u2013 Vi har l\u00e4nge trott oss veta vem som skapar kultur, och","og_url":"https:\/\/jag.se\/opinion\/pressreleases\/elisabeth-ohlson-wallin-i-varldsunik-utstallning-pa-kulturhuset-26-27-juni\/","og_site_name":"JAG Opinion","og_image":[{"width":2560,"height":1920,"url":"https:\/\/jag.se\/opinion\/wp-content\/uploads\/sites\/3\/2013\/06\/a313586dfa5345ef_org-12-scaled.jpg","type":"image\/jpeg"}],"twitter_card":"summary_large_image","twitter_misc":{"Ber\u00e4knad l\u00e4stid":"2 minuter"},"schema":{"@context":"https:\/\/schema.org","@graph":[{"@type":"WebPage","@id":"https:\/\/jag.se\/opinion\/pressreleases\/elisabeth-ohlson-wallin-i-varldsunik-utstallning-pa-kulturhuset-26-27-juni\/","url":"https:\/\/jag.se\/opinion\/pressreleases\/elisabeth-ohlson-wallin-i-varldsunik-utstallning-pa-kulturhuset-26-27-juni\/","name":"Elisabeth Ohlson Wallin i v\u00e4rldsunik utst\u00e4llning p\u00e5 Kulturhuset 26-27 juni - JAG Opinion","isPartOf":{"@id":"https:\/\/jag.se\/opinion\/#website"},"datePublished":"2013-06-25T02:51:00+00:00","dateModified":"2013-06-25T02:51:00+00:00","breadcrumb":{"@id":"https:\/\/jag.se\/opinion\/pressreleases\/elisabeth-ohlson-wallin-i-varldsunik-utstallning-pa-kulturhuset-26-27-juni\/#breadcrumb"},"inLanguage":"sv-SE","potentialAction":[{"@type":"ReadAction","target":["https:\/\/jag.se\/opinion\/pressreleases\/elisabeth-ohlson-wallin-i-varldsunik-utstallning-pa-kulturhuset-26-27-juni\/"]}]},{"@type":"BreadcrumbList","@id":"https:\/\/jag.se\/opinion\/pressreleases\/elisabeth-ohlson-wallin-i-varldsunik-utstallning-pa-kulturhuset-26-27-juni\/#breadcrumb","itemListElement":[{"@type":"ListItem","position":1,"name":"JAG start","item":"https:\/\/jag.se"},{"@type":"ListItem","position":2,"name":"Riksf\u00f6reningen JAG","item":"https:\/\/jag.se\/opinion\/"},{"@type":"ListItem","position":3,"name":"Pressmeddelanden","item":"https:\/\/jag.se\/opinion\/pressreleases\/"},{"@type":"ListItem","position":4,"name":"Elisabeth Ohlson Wallin i v\u00e4rldsunik utst\u00e4llning p\u00e5 Kulturhuset 26-27 juni"}]},{"@type":"WebSite","@id":"https:\/\/jag.se\/opinion\/#website","url":"https:\/\/jag.se\/opinion\/","name":"JAG Opinion","description":"","potentialAction":[{"@type":"SearchAction","target":{"@type":"EntryPoint","urlTemplate":"https:\/\/jag.se\/opinion\/?s={search_term_string}"},"query-input":"required name=search_term_string"}],"inLanguage":"sv-SE"}]}},"_links":{"self":[{"href":"https:\/\/jag.se\/opinion\/wp-json\/wp\/v2\/pressreleases\/28130","targetHints":{"allow":["GET"]}}],"collection":[{"href":"https:\/\/jag.se\/opinion\/wp-json\/wp\/v2\/pressreleases"}],"about":[{"href":"https:\/\/jag.se\/opinion\/wp-json\/wp\/v2\/types\/pressreleases"}],"wp:featuredmedia":[{"embeddable":true,"href":"https:\/\/jag.se\/opinion\/wp-json\/wp\/v2\/media\/28131"}],"wp:attachment":[{"href":"https:\/\/jag.se\/opinion\/wp-json\/wp\/v2\/media?parent=28130"}],"curies":[{"name":"wp","href":"https:\/\/api.w.org\/{rel}","templated":true}]}}