{"id":28132,"date":"2013-06-18T08:00:00","date_gmt":"2013-06-18T06:00:00","guid":{"rendered":"https:\/\/jag.se\/opinion\/pressreleases\/jag-tar-plats-i-almedalen\/"},"modified":"2013-06-18T08:00:00","modified_gmt":"2013-06-18T06:00:00","slug":"jag-tar-plats-i-almedalen","status":"publish","type":"pressreleases","link":"https:\/\/jag.se\/opinion\/pressreleases\/jag-tar-plats-i-almedalen\/","title":{"rendered":"JAG tar plats i Almedalen"},"content":{"rendered":"<p>I \u00e5r har vi ett eget t\u00e4lt p\u00e5 Skeppsbron, n\u00e4ra Hamnplan. Dit har vi bjudit in politiker, beslutsfattare och samh\u00e4llsdebatt\u00f6rer f\u00f6r att prata om v\u00e5r verklighet och se till att v\u00e5ra fr\u00e5gor f\u00e5r en plats i n\u00e4sta \u00e5rs valr\u00f6relse.<\/p>\n<p>S\u00e5 h\u00e4r ser programmet ut:<\/p>\n<p>M\u00e5ndag 1\/7\u00a0 15.00 Barn- och \u00e4ldreminister Maria Larsson<br \/>\nTisdag 2\/7 \u00a0\u00a0 9.30 Riksdagsledamot Agneta Luttropp (MP)<br \/>\n\u00a0\u00a0\u00a0\u00a0\u00a0\u00a0\u00a0\u00a0\u00a0\u00a0\u00a0\u00a0\u00a0\u00a0\u00a0\u00a0\u00a0\u00a0\u00a0\u00a0 10.30 Ewa Samuelsson (KD), borgarr\u00e5d Stockholm<br \/>\nOnsdag 3\/7\u00a0 13.00 Anita Fink Knudsen, chefsf\u00f6rhandlare KFO\u00a0\u00a0<br \/>\n\u00a0\u00a0\u00a0\u00a0\u00a0\u00a0\u00a0\u00a0\u00a0\u00a0\u00a0\u00a0\u00a0\u00a0\u00a0\u00a0\u00a0\u00a0\u00a0\u00a0\u00a0\u00a011.00 Victor Endom, F\u00f6reningen JAG<br \/>\n\u00a0\u00a0\u00a0\u00a0\u00a0\u00a0\u00a0\u00a0\u00a0\u00a0\u00a0\u00a0\u00a0\u00a0\u00a0\u00a0\u00a0\u00a0\u00a0\u00a0 14.00 Thomas Jansson, ordf\u00f6rande FBU<br \/>\n\u00a0\u00a0\u00a0\u00a0\u00a0\u00a0\u00a0\u00a0\u00a0\u00a0\u00a0\u00a0\u00a0\u00a0\u00a0\u00a0\u00a0\u00a0\u00a0\u00a0 15.00 Jesper Odelberg, politiker, artist och samh\u00e4llsdebatt\u00f6r<br \/>\nTorsdag 4\/7 10.00 Riksdagsledamot Lennart Axelsson (S)<br \/>\n\u00a0\u00a0\u00a0\u00a0\u00a0\u00a0\u00a0\u00a0\u00a0\u00a0\u00a0\u00a0\u00a0\u00a0\u00a0\u00a0\u00a0\u00a0\u00a0\u00a0 11.00 Therese Karlberg, verksamhetsomr\u00e5deschef f\u00f6r\u00a0\u00a0\u00a0 \u00a0\u00a0\u00a0\u00a0\u00a0\u00a0\u00a0\u00a0\u00a0\u00a0\u00a0\u00a0\u00a0\u00a0\u00a0\u00a0\u00a0\u00a0\u00a0\u00a0\u00a0\u00a0\u00a0\u00a0\u00a0\u00a0\u00a0\u00a0\u00a0\u00a0\u00a0\u00a0\u00a0 \u00a0\u00a0funktionshinder\u00a0p\u00e5\u00a0F\u00f6rs\u00e4kringskassan<br \/>\n\u00a0\u00a0\u00a0\u00a0\u00a0\u00a0\u00a0\u00a0\u00a0\u00a0\u00a0\u00a0\u00a0\u00a0\u00a0\u00a0\u00a0\u00a0\u00a0\u00a0 12.00 Eva Olofsson (V)<br \/>\n\u00a0\u00a0\u00a0\u00a0\u00a0\u00a0\u00a0\u00a0\u00a0\u00a0\u00a0\u00a0\u00a0\u00a0\u00a0\u00a0\u00a0\u00a0\u00a0 15.00 Riksdagsledamot Maria Lundqvist-Br\u00f6mster (FP)<\/p>\n<p>\u00a0<\/p>\n<p>F\u00f6rutom samtal bjuder vi p\u00e5 kaffe och dr\u00f6mmar hela veckan.<\/p>\n<p>Vill du veta mer om vad vi g\u00f6r i Almedalen eller vad vi g\u00f6r resten av \u00e5ret n\u00e4r vi inte \u00e4r i Visby, h\u00f6r g\u00e4rna av dig till Kerstin Sellin, tel 076-545 30 17 eller e-post kerstin.sellin@jag.se\u00a0(kerstin.sellin@jag.se)<\/p>\n<p>Du hittar s\u00e5klart ocks\u00e5 mycket information p\u00e5 v\u00e5r hemsida www.jag.se\u00a0(http:\/\/www.jag.se)<\/p>\n","protected":false},"featured_media":28133,"template":"","class_list":["post-28132","pressreleases","type-pressreleases","status-publish","has-post-thumbnail","hentry"],"acf":[],"yoast_head":"<!-- This site is optimized with the Yoast SEO plugin v21.3 - https:\/\/yoast.com\/wordpress\/plugins\/seo\/ -->\n<title>JAG tar plats i Almedalen - JAG Opinion<\/title>\n<meta name=\"robots\" content=\"index, follow, max-snippet:-1, max-image-preview:large, max-video-preview:-1\" \/>\n<link rel=\"canonical\" href=\"https:\/\/jag.se\/opinion\/pressreleases\/jag-tar-plats-i-almedalen\/\" \/>\n<meta property=\"og:locale\" content=\"sv_SE\" \/>\n<meta property=\"og:type\" content=\"article\" \/>\n<meta property=\"og:title\" content=\"JAG tar plats i Almedalen - JAG Opinion\" \/>\n<meta property=\"og:description\" content=\"I \u00e5r har vi ett eget t\u00e4lt p\u00e5 Skeppsbron, n\u00e4ra Hamnplan. Dit har vi bjudit in politiker, beslutsfattare och samh\u00e4llsdebatt\u00f6rer f\u00f6r att prata om v\u00e5r verklighet och se till att v\u00e5ra fr\u00e5gor f\u00e5r en plats i n\u00e4sta \u00e5rs valr\u00f6relse. S\u00e5 h\u00e4r ser programmet ut: M\u00e5ndag 1\/7\u00a0 15.00 Barn- och \u00e4ldreminister Maria Larsson Tisdag 2\/7 \u00a0\u00a0\" \/>\n<meta property=\"og:url\" content=\"https:\/\/jag.se\/opinion\/pressreleases\/jag-tar-plats-i-almedalen\/\" \/>\n<meta property=\"og:site_name\" content=\"JAG Opinion\" \/>\n<meta property=\"og:image\" content=\"https:\/\/jag.se\/opinion\/wp-content\/uploads\/sites\/3\/2013\/06\/bd6d4771ed587649_org-12-scaled.jpg\" \/>\n\t<meta property=\"og:image:width\" content=\"2560\" \/>\n\t<meta property=\"og:image:height\" content=\"1805\" \/>\n\t<meta property=\"og:image:type\" content=\"image\/jpeg\" \/>\n<meta name=\"twitter:card\" content=\"summary_large_image\" \/>\n<meta name=\"twitter:label1\" content=\"Ber\u00e4knad l\u00e4stid\" \/>\n\t<meta name=\"twitter:data1\" content=\"1 minut\" \/>\n<script type=\"application\/ld+json\" class=\"yoast-schema-graph\">{\"@context\":\"https:\/\/schema.org\",\"@graph\":[{\"@type\":\"WebPage\",\"@id\":\"https:\/\/jag.se\/opinion\/pressreleases\/jag-tar-plats-i-almedalen\/\",\"url\":\"https:\/\/jag.se\/opinion\/pressreleases\/jag-tar-plats-i-almedalen\/\",\"name\":\"JAG tar plats i Almedalen - JAG Opinion\",\"isPartOf\":{\"@id\":\"https:\/\/jag.se\/opinion\/#website\"},\"datePublished\":\"2013-06-18T06:00:00+00:00\",\"dateModified\":\"2013-06-18T06:00:00+00:00\",\"breadcrumb\":{\"@id\":\"https:\/\/jag.se\/opinion\/pressreleases\/jag-tar-plats-i-almedalen\/#breadcrumb\"},\"inLanguage\":\"sv-SE\",\"potentialAction\":[{\"@type\":\"ReadAction\",\"target\":[\"https:\/\/jag.se\/opinion\/pressreleases\/jag-tar-plats-i-almedalen\/\"]}]},{\"@type\":\"BreadcrumbList\",\"@id\":\"https:\/\/jag.se\/opinion\/pressreleases\/jag-tar-plats-i-almedalen\/#breadcrumb\",\"itemListElement\":[{\"@type\":\"ListItem\",\"position\":1,\"name\":\"JAG start\",\"item\":\"https:\/\/jag.se\"},{\"@type\":\"ListItem\",\"position\":2,\"name\":\"Riksf\u00f6reningen JAG\",\"item\":\"https:\/\/jag.se\/opinion\/\"},{\"@type\":\"ListItem\",\"position\":3,\"name\":\"Pressmeddelanden\",\"item\":\"https:\/\/jag.se\/opinion\/pressreleases\/\"},{\"@type\":\"ListItem\",\"position\":4,\"name\":\"JAG tar plats i Almedalen\"}]},{\"@type\":\"WebSite\",\"@id\":\"https:\/\/jag.se\/opinion\/#website\",\"url\":\"https:\/\/jag.se\/opinion\/\",\"name\":\"JAG Opinion\",\"description\":\"\",\"potentialAction\":[{\"@type\":\"SearchAction\",\"target\":{\"@type\":\"EntryPoint\",\"urlTemplate\":\"https:\/\/jag.se\/opinion\/?s={search_term_string}\"},\"query-input\":\"required name=search_term_string\"}],\"inLanguage\":\"sv-SE\"}]}<\/script>\n<!-- \/ Yoast SEO plugin. -->","yoast_head_json":{"title":"JAG tar plats i Almedalen - JAG Opinion","robots":{"index":"index","follow":"follow","max-snippet":"max-snippet:-1","max-image-preview":"max-image-preview:large","max-video-preview":"max-video-preview:-1"},"canonical":"https:\/\/jag.se\/opinion\/pressreleases\/jag-tar-plats-i-almedalen\/","og_locale":"sv_SE","og_type":"article","og_title":"JAG tar plats i Almedalen - JAG Opinion","og_description":"I \u00e5r har vi ett eget t\u00e4lt p\u00e5 Skeppsbron, n\u00e4ra Hamnplan. Dit har vi bjudit in politiker, beslutsfattare och samh\u00e4llsdebatt\u00f6rer f\u00f6r att prata om v\u00e5r verklighet och se till att v\u00e5ra fr\u00e5gor f\u00e5r en plats i n\u00e4sta \u00e5rs valr\u00f6relse. S\u00e5 h\u00e4r ser programmet ut: M\u00e5ndag 1\/7\u00a0 15.00 Barn- och \u00e4ldreminister Maria Larsson Tisdag 2\/7 \u00a0\u00a0","og_url":"https:\/\/jag.se\/opinion\/pressreleases\/jag-tar-plats-i-almedalen\/","og_site_name":"JAG Opinion","og_image":[{"width":2560,"height":1805,"url":"https:\/\/jag.se\/opinion\/wp-content\/uploads\/sites\/3\/2013\/06\/bd6d4771ed587649_org-12-scaled.jpg","type":"image\/jpeg"}],"twitter_card":"summary_large_image","twitter_misc":{"Ber\u00e4knad l\u00e4stid":"1 minut"},"schema":{"@context":"https:\/\/schema.org","@graph":[{"@type":"WebPage","@id":"https:\/\/jag.se\/opinion\/pressreleases\/jag-tar-plats-i-almedalen\/","url":"https:\/\/jag.se\/opinion\/pressreleases\/jag-tar-plats-i-almedalen\/","name":"JAG tar plats i Almedalen - JAG Opinion","isPartOf":{"@id":"https:\/\/jag.se\/opinion\/#website"},"datePublished":"2013-06-18T06:00:00+00:00","dateModified":"2013-06-18T06:00:00+00:00","breadcrumb":{"@id":"https:\/\/jag.se\/opinion\/pressreleases\/jag-tar-plats-i-almedalen\/#breadcrumb"},"inLanguage":"sv-SE","potentialAction":[{"@type":"ReadAction","target":["https:\/\/jag.se\/opinion\/pressreleases\/jag-tar-plats-i-almedalen\/"]}]},{"@type":"BreadcrumbList","@id":"https:\/\/jag.se\/opinion\/pressreleases\/jag-tar-plats-i-almedalen\/#breadcrumb","itemListElement":[{"@type":"ListItem","position":1,"name":"JAG start","item":"https:\/\/jag.se"},{"@type":"ListItem","position":2,"name":"Riksf\u00f6reningen JAG","item":"https:\/\/jag.se\/opinion\/"},{"@type":"ListItem","position":3,"name":"Pressmeddelanden","item":"https:\/\/jag.se\/opinion\/pressreleases\/"},{"@type":"ListItem","position":4,"name":"JAG tar plats i Almedalen"}]},{"@type":"WebSite","@id":"https:\/\/jag.se\/opinion\/#website","url":"https:\/\/jag.se\/opinion\/","name":"JAG Opinion","description":"","potentialAction":[{"@type":"SearchAction","target":{"@type":"EntryPoint","urlTemplate":"https:\/\/jag.se\/opinion\/?s={search_term_string}"},"query-input":"required name=search_term_string"}],"inLanguage":"sv-SE"}]}},"_links":{"self":[{"href":"https:\/\/jag.se\/opinion\/wp-json\/wp\/v2\/pressreleases\/28132","targetHints":{"allow":["GET"]}}],"collection":[{"href":"https:\/\/jag.se\/opinion\/wp-json\/wp\/v2\/pressreleases"}],"about":[{"href":"https:\/\/jag.se\/opinion\/wp-json\/wp\/v2\/types\/pressreleases"}],"wp:featuredmedia":[{"embeddable":true,"href":"https:\/\/jag.se\/opinion\/wp-json\/wp\/v2\/media\/28133"}],"wp:attachment":[{"href":"https:\/\/jag.se\/opinion\/wp-json\/wp\/v2\/media?parent=28132"}],"curies":[{"name":"wp","href":"https:\/\/api.w.org\/{rel}","templated":true}]}}