{"id":28134,"date":"2013-06-14T07:57:26","date_gmt":"2013-06-14T05:57:26","guid":{"rendered":"https:\/\/jag.se\/opinion\/pressreleases\/pressinbjudan-varldsunik-kulturfestival-final-for-projektet-kultur-for-alla\/"},"modified":"2013-06-14T07:57:26","modified_gmt":"2013-06-14T05:57:26","slug":"pressinbjudan-varldsunik-kulturfestival-final-for-projektet-kultur-for-alla","status":"publish","type":"pressreleases","link":"https:\/\/jag.se\/opinion\/pressreleases\/pressinbjudan-varldsunik-kulturfestival-final-for-projektet-kultur-for-alla\/","title":{"rendered":"Pressinbjudan: V\u00e4rldsunik kulturfestival \u2013 final f\u00f6r projektet Kultur f\u00f6r alla"},"content":{"rendered":"<p>F\u00f6r f\u00f6rsta g\u00e5ngen kommer personer med de allra st\u00f6rsta funktionsneds\u00e4ttningarna, varav en g\u00e4ller den intellektuella f\u00f6rm\u00e5gan, att dela med sig av kultur under en kulturfestival \u00f6ppen f\u00f6r alla.<\/p>\n<p>Festivalen inneb\u00e4r finalen p\u00e5 ett tre\u00e5rigt projekt med st\u00f6d av Allm\u00e4nna arvsfonden. Medverkar g\u00f6r\u00a0b\u00e5de professionella akt\u00f6rer som\u00a0Elisabeth Ohlson Wallin och Jesper Odelberg och m\u00e5nga amat\u00f6rer och eldsj\u00e4lar.<\/p>\n<p>\u00a0\u2013 Vi har l\u00e4nge trott oss veta vem som skapar kultur, och vem som konsumerar den. Nu v\u00e4nder vi p\u00e5 perspektivet och jag kan lova att den h\u00e4r festivalen kommer att f\u00e5 m\u00e5nga m\u00e4nniskor att h\u00f6ja p\u00e5 \u00f6gonbrynen, s\u00e4ger Cecilia Blanck, verksamhetschef p\u00e5 F\u00f6reningen JAG.<\/p>\n<p>\u00a0\u2013-\u00a0Mitt\u00a0engagemang\u00a0f\u00f6r m\u00e4nniskor som inte f\u00e5r sina r\u00e4ttigheter\u00a0i samh\u00e4lle\u00a0g\u00e5r som en r\u00f6d tr\u00e5d genom mitt arbete. De bilder jag\u00a0visar h\u00e4r i portr\u00e4ttserien &#8221;Vi som aldrig fick v\u00e5ra portr\u00e4tt m\u00e5lade&#8221; \u00e4r ju en hint om hur m\u00e4nniskor med funktionsneds\u00e4ttningar\u00a0osynliggjorts genom \u00e5rhundraden.\u00a0Det \u00e4r verkligen dags f\u00f6r en \u00e4ndring, s\u00e4ger fotograf Elisabeth Ohlson Wallin<\/p>\n<p>Pressbilder\u00a0hittar du h\u00e4r\u00a0(http:\/\/www.jag.se\/innehall\/pressbilder-till-kulturfestivalen-2013).<\/p>\n<p>TID OCH PLATS: M\u00e5ndag den 17 juni klockan 13:00 Kulturhuset Stockholm Studio 3, plan 3.<\/p>\n<p>MEDVERKANDE P\u00c5 PRESSKONFERENSEN:<br \/>\nElisabeth Ohlson Wallin, fotograf<br \/>\nSabina Hosseinbor, modell i\u00a0Funkisbyr\u00e5n<br \/>\nSandro Grip, modell i Funkisbyr\u00e5n<br \/>\nMats Lindberg, projektledare f\u00f6r Kultur f\u00f6r alla<br \/>\nCecilia Blanck verksamhetsansvarig p\u00e5 F\u00f6reningen JAG<\/p>\n<p>Festivalen genomf\u00f6rs av Kultur f\u00f6r alla som drivs av\u00a0F\u00f6reningen JAG, som \u00e4r en ideell riksf\u00f6rening f\u00f6r personer med flera omfattande funktionsneds\u00e4ttningar varav en avser den intellektuella f\u00f6rm\u00e5gan.\u00a0Festivalen \u00e4r ett samarbete med Kulturhuset och Stockholms stad. \u00d6vriga deltagare och samarbetspartner \u00e4r bland andra Atelj\u00e8 Inuti 1 + 2, Civil right defenders, Danskompaniet SPINN, Fredens hus, Funkisbyr\u00e5n, Mosaikteatern, Sensus Medis-5, Teater De Vill, Teater Surra, olika dagliga verksamheter samt enskilda kulturut\u00f6vare.<\/p>\n<p>Anm\u00e4lan till presskonferensen g\u00f6r du\u00a0till: jessica.linder.jansson@jag.se\u00a0(jessica.linder.jansson@jag.se)\u00a0\u00a008-789 30 32<\/p>\n<p>Du kan ocks\u00e5 kontakta Mats Lindberg f\u00f6r mer information om Kulturfestivalen mats.lindberg@jag.se\u00a0(mats.lindberg@jag.se) \u00a008-789 30 11<\/p>\n","protected":false},"featured_media":28135,"template":"","class_list":["post-28134","pressreleases","type-pressreleases","status-publish","has-post-thumbnail","hentry"],"acf":[],"yoast_head":"<!-- This site is optimized with the Yoast SEO plugin v21.3 - https:\/\/yoast.com\/wordpress\/plugins\/seo\/ -->\n<title>Pressinbjudan: V\u00e4rldsunik kulturfestival \u2013 final f\u00f6r projektet Kultur f\u00f6r alla - JAG Opinion<\/title>\n<meta name=\"robots\" content=\"index, follow, max-snippet:-1, max-image-preview:large, max-video-preview:-1\" \/>\n<link rel=\"canonical\" href=\"https:\/\/jag.se\/opinion\/pressreleases\/pressinbjudan-varldsunik-kulturfestival-final-for-projektet-kultur-for-alla\/\" \/>\n<meta property=\"og:locale\" content=\"sv_SE\" \/>\n<meta property=\"og:type\" content=\"article\" \/>\n<meta property=\"og:title\" content=\"Pressinbjudan: V\u00e4rldsunik kulturfestival \u2013 final f\u00f6r projektet Kultur f\u00f6r alla - JAG Opinion\" \/>\n<meta property=\"og:description\" content=\"F\u00f6r f\u00f6rsta g\u00e5ngen kommer personer med de allra st\u00f6rsta funktionsneds\u00e4ttningarna, varav en g\u00e4ller den intellektuella f\u00f6rm\u00e5gan, att dela med sig av kultur under en kulturfestival \u00f6ppen f\u00f6r alla. Festivalen inneb\u00e4r finalen p\u00e5 ett tre\u00e5rigt projekt med st\u00f6d av Allm\u00e4nna arvsfonden. Medverkar g\u00f6r\u00a0b\u00e5de professionella akt\u00f6rer som\u00a0Elisabeth Ohlson Wallin och Jesper Odelberg och m\u00e5nga amat\u00f6rer och eldsj\u00e4lar.\" \/>\n<meta property=\"og:url\" content=\"https:\/\/jag.se\/opinion\/pressreleases\/pressinbjudan-varldsunik-kulturfestival-final-for-projektet-kultur-for-alla\/\" \/>\n<meta property=\"og:site_name\" content=\"JAG Opinion\" \/>\n<meta property=\"og:image\" content=\"https:\/\/jag.se\/opinion\/wp-content\/uploads\/sites\/3\/2013\/06\/9ae8e14151f27ae5_org-11.jpg\" \/>\n\t<meta property=\"og:image:width\" content=\"490\" \/>\n\t<meta property=\"og:image:height\" content=\"667\" \/>\n\t<meta property=\"og:image:type\" content=\"image\/jpeg\" \/>\n<meta name=\"twitter:card\" content=\"summary_large_image\" \/>\n<meta name=\"twitter:label1\" content=\"Ber\u00e4knad l\u00e4stid\" \/>\n\t<meta name=\"twitter:data1\" content=\"2 minuter\" \/>\n<script type=\"application\/ld+json\" class=\"yoast-schema-graph\">{\"@context\":\"https:\/\/schema.org\",\"@graph\":[{\"@type\":\"WebPage\",\"@id\":\"https:\/\/jag.se\/opinion\/pressreleases\/pressinbjudan-varldsunik-kulturfestival-final-for-projektet-kultur-for-alla\/\",\"url\":\"https:\/\/jag.se\/opinion\/pressreleases\/pressinbjudan-varldsunik-kulturfestival-final-for-projektet-kultur-for-alla\/\",\"name\":\"Pressinbjudan: V\u00e4rldsunik kulturfestival \u2013 final f\u00f6r projektet Kultur f\u00f6r alla - JAG Opinion\",\"isPartOf\":{\"@id\":\"https:\/\/jag.se\/opinion\/#website\"},\"datePublished\":\"2013-06-14T05:57:26+00:00\",\"dateModified\":\"2013-06-14T05:57:26+00:00\",\"breadcrumb\":{\"@id\":\"https:\/\/jag.se\/opinion\/pressreleases\/pressinbjudan-varldsunik-kulturfestival-final-for-projektet-kultur-for-alla\/#breadcrumb\"},\"inLanguage\":\"sv-SE\",\"potentialAction\":[{\"@type\":\"ReadAction\",\"target\":[\"https:\/\/jag.se\/opinion\/pressreleases\/pressinbjudan-varldsunik-kulturfestival-final-for-projektet-kultur-for-alla\/\"]}]},{\"@type\":\"BreadcrumbList\",\"@id\":\"https:\/\/jag.se\/opinion\/pressreleases\/pressinbjudan-varldsunik-kulturfestival-final-for-projektet-kultur-for-alla\/#breadcrumb\",\"itemListElement\":[{\"@type\":\"ListItem\",\"position\":1,\"name\":\"JAG start\",\"item\":\"https:\/\/jag.se\"},{\"@type\":\"ListItem\",\"position\":2,\"name\":\"Riksf\u00f6reningen JAG\",\"item\":\"https:\/\/jag.se\/opinion\/\"},{\"@type\":\"ListItem\",\"position\":3,\"name\":\"Pressmeddelanden\",\"item\":\"https:\/\/jag.se\/opinion\/pressreleases\/\"},{\"@type\":\"ListItem\",\"position\":4,\"name\":\"Pressinbjudan: V\u00e4rldsunik kulturfestival \u2013 final f\u00f6r projektet Kultur f\u00f6r alla\"}]},{\"@type\":\"WebSite\",\"@id\":\"https:\/\/jag.se\/opinion\/#website\",\"url\":\"https:\/\/jag.se\/opinion\/\",\"name\":\"JAG Opinion\",\"description\":\"\",\"potentialAction\":[{\"@type\":\"SearchAction\",\"target\":{\"@type\":\"EntryPoint\",\"urlTemplate\":\"https:\/\/jag.se\/opinion\/?s={search_term_string}\"},\"query-input\":\"required name=search_term_string\"}],\"inLanguage\":\"sv-SE\"}]}<\/script>\n<!-- \/ Yoast SEO plugin. -->","yoast_head_json":{"title":"Pressinbjudan: V\u00e4rldsunik kulturfestival \u2013 final f\u00f6r projektet Kultur f\u00f6r alla - JAG Opinion","robots":{"index":"index","follow":"follow","max-snippet":"max-snippet:-1","max-image-preview":"max-image-preview:large","max-video-preview":"max-video-preview:-1"},"canonical":"https:\/\/jag.se\/opinion\/pressreleases\/pressinbjudan-varldsunik-kulturfestival-final-for-projektet-kultur-for-alla\/","og_locale":"sv_SE","og_type":"article","og_title":"Pressinbjudan: V\u00e4rldsunik kulturfestival \u2013 final f\u00f6r projektet Kultur f\u00f6r alla - JAG Opinion","og_description":"F\u00f6r f\u00f6rsta g\u00e5ngen kommer personer med de allra st\u00f6rsta funktionsneds\u00e4ttningarna, varav en g\u00e4ller den intellektuella f\u00f6rm\u00e5gan, att dela med sig av kultur under en kulturfestival \u00f6ppen f\u00f6r alla. Festivalen inneb\u00e4r finalen p\u00e5 ett tre\u00e5rigt projekt med st\u00f6d av Allm\u00e4nna arvsfonden. Medverkar g\u00f6r\u00a0b\u00e5de professionella akt\u00f6rer som\u00a0Elisabeth Ohlson Wallin och Jesper Odelberg och m\u00e5nga amat\u00f6rer och eldsj\u00e4lar.","og_url":"https:\/\/jag.se\/opinion\/pressreleases\/pressinbjudan-varldsunik-kulturfestival-final-for-projektet-kultur-for-alla\/","og_site_name":"JAG Opinion","og_image":[{"width":490,"height":667,"url":"https:\/\/jag.se\/opinion\/wp-content\/uploads\/sites\/3\/2013\/06\/9ae8e14151f27ae5_org-11.jpg","type":"image\/jpeg"}],"twitter_card":"summary_large_image","twitter_misc":{"Ber\u00e4knad l\u00e4stid":"2 minuter"},"schema":{"@context":"https:\/\/schema.org","@graph":[{"@type":"WebPage","@id":"https:\/\/jag.se\/opinion\/pressreleases\/pressinbjudan-varldsunik-kulturfestival-final-for-projektet-kultur-for-alla\/","url":"https:\/\/jag.se\/opinion\/pressreleases\/pressinbjudan-varldsunik-kulturfestival-final-for-projektet-kultur-for-alla\/","name":"Pressinbjudan: V\u00e4rldsunik kulturfestival \u2013 final f\u00f6r projektet Kultur f\u00f6r alla - JAG Opinion","isPartOf":{"@id":"https:\/\/jag.se\/opinion\/#website"},"datePublished":"2013-06-14T05:57:26+00:00","dateModified":"2013-06-14T05:57:26+00:00","breadcrumb":{"@id":"https:\/\/jag.se\/opinion\/pressreleases\/pressinbjudan-varldsunik-kulturfestival-final-for-projektet-kultur-for-alla\/#breadcrumb"},"inLanguage":"sv-SE","potentialAction":[{"@type":"ReadAction","target":["https:\/\/jag.se\/opinion\/pressreleases\/pressinbjudan-varldsunik-kulturfestival-final-for-projektet-kultur-for-alla\/"]}]},{"@type":"BreadcrumbList","@id":"https:\/\/jag.se\/opinion\/pressreleases\/pressinbjudan-varldsunik-kulturfestival-final-for-projektet-kultur-for-alla\/#breadcrumb","itemListElement":[{"@type":"ListItem","position":1,"name":"JAG start","item":"https:\/\/jag.se"},{"@type":"ListItem","position":2,"name":"Riksf\u00f6reningen JAG","item":"https:\/\/jag.se\/opinion\/"},{"@type":"ListItem","position":3,"name":"Pressmeddelanden","item":"https:\/\/jag.se\/opinion\/pressreleases\/"},{"@type":"ListItem","position":4,"name":"Pressinbjudan: V\u00e4rldsunik kulturfestival \u2013 final f\u00f6r projektet Kultur f\u00f6r alla"}]},{"@type":"WebSite","@id":"https:\/\/jag.se\/opinion\/#website","url":"https:\/\/jag.se\/opinion\/","name":"JAG Opinion","description":"","potentialAction":[{"@type":"SearchAction","target":{"@type":"EntryPoint","urlTemplate":"https:\/\/jag.se\/opinion\/?s={search_term_string}"},"query-input":"required name=search_term_string"}],"inLanguage":"sv-SE"}]}},"_links":{"self":[{"href":"https:\/\/jag.se\/opinion\/wp-json\/wp\/v2\/pressreleases\/28134","targetHints":{"allow":["GET"]}}],"collection":[{"href":"https:\/\/jag.se\/opinion\/wp-json\/wp\/v2\/pressreleases"}],"about":[{"href":"https:\/\/jag.se\/opinion\/wp-json\/wp\/v2\/types\/pressreleases"}],"wp:featuredmedia":[{"embeddable":true,"href":"https:\/\/jag.se\/opinion\/wp-json\/wp\/v2\/media\/28135"}],"wp:attachment":[{"href":"https:\/\/jag.se\/opinion\/wp-json\/wp\/v2\/media?parent=28134"}],"curies":[{"name":"wp","href":"https:\/\/api.w.org\/{rel}","templated":true}]}}