{"id":28136,"date":"2013-05-30T05:09:00","date_gmt":"2013-05-30T03:09:00","guid":{"rendered":"https:\/\/jag.se\/opinion\/pressreleases\/kulturfestival-for-alla\/"},"modified":"2013-05-30T05:09:00","modified_gmt":"2013-05-30T03:09:00","slug":"kulturfestival-for-alla","status":"publish","type":"pressreleases","link":"https:\/\/jag.se\/opinion\/pressreleases\/kulturfestival-for-alla\/","title":{"rendered":"Kulturfestival f\u00f6r alla"},"content":{"rendered":"<p>Under tv\u00e5 dagar kan du som bes\u00f6ker Kulturhuset se teaterf\u00f6rest\u00e4llningar som du inte sett f\u00f6rut, ta del av konst-, film- och fotoutst\u00e4llningar som ger nya insikter och vara med i dansimprovisationer och musikworkshopar med professionella, eldsj\u00e4lar och amat\u00f6rer. Festivalen avslutas med stort kulturparty p\u00e5 torsdag kv\u00e4ll.<\/p>\n<p>\u2013 Festivalbes\u00f6karna kommer att f\u00e5 helt nya upplevelser och m\u00f6jligheter att sj\u00e4lva vara kreativa och delaktiga under festivaldagarna, s\u00e4ger Mats Lindberg, projektledare p\u00e5 F\u00f6reningen JAG. Det g\u00e5r att vara med hela dagarna eller bara komma f\u00f6rbi en stund. Vi \u00e4r h\u00e4r f\u00f6r att bryta ner osynliga gr\u00e4nser och g\u00f6r det genom att blanda olika konstn\u00e4rliga uttryck och ta hj\u00e4lp av proffs, som till exempel fotografen Elisabeth Ohlsson Wallin och Veera Suvalo Grimberg, konstn\u00e4rlig ledare p\u00e5 danskompaniet Spinn. Det \u00e4r viktigt att v\u00e5ga experimentera med olika konstutryck.<\/p>\n<p>Huvudarrang\u00f6ren av festivalen, F\u00f6reningen JAG, \u00a0\u00e4r en\u00a0ideell f\u00f6rening f\u00f6r m\u00e4nniskor med flera stora funktionsneds\u00e4ttningar, varav en avser den intellektuella f\u00f6rm\u00e5gan. Festivalen riktar sig till alla och det \u00e4r fri entr\u00e9.<\/p>\n<p>Hela programmet f\u00f6r kulturfestivalen hittar du p\u00e5 www.jag.se\u00a0(http:\/\/www.jag.se)<br \/>\nFestivalflyer med hela programmet.\u00a0(http:\/\/www.jag.se\/sites\/default\/files\/Kulturfestivalflyer_1.pdf)<br \/>\nKulturhusets evenemangssida.\u00a0(http:\/\/kulturhuset.stockholm.se\/-\/Kalender\/2013\/Uthyrningar\/KULTUR-FOR-ALLA-STOCKHOLM\/)<br \/>\nPressbilder\u00a0(http:\/\/www.jag.se\/innehall\/pressbilder-till-kulturfestivalen-2013)<\/p>\n<p>F\u00f6r mer information om Kulturfestivalen\u00a0kontakta Mats Lindberg , F\u00f6reningen JAG p\u00e5 08-789 30 11.<\/p>\n<p>\u00a0<\/p>\n<p>\u00a0<\/p>\n","protected":false},"featured_media":28137,"template":"","class_list":["post-28136","pressreleases","type-pressreleases","status-publish","has-post-thumbnail","hentry"],"acf":[],"yoast_head":"<!-- This site is optimized with the Yoast SEO plugin v21.3 - https:\/\/yoast.com\/wordpress\/plugins\/seo\/ -->\n<title>Kulturfestival f\u00f6r alla - JAG Opinion<\/title>\n<meta name=\"robots\" content=\"index, follow, max-snippet:-1, max-image-preview:large, max-video-preview:-1\" \/>\n<link rel=\"canonical\" href=\"https:\/\/jag.se\/opinion\/pressreleases\/kulturfestival-for-alla\/\" \/>\n<meta property=\"og:locale\" content=\"sv_SE\" \/>\n<meta property=\"og:type\" content=\"article\" \/>\n<meta property=\"og:title\" content=\"Kulturfestival f\u00f6r alla - JAG Opinion\" \/>\n<meta property=\"og:description\" content=\"Under tv\u00e5 dagar kan du som bes\u00f6ker Kulturhuset se teaterf\u00f6rest\u00e4llningar som du inte sett f\u00f6rut, ta del av konst-, film- och fotoutst\u00e4llningar som ger nya insikter och vara med i dansimprovisationer och musikworkshopar med professionella, eldsj\u00e4lar och amat\u00f6rer. Festivalen avslutas med stort kulturparty p\u00e5 torsdag kv\u00e4ll. \u2013 Festivalbes\u00f6karna kommer att f\u00e5 helt nya upplevelser och\" \/>\n<meta property=\"og:url\" content=\"https:\/\/jag.se\/opinion\/pressreleases\/kulturfestival-for-alla\/\" \/>\n<meta property=\"og:site_name\" content=\"JAG Opinion\" \/>\n<meta property=\"og:image\" content=\"https:\/\/jag.se\/opinion\/wp-content\/uploads\/sites\/3\/2013\/05\/9a3c1e3776902240_org-12.jpg\" \/>\n\t<meta property=\"og:image:width\" content=\"768\" \/>\n\t<meta property=\"og:image:height\" content=\"768\" \/>\n\t<meta property=\"og:image:type\" content=\"image\/jpeg\" \/>\n<meta name=\"twitter:card\" content=\"summary_large_image\" \/>\n<meta name=\"twitter:label1\" content=\"Ber\u00e4knad l\u00e4stid\" \/>\n\t<meta name=\"twitter:data1\" content=\"1 minut\" \/>\n<script type=\"application\/ld+json\" class=\"yoast-schema-graph\">{\"@context\":\"https:\/\/schema.org\",\"@graph\":[{\"@type\":\"WebPage\",\"@id\":\"https:\/\/jag.se\/opinion\/pressreleases\/kulturfestival-for-alla\/\",\"url\":\"https:\/\/jag.se\/opinion\/pressreleases\/kulturfestival-for-alla\/\",\"name\":\"Kulturfestival f\u00f6r alla - JAG Opinion\",\"isPartOf\":{\"@id\":\"https:\/\/jag.se\/opinion\/#website\"},\"datePublished\":\"2013-05-30T03:09:00+00:00\",\"dateModified\":\"2013-05-30T03:09:00+00:00\",\"breadcrumb\":{\"@id\":\"https:\/\/jag.se\/opinion\/pressreleases\/kulturfestival-for-alla\/#breadcrumb\"},\"inLanguage\":\"sv-SE\",\"potentialAction\":[{\"@type\":\"ReadAction\",\"target\":[\"https:\/\/jag.se\/opinion\/pressreleases\/kulturfestival-for-alla\/\"]}]},{\"@type\":\"BreadcrumbList\",\"@id\":\"https:\/\/jag.se\/opinion\/pressreleases\/kulturfestival-for-alla\/#breadcrumb\",\"itemListElement\":[{\"@type\":\"ListItem\",\"position\":1,\"name\":\"JAG start\",\"item\":\"https:\/\/jag.se\"},{\"@type\":\"ListItem\",\"position\":2,\"name\":\"Riksf\u00f6reningen JAG\",\"item\":\"https:\/\/jag.se\/opinion\/\"},{\"@type\":\"ListItem\",\"position\":3,\"name\":\"Pressmeddelanden\",\"item\":\"https:\/\/jag.se\/opinion\/pressreleases\/\"},{\"@type\":\"ListItem\",\"position\":4,\"name\":\"Kulturfestival f\u00f6r alla\"}]},{\"@type\":\"WebSite\",\"@id\":\"https:\/\/jag.se\/opinion\/#website\",\"url\":\"https:\/\/jag.se\/opinion\/\",\"name\":\"JAG Opinion\",\"description\":\"\",\"potentialAction\":[{\"@type\":\"SearchAction\",\"target\":{\"@type\":\"EntryPoint\",\"urlTemplate\":\"https:\/\/jag.se\/opinion\/?s={search_term_string}\"},\"query-input\":\"required name=search_term_string\"}],\"inLanguage\":\"sv-SE\"}]}<\/script>\n<!-- \/ Yoast SEO plugin. -->","yoast_head_json":{"title":"Kulturfestival f\u00f6r alla - JAG Opinion","robots":{"index":"index","follow":"follow","max-snippet":"max-snippet:-1","max-image-preview":"max-image-preview:large","max-video-preview":"max-video-preview:-1"},"canonical":"https:\/\/jag.se\/opinion\/pressreleases\/kulturfestival-for-alla\/","og_locale":"sv_SE","og_type":"article","og_title":"Kulturfestival f\u00f6r alla - JAG Opinion","og_description":"Under tv\u00e5 dagar kan du som bes\u00f6ker Kulturhuset se teaterf\u00f6rest\u00e4llningar som du inte sett f\u00f6rut, ta del av konst-, film- och fotoutst\u00e4llningar som ger nya insikter och vara med i dansimprovisationer och musikworkshopar med professionella, eldsj\u00e4lar och amat\u00f6rer. Festivalen avslutas med stort kulturparty p\u00e5 torsdag kv\u00e4ll. \u2013 Festivalbes\u00f6karna kommer att f\u00e5 helt nya upplevelser och","og_url":"https:\/\/jag.se\/opinion\/pressreleases\/kulturfestival-for-alla\/","og_site_name":"JAG Opinion","og_image":[{"width":768,"height":768,"url":"https:\/\/jag.se\/opinion\/wp-content\/uploads\/sites\/3\/2013\/05\/9a3c1e3776902240_org-12.jpg","type":"image\/jpeg"}],"twitter_card":"summary_large_image","twitter_misc":{"Ber\u00e4knad l\u00e4stid":"1 minut"},"schema":{"@context":"https:\/\/schema.org","@graph":[{"@type":"WebPage","@id":"https:\/\/jag.se\/opinion\/pressreleases\/kulturfestival-for-alla\/","url":"https:\/\/jag.se\/opinion\/pressreleases\/kulturfestival-for-alla\/","name":"Kulturfestival f\u00f6r alla - JAG Opinion","isPartOf":{"@id":"https:\/\/jag.se\/opinion\/#website"},"datePublished":"2013-05-30T03:09:00+00:00","dateModified":"2013-05-30T03:09:00+00:00","breadcrumb":{"@id":"https:\/\/jag.se\/opinion\/pressreleases\/kulturfestival-for-alla\/#breadcrumb"},"inLanguage":"sv-SE","potentialAction":[{"@type":"ReadAction","target":["https:\/\/jag.se\/opinion\/pressreleases\/kulturfestival-for-alla\/"]}]},{"@type":"BreadcrumbList","@id":"https:\/\/jag.se\/opinion\/pressreleases\/kulturfestival-for-alla\/#breadcrumb","itemListElement":[{"@type":"ListItem","position":1,"name":"JAG start","item":"https:\/\/jag.se"},{"@type":"ListItem","position":2,"name":"Riksf\u00f6reningen JAG","item":"https:\/\/jag.se\/opinion\/"},{"@type":"ListItem","position":3,"name":"Pressmeddelanden","item":"https:\/\/jag.se\/opinion\/pressreleases\/"},{"@type":"ListItem","position":4,"name":"Kulturfestival f\u00f6r alla"}]},{"@type":"WebSite","@id":"https:\/\/jag.se\/opinion\/#website","url":"https:\/\/jag.se\/opinion\/","name":"JAG Opinion","description":"","potentialAction":[{"@type":"SearchAction","target":{"@type":"EntryPoint","urlTemplate":"https:\/\/jag.se\/opinion\/?s={search_term_string}"},"query-input":"required name=search_term_string"}],"inLanguage":"sv-SE"}]}},"_links":{"self":[{"href":"https:\/\/jag.se\/opinion\/wp-json\/wp\/v2\/pressreleases\/28136","targetHints":{"allow":["GET"]}}],"collection":[{"href":"https:\/\/jag.se\/opinion\/wp-json\/wp\/v2\/pressreleases"}],"about":[{"href":"https:\/\/jag.se\/opinion\/wp-json\/wp\/v2\/types\/pressreleases"}],"wp:featuredmedia":[{"embeddable":true,"href":"https:\/\/jag.se\/opinion\/wp-json\/wp\/v2\/media\/28137"}],"wp:attachment":[{"href":"https:\/\/jag.se\/opinion\/wp-json\/wp\/v2\/media?parent=28136"}],"curies":[{"name":"wp","href":"https:\/\/api.w.org\/{rel}","templated":true}]}}