{"id":28138,"date":"2013-05-08T08:06:47","date_gmt":"2013-05-08T06:06:47","guid":{"rendered":"https:\/\/jag.se\/opinion\/pressreleases\/funkisbyran-soker-modeller-i-goteborg\/"},"modified":"2013-05-08T08:06:47","modified_gmt":"2013-05-08T06:06:47","slug":"funkisbyran-soker-modeller-i-goteborg","status":"publish","type":"pressreleases","link":"https:\/\/jag.se\/opinion\/pressreleases\/funkisbyran-soker-modeller-i-goteborg\/","title":{"rendered":"Funkisbyr\u00e5n s\u00f6ker modeller i G\u00f6teborg"},"content":{"rendered":"<p>\u2013 Jesper Odelberg \u00e4r en av Funkisbyr\u00e5ns ambassad\u00f6rer och vi \u00e4r j\u00e4tteglada att han\u00a0kan vara med h\u00e4r i G\u00f6teborg, s\u00e4ger Ewa Bohlin p\u00e5 Funkisbyr\u00e5n. M\u00e5let med modellagenturen Funkisbyr\u00e5n \u00e4r att det ska vara sj\u00e4lvklart att inkludera m\u00e4nniskor med funktionsneds\u00e4ttningar i medier och reklam p\u00e5 samma s\u00e4tt som man efterstr\u00e4var j\u00e4mn k\u00f6nsf\u00f6rdelning och etnisk m\u00e5ngfald.<\/p>\n<p>Bakom Funkisbyr\u00e5n st\u00e5r F\u00f6reningen JAG som \u00e4r en ideell riksf\u00f6rening som aktivt arbetar med att p\u00e5verka och sprida information om m\u00e4nniskor med omfattande funktionsneds\u00e4ttningar. Funkisbyr\u00e5n \u00e4r ett led i arbetet f\u00f6r ett mer j\u00e4mlikt och r\u00e4ttvist samh\u00e4lle.<\/p>\n<p>\u2013 Alla m\u00e4nniskor \u00e4r dessutom lika viktiga konsumenter och ingen vill k\u00e4nna sig exkluderad, s\u00e4ger Ewa Bohlin p\u00e5 Funkisbyr\u00e5n.<\/p>\n<p>JAG har ocks\u00e5 ett assistanskooperativ som styrs av medlemmarna och drivs utan vinstintresse.<br \/>\nP\u00e5 plats under dagen finns r\u00e5dgivare fr\u00e5n JAGs G\u00f6teborgskontor om man vill st\u00e4lla fr\u00e5gor om personlig assistans.<\/p>\n<p>Program* i Nordstan den l\u00f6rdag den 18 maj<br \/>\n11.00 Grunden Band<br \/>\n12.00 Grunden Band<br \/>\n13.00 Dansimprovisation med danskompaniet SPINN f\u00f6rst\u00e4rkt med dansare fr\u00e5n JAG<br \/>\n13.30 Jesper Odelberg<br \/>\n14.30 Jesper Odelberg<br \/>\nUnder dagen finns m\u00f6jlighet att bli sminkad och fotograferad.\u00a0<\/p>\n<p>Du kommer ocks\u00e5 att kunna g\u00e5 med i Funkisbyr\u00e5n, t\u00e4vla och tr\u00e4ffa andra modeller i<br \/>\nFunkisbyr\u00e5n. Om du har fr\u00e5gor kring eventet \u00e4r du v\u00e4lkommen att h\u00f6ra av dig p\u00e5<br \/>\ntel. 031-350 13 00 eller\u00a0e-post funkisbyran@jag.se\u00a0(funkisbyran@jag.se)\u00a0eller till Ewa Bohlin, Funkisbyr\u00e5n p\u00e5 tel.\u00a008-789 30 12<\/p>\n<p>*Med reservationer f\u00f6r \u00e4ndringar<\/p>\n<p>Om Funkisbyr\u00e5n<br \/>\nModellagenturen Funkisbyr\u00e5n drivs av F\u00f6reningen JAG ett led i arbetet f\u00f6r ett mer j\u00e4mlikt \u00a0och r\u00e4ttvist samh\u00e4lle.<\/p>\n<p>\u00a0<\/p>\n<p>\u00a0<\/p>\n<p>\u00a0<\/p>\n<p>\u00a0<\/p>\n","protected":false},"featured_media":28139,"template":"","class_list":["post-28138","pressreleases","type-pressreleases","status-publish","has-post-thumbnail","hentry"],"acf":[],"yoast_head":"<!-- This site is optimized with the Yoast SEO plugin v21.3 - https:\/\/yoast.com\/wordpress\/plugins\/seo\/ -->\n<title>Funkisbyr\u00e5n s\u00f6ker modeller i G\u00f6teborg - JAG Opinion<\/title>\n<meta name=\"robots\" content=\"index, follow, max-snippet:-1, max-image-preview:large, max-video-preview:-1\" \/>\n<link rel=\"canonical\" href=\"https:\/\/jag.se\/opinion\/pressreleases\/funkisbyran-soker-modeller-i-goteborg\/\" \/>\n<meta property=\"og:locale\" content=\"sv_SE\" \/>\n<meta property=\"og:type\" content=\"article\" \/>\n<meta property=\"og:title\" content=\"Funkisbyr\u00e5n s\u00f6ker modeller i G\u00f6teborg - JAG Opinion\" \/>\n<meta property=\"og:description\" content=\"\u2013 Jesper Odelberg \u00e4r en av Funkisbyr\u00e5ns ambassad\u00f6rer och vi \u00e4r j\u00e4tteglada att han\u00a0kan vara med h\u00e4r i G\u00f6teborg, s\u00e4ger Ewa Bohlin p\u00e5 Funkisbyr\u00e5n. M\u00e5let med modellagenturen Funkisbyr\u00e5n \u00e4r att det ska vara sj\u00e4lvklart att inkludera m\u00e4nniskor med funktionsneds\u00e4ttningar i medier och reklam p\u00e5 samma s\u00e4tt som man efterstr\u00e4var j\u00e4mn k\u00f6nsf\u00f6rdelning och etnisk m\u00e5ngfald. Bakom\" \/>\n<meta property=\"og:url\" content=\"https:\/\/jag.se\/opinion\/pressreleases\/funkisbyran-soker-modeller-i-goteborg\/\" \/>\n<meta property=\"og:site_name\" content=\"JAG Opinion\" \/>\n<meta property=\"og:image\" content=\"https:\/\/jag.se\/opinion\/wp-content\/uploads\/sites\/3\/2013\/05\/96f246d6ed8ed8de_org-11.jpg\" \/>\n\t<meta property=\"og:image:width\" content=\"700\" \/>\n\t<meta property=\"og:image:height\" content=\"264\" \/>\n\t<meta property=\"og:image:type\" content=\"image\/jpeg\" \/>\n<meta name=\"twitter:card\" content=\"summary_large_image\" \/>\n<meta name=\"twitter:label1\" content=\"Ber\u00e4knad l\u00e4stid\" \/>\n\t<meta name=\"twitter:data1\" content=\"2 minuter\" \/>\n<script type=\"application\/ld+json\" class=\"yoast-schema-graph\">{\"@context\":\"https:\/\/schema.org\",\"@graph\":[{\"@type\":\"WebPage\",\"@id\":\"https:\/\/jag.se\/opinion\/pressreleases\/funkisbyran-soker-modeller-i-goteborg\/\",\"url\":\"https:\/\/jag.se\/opinion\/pressreleases\/funkisbyran-soker-modeller-i-goteborg\/\",\"name\":\"Funkisbyr\u00e5n s\u00f6ker modeller i G\u00f6teborg - JAG Opinion\",\"isPartOf\":{\"@id\":\"https:\/\/jag.se\/opinion\/#website\"},\"datePublished\":\"2013-05-08T06:06:47+00:00\",\"dateModified\":\"2013-05-08T06:06:47+00:00\",\"breadcrumb\":{\"@id\":\"https:\/\/jag.se\/opinion\/pressreleases\/funkisbyran-soker-modeller-i-goteborg\/#breadcrumb\"},\"inLanguage\":\"sv-SE\",\"potentialAction\":[{\"@type\":\"ReadAction\",\"target\":[\"https:\/\/jag.se\/opinion\/pressreleases\/funkisbyran-soker-modeller-i-goteborg\/\"]}]},{\"@type\":\"BreadcrumbList\",\"@id\":\"https:\/\/jag.se\/opinion\/pressreleases\/funkisbyran-soker-modeller-i-goteborg\/#breadcrumb\",\"itemListElement\":[{\"@type\":\"ListItem\",\"position\":1,\"name\":\"JAG start\",\"item\":\"https:\/\/jag.se\"},{\"@type\":\"ListItem\",\"position\":2,\"name\":\"Riksf\u00f6reningen JAG\",\"item\":\"https:\/\/jag.se\/opinion\/\"},{\"@type\":\"ListItem\",\"position\":3,\"name\":\"Pressmeddelanden\",\"item\":\"https:\/\/jag.se\/opinion\/pressreleases\/\"},{\"@type\":\"ListItem\",\"position\":4,\"name\":\"Funkisbyr\u00e5n s\u00f6ker modeller i G\u00f6teborg\"}]},{\"@type\":\"WebSite\",\"@id\":\"https:\/\/jag.se\/opinion\/#website\",\"url\":\"https:\/\/jag.se\/opinion\/\",\"name\":\"JAG Opinion\",\"description\":\"\",\"potentialAction\":[{\"@type\":\"SearchAction\",\"target\":{\"@type\":\"EntryPoint\",\"urlTemplate\":\"https:\/\/jag.se\/opinion\/?s={search_term_string}\"},\"query-input\":\"required name=search_term_string\"}],\"inLanguage\":\"sv-SE\"}]}<\/script>\n<!-- \/ Yoast SEO plugin. -->","yoast_head_json":{"title":"Funkisbyr\u00e5n s\u00f6ker modeller i G\u00f6teborg - JAG Opinion","robots":{"index":"index","follow":"follow","max-snippet":"max-snippet:-1","max-image-preview":"max-image-preview:large","max-video-preview":"max-video-preview:-1"},"canonical":"https:\/\/jag.se\/opinion\/pressreleases\/funkisbyran-soker-modeller-i-goteborg\/","og_locale":"sv_SE","og_type":"article","og_title":"Funkisbyr\u00e5n s\u00f6ker modeller i G\u00f6teborg - JAG Opinion","og_description":"\u2013 Jesper Odelberg \u00e4r en av Funkisbyr\u00e5ns ambassad\u00f6rer och vi \u00e4r j\u00e4tteglada att han\u00a0kan vara med h\u00e4r i G\u00f6teborg, s\u00e4ger Ewa Bohlin p\u00e5 Funkisbyr\u00e5n. M\u00e5let med modellagenturen Funkisbyr\u00e5n \u00e4r att det ska vara sj\u00e4lvklart att inkludera m\u00e4nniskor med funktionsneds\u00e4ttningar i medier och reklam p\u00e5 samma s\u00e4tt som man efterstr\u00e4var j\u00e4mn k\u00f6nsf\u00f6rdelning och etnisk m\u00e5ngfald. Bakom","og_url":"https:\/\/jag.se\/opinion\/pressreleases\/funkisbyran-soker-modeller-i-goteborg\/","og_site_name":"JAG Opinion","og_image":[{"width":700,"height":264,"url":"https:\/\/jag.se\/opinion\/wp-content\/uploads\/sites\/3\/2013\/05\/96f246d6ed8ed8de_org-11.jpg","type":"image\/jpeg"}],"twitter_card":"summary_large_image","twitter_misc":{"Ber\u00e4knad l\u00e4stid":"2 minuter"},"schema":{"@context":"https:\/\/schema.org","@graph":[{"@type":"WebPage","@id":"https:\/\/jag.se\/opinion\/pressreleases\/funkisbyran-soker-modeller-i-goteborg\/","url":"https:\/\/jag.se\/opinion\/pressreleases\/funkisbyran-soker-modeller-i-goteborg\/","name":"Funkisbyr\u00e5n s\u00f6ker modeller i G\u00f6teborg - JAG Opinion","isPartOf":{"@id":"https:\/\/jag.se\/opinion\/#website"},"datePublished":"2013-05-08T06:06:47+00:00","dateModified":"2013-05-08T06:06:47+00:00","breadcrumb":{"@id":"https:\/\/jag.se\/opinion\/pressreleases\/funkisbyran-soker-modeller-i-goteborg\/#breadcrumb"},"inLanguage":"sv-SE","potentialAction":[{"@type":"ReadAction","target":["https:\/\/jag.se\/opinion\/pressreleases\/funkisbyran-soker-modeller-i-goteborg\/"]}]},{"@type":"BreadcrumbList","@id":"https:\/\/jag.se\/opinion\/pressreleases\/funkisbyran-soker-modeller-i-goteborg\/#breadcrumb","itemListElement":[{"@type":"ListItem","position":1,"name":"JAG start","item":"https:\/\/jag.se"},{"@type":"ListItem","position":2,"name":"Riksf\u00f6reningen JAG","item":"https:\/\/jag.se\/opinion\/"},{"@type":"ListItem","position":3,"name":"Pressmeddelanden","item":"https:\/\/jag.se\/opinion\/pressreleases\/"},{"@type":"ListItem","position":4,"name":"Funkisbyr\u00e5n s\u00f6ker modeller i G\u00f6teborg"}]},{"@type":"WebSite","@id":"https:\/\/jag.se\/opinion\/#website","url":"https:\/\/jag.se\/opinion\/","name":"JAG Opinion","description":"","potentialAction":[{"@type":"SearchAction","target":{"@type":"EntryPoint","urlTemplate":"https:\/\/jag.se\/opinion\/?s={search_term_string}"},"query-input":"required name=search_term_string"}],"inLanguage":"sv-SE"}]}},"_links":{"self":[{"href":"https:\/\/jag.se\/opinion\/wp-json\/wp\/v2\/pressreleases\/28138","targetHints":{"allow":["GET"]}}],"collection":[{"href":"https:\/\/jag.se\/opinion\/wp-json\/wp\/v2\/pressreleases"}],"about":[{"href":"https:\/\/jag.se\/opinion\/wp-json\/wp\/v2\/types\/pressreleases"}],"wp:featuredmedia":[{"embeddable":true,"href":"https:\/\/jag.se\/opinion\/wp-json\/wp\/v2\/media\/28139"}],"wp:attachment":[{"href":"https:\/\/jag.se\/opinion\/wp-json\/wp\/v2\/media?parent=28138"}],"curies":[{"name":"wp","href":"https:\/\/api.w.org\/{rel}","templated":true}]}}