{"id":28140,"date":"2013-04-25T07:04:48","date_gmt":"2013-04-25T05:04:48","guid":{"rendered":"https:\/\/jag.se\/opinion\/pressreleases\/just-nu-byggs-en-fantastisk-skulptur-av-barn-pa-kulturhuset-i-stockholm\/"},"modified":"2013-04-25T07:04:48","modified_gmt":"2013-04-25T05:04:48","slug":"just-nu-byggs-en-fantastisk-skulptur-av-barn-pa-kulturhuset-i-stockholm","status":"publish","type":"pressreleases","link":"https:\/\/jag.se\/opinion\/pressreleases\/just-nu-byggs-en-fantastisk-skulptur-av-barn-pa-kulturhuset-i-stockholm\/","title":{"rendered":"Just nu byggs en fantastisk skulptur av barn p\u00e5 Kulturhuset i Stockholm"},"content":{"rendered":"<p>Tillsammans med pedagoger fr\u00e5n Kulturhuset och konstn\u00e4rerna\u00a0Mats Lindberg, Erik Hedman och Johanna Udd\u00e9n\u00a0bygger barn en skulptur fr\u00e5n golv till tak. Mats Lindberg \u00e4r ocks\u00e5 projektledare f\u00f6r F\u00f6reningen JAGs arvsfondsprojekt Kultur f\u00f6r alla \u2013 i hela landet.<\/p>\n<p>Det finns massor med olika material att v\u00e4lja p\u00e5! Temat \u00e4r barocken.<\/p>\n<p>Projektet p\u00e5g\u00e5r fram till 12 maj och \u00e4r \u00f6ppen f\u00f6r alla barn vardagar 13.00\u201317.00 och helger 11.00\u201317.00. P\u00e5 f\u00f6rmiddagarna 9.00\u201311.00 och 11.00\u201313.00 riktar sig projektet till skolbarn med funktionsneds\u00e4ttningar.<\/p>\n<p>Skaparprojektet\u00a0\u00e4r en del av F\u00f6reningen JAGs arvsfondsprojekt Kultur f\u00f6r alla i hela landet. Projektet har som m\u00e5l att m\u00e4nniskor med omfattande funktionsneds\u00e4ttningar kan vara sina egna kulturproducenter och aktiva deltagare i kultur- och samh\u00e4llsliv. P\u00e5 olika platser i landet samarbetar Kultur f\u00f6r alla med professionella kulturarbetare och kulturgrupper. I sommar kommer \u00e4ven en kulturfestival att h\u00e5llas i Kulturhuset i Stockholm.<\/p>\n<p>Kontaktperson \u00e4r Mats Lindberg, p\u00e5 tel 08-789 30 11 eller p\u00e5 e-post\u00a0mats.lindberg@jag.se\u00a0(mats.lindberg@jag.se).<\/p>\n","protected":false},"featured_media":28141,"template":"","class_list":["post-28140","pressreleases","type-pressreleases","status-publish","has-post-thumbnail","hentry"],"acf":[],"yoast_head":"<!-- This site is optimized with the Yoast SEO plugin v21.3 - https:\/\/yoast.com\/wordpress\/plugins\/seo\/ -->\n<title>Just nu byggs en fantastisk skulptur av barn p\u00e5 Kulturhuset i Stockholm - JAG Opinion<\/title>\n<meta name=\"robots\" content=\"index, follow, max-snippet:-1, max-image-preview:large, max-video-preview:-1\" \/>\n<link rel=\"canonical\" href=\"https:\/\/jag.se\/opinion\/pressreleases\/just-nu-byggs-en-fantastisk-skulptur-av-barn-pa-kulturhuset-i-stockholm\/\" \/>\n<meta property=\"og:locale\" content=\"sv_SE\" \/>\n<meta property=\"og:type\" content=\"article\" \/>\n<meta property=\"og:title\" content=\"Just nu byggs en fantastisk skulptur av barn p\u00e5 Kulturhuset i Stockholm - JAG Opinion\" \/>\n<meta property=\"og:description\" content=\"Tillsammans med pedagoger fr\u00e5n Kulturhuset och konstn\u00e4rerna\u00a0Mats Lindberg, Erik Hedman och Johanna Udd\u00e9n\u00a0bygger barn en skulptur fr\u00e5n golv till tak. Mats Lindberg \u00e4r ocks\u00e5 projektledare f\u00f6r F\u00f6reningen JAGs arvsfondsprojekt Kultur f\u00f6r alla \u2013 i hela landet. Det finns massor med olika material att v\u00e4lja p\u00e5! Temat \u00e4r barocken. Projektet p\u00e5g\u00e5r fram till 12 maj och\" \/>\n<meta property=\"og:url\" content=\"https:\/\/jag.se\/opinion\/pressreleases\/just-nu-byggs-en-fantastisk-skulptur-av-barn-pa-kulturhuset-i-stockholm\/\" \/>\n<meta property=\"og:site_name\" content=\"JAG Opinion\" \/>\n<meta property=\"og:image\" content=\"https:\/\/jag.se\/opinion\/wp-content\/uploads\/sites\/3\/2013\/04\/a77e99b554fd72dc_org-12-scaled.jpg\" \/>\n\t<meta property=\"og:image:width\" content=\"2560\" \/>\n\t<meta property=\"og:image:height\" content=\"1920\" \/>\n\t<meta property=\"og:image:type\" content=\"image\/jpeg\" \/>\n<meta name=\"twitter:card\" content=\"summary_large_image\" \/>\n<meta name=\"twitter:label1\" content=\"Ber\u00e4knad l\u00e4stid\" \/>\n\t<meta name=\"twitter:data1\" content=\"1 minut\" \/>\n<script type=\"application\/ld+json\" class=\"yoast-schema-graph\">{\"@context\":\"https:\/\/schema.org\",\"@graph\":[{\"@type\":\"WebPage\",\"@id\":\"https:\/\/jag.se\/opinion\/pressreleases\/just-nu-byggs-en-fantastisk-skulptur-av-barn-pa-kulturhuset-i-stockholm\/\",\"url\":\"https:\/\/jag.se\/opinion\/pressreleases\/just-nu-byggs-en-fantastisk-skulptur-av-barn-pa-kulturhuset-i-stockholm\/\",\"name\":\"Just nu byggs en fantastisk skulptur av barn p\u00e5 Kulturhuset i Stockholm - JAG Opinion\",\"isPartOf\":{\"@id\":\"https:\/\/jag.se\/opinion\/#website\"},\"datePublished\":\"2013-04-25T05:04:48+00:00\",\"dateModified\":\"2013-04-25T05:04:48+00:00\",\"breadcrumb\":{\"@id\":\"https:\/\/jag.se\/opinion\/pressreleases\/just-nu-byggs-en-fantastisk-skulptur-av-barn-pa-kulturhuset-i-stockholm\/#breadcrumb\"},\"inLanguage\":\"sv-SE\",\"potentialAction\":[{\"@type\":\"ReadAction\",\"target\":[\"https:\/\/jag.se\/opinion\/pressreleases\/just-nu-byggs-en-fantastisk-skulptur-av-barn-pa-kulturhuset-i-stockholm\/\"]}]},{\"@type\":\"BreadcrumbList\",\"@id\":\"https:\/\/jag.se\/opinion\/pressreleases\/just-nu-byggs-en-fantastisk-skulptur-av-barn-pa-kulturhuset-i-stockholm\/#breadcrumb\",\"itemListElement\":[{\"@type\":\"ListItem\",\"position\":1,\"name\":\"JAG start\",\"item\":\"https:\/\/jag.se\"},{\"@type\":\"ListItem\",\"position\":2,\"name\":\"Riksf\u00f6reningen JAG\",\"item\":\"https:\/\/jag.se\/opinion\/\"},{\"@type\":\"ListItem\",\"position\":3,\"name\":\"Pressmeddelanden\",\"item\":\"https:\/\/jag.se\/opinion\/pressreleases\/\"},{\"@type\":\"ListItem\",\"position\":4,\"name\":\"Just nu byggs en fantastisk skulptur av barn p\u00e5 Kulturhuset i Stockholm\"}]},{\"@type\":\"WebSite\",\"@id\":\"https:\/\/jag.se\/opinion\/#website\",\"url\":\"https:\/\/jag.se\/opinion\/\",\"name\":\"JAG Opinion\",\"description\":\"\",\"potentialAction\":[{\"@type\":\"SearchAction\",\"target\":{\"@type\":\"EntryPoint\",\"urlTemplate\":\"https:\/\/jag.se\/opinion\/?s={search_term_string}\"},\"query-input\":\"required name=search_term_string\"}],\"inLanguage\":\"sv-SE\"}]}<\/script>\n<!-- \/ Yoast SEO plugin. -->","yoast_head_json":{"title":"Just nu byggs en fantastisk skulptur av barn p\u00e5 Kulturhuset i Stockholm - JAG Opinion","robots":{"index":"index","follow":"follow","max-snippet":"max-snippet:-1","max-image-preview":"max-image-preview:large","max-video-preview":"max-video-preview:-1"},"canonical":"https:\/\/jag.se\/opinion\/pressreleases\/just-nu-byggs-en-fantastisk-skulptur-av-barn-pa-kulturhuset-i-stockholm\/","og_locale":"sv_SE","og_type":"article","og_title":"Just nu byggs en fantastisk skulptur av barn p\u00e5 Kulturhuset i Stockholm - JAG Opinion","og_description":"Tillsammans med pedagoger fr\u00e5n Kulturhuset och konstn\u00e4rerna\u00a0Mats Lindberg, Erik Hedman och Johanna Udd\u00e9n\u00a0bygger barn en skulptur fr\u00e5n golv till tak. Mats Lindberg \u00e4r ocks\u00e5 projektledare f\u00f6r F\u00f6reningen JAGs arvsfondsprojekt Kultur f\u00f6r alla \u2013 i hela landet. Det finns massor med olika material att v\u00e4lja p\u00e5! Temat \u00e4r barocken. Projektet p\u00e5g\u00e5r fram till 12 maj och","og_url":"https:\/\/jag.se\/opinion\/pressreleases\/just-nu-byggs-en-fantastisk-skulptur-av-barn-pa-kulturhuset-i-stockholm\/","og_site_name":"JAG Opinion","og_image":[{"width":2560,"height":1920,"url":"https:\/\/jag.se\/opinion\/wp-content\/uploads\/sites\/3\/2013\/04\/a77e99b554fd72dc_org-12-scaled.jpg","type":"image\/jpeg"}],"twitter_card":"summary_large_image","twitter_misc":{"Ber\u00e4knad l\u00e4stid":"1 minut"},"schema":{"@context":"https:\/\/schema.org","@graph":[{"@type":"WebPage","@id":"https:\/\/jag.se\/opinion\/pressreleases\/just-nu-byggs-en-fantastisk-skulptur-av-barn-pa-kulturhuset-i-stockholm\/","url":"https:\/\/jag.se\/opinion\/pressreleases\/just-nu-byggs-en-fantastisk-skulptur-av-barn-pa-kulturhuset-i-stockholm\/","name":"Just nu byggs en fantastisk skulptur av barn p\u00e5 Kulturhuset i Stockholm - JAG Opinion","isPartOf":{"@id":"https:\/\/jag.se\/opinion\/#website"},"datePublished":"2013-04-25T05:04:48+00:00","dateModified":"2013-04-25T05:04:48+00:00","breadcrumb":{"@id":"https:\/\/jag.se\/opinion\/pressreleases\/just-nu-byggs-en-fantastisk-skulptur-av-barn-pa-kulturhuset-i-stockholm\/#breadcrumb"},"inLanguage":"sv-SE","potentialAction":[{"@type":"ReadAction","target":["https:\/\/jag.se\/opinion\/pressreleases\/just-nu-byggs-en-fantastisk-skulptur-av-barn-pa-kulturhuset-i-stockholm\/"]}]},{"@type":"BreadcrumbList","@id":"https:\/\/jag.se\/opinion\/pressreleases\/just-nu-byggs-en-fantastisk-skulptur-av-barn-pa-kulturhuset-i-stockholm\/#breadcrumb","itemListElement":[{"@type":"ListItem","position":1,"name":"JAG start","item":"https:\/\/jag.se"},{"@type":"ListItem","position":2,"name":"Riksf\u00f6reningen JAG","item":"https:\/\/jag.se\/opinion\/"},{"@type":"ListItem","position":3,"name":"Pressmeddelanden","item":"https:\/\/jag.se\/opinion\/pressreleases\/"},{"@type":"ListItem","position":4,"name":"Just nu byggs en fantastisk skulptur av barn p\u00e5 Kulturhuset i Stockholm"}]},{"@type":"WebSite","@id":"https:\/\/jag.se\/opinion\/#website","url":"https:\/\/jag.se\/opinion\/","name":"JAG Opinion","description":"","potentialAction":[{"@type":"SearchAction","target":{"@type":"EntryPoint","urlTemplate":"https:\/\/jag.se\/opinion\/?s={search_term_string}"},"query-input":"required name=search_term_string"}],"inLanguage":"sv-SE"}]}},"_links":{"self":[{"href":"https:\/\/jag.se\/opinion\/wp-json\/wp\/v2\/pressreleases\/28140","targetHints":{"allow":["GET"]}}],"collection":[{"href":"https:\/\/jag.se\/opinion\/wp-json\/wp\/v2\/pressreleases"}],"about":[{"href":"https:\/\/jag.se\/opinion\/wp-json\/wp\/v2\/types\/pressreleases"}],"wp:featuredmedia":[{"embeddable":true,"href":"https:\/\/jag.se\/opinion\/wp-json\/wp\/v2\/media\/28141"}],"wp:attachment":[{"href":"https:\/\/jag.se\/opinion\/wp-json\/wp\/v2\/media?parent=28140"}],"curies":[{"name":"wp","href":"https:\/\/api.w.org\/{rel}","templated":true}]}}