{"id":28142,"date":"2013-03-19T09:09:40","date_gmt":"2013-03-19T08:09:40","guid":{"rendered":"https:\/\/jag.se\/opinion\/pressreleases\/vet-du-vem-jag-ar-2\/"},"modified":"2013-03-19T09:09:40","modified_gmt":"2013-03-19T08:09:40","slug":"vet-du-vem-jag-ar-2","status":"publish","type":"pressreleases","link":"https:\/\/jag.se\/opinion\/pressreleases\/vet-du-vem-jag-ar-2\/","title":{"rendered":"Vet du vem jag \u00e4r?"},"content":{"rendered":"<p>Tillsammans med sina personliga assistenter och arbetsledare p\u00e5 den dagliga verksamheten har man\u00a0skapat musik och dans f\u00f6r denna sp\u00e4nnande och unika f\u00f6rest\u00e4llning.<\/p>\n<p>F\u00f6rest\u00e4llningen gl\u00e4ntar p\u00e5 d\u00f6rren till n\u00e5gra m\u00e4nniskors liv. Med dans och musik gestaltas det unika, men ocks\u00e5 det allm\u00e4nm\u00e4nskliga. Vem best\u00e4mmer vem jag \u00e4r, vad jag tycker och vill med mitt liv? Blir jag r\u00e4tt tolkad i mitt liv, f\u00f6rst\u00e5r min omv\u00e4rld mig? Kan \u201cexperter\u201d s\u00e4ga hur jag ska leva mitt liv?<\/p>\n<p>F\u00f6rest\u00e4llningen spelas: onsdag den 10\/4 kl 18.30\u00a0 torsdag den 11\/4 kl 13.30<br \/>\nF\u00f6rest\u00e4llningens l\u00e4ngd: ca 60 min<br \/>\nPlats: Bl\u00e5 Huset i Tensta, Tenstaplan 6<br \/>\nFri entr\u00e9\u00a0<br \/>\nF\u00f6r mer information och biljettbokning:\u00a0Cilla Colt\u00a008-789 30\u00a061 eller epost: cilla.colt@jag.se\u00a0(cilla.colt@jag.se)<\/p>\n<p>V\u00e4lkommen!<\/p>\n<p>F\u00f6rest\u00e4llningen ing\u00e5r i F\u00f6reningen JAGs arvsfondsprojekt\u00a0Kultur f\u00f6r alla i hela landet.<\/p>\n","protected":false},"featured_media":28143,"template":"","class_list":["post-28142","pressreleases","type-pressreleases","status-publish","has-post-thumbnail","hentry"],"acf":[],"yoast_head":"<!-- This site is optimized with the Yoast SEO plugin v21.3 - https:\/\/yoast.com\/wordpress\/plugins\/seo\/ -->\n<title>Vet du vem jag \u00e4r? - JAG Opinion<\/title>\n<meta name=\"robots\" content=\"index, follow, max-snippet:-1, max-image-preview:large, max-video-preview:-1\" \/>\n<link rel=\"canonical\" href=\"https:\/\/jag.se\/opinion\/pressreleases\/vet-du-vem-jag-ar-2\/\" \/>\n<meta property=\"og:locale\" content=\"sv_SE\" \/>\n<meta property=\"og:type\" content=\"article\" \/>\n<meta property=\"og:title\" content=\"Vet du vem jag \u00e4r? - JAG Opinion\" \/>\n<meta property=\"og:description\" content=\"Tillsammans med sina personliga assistenter och arbetsledare p\u00e5 den dagliga verksamheten har man\u00a0skapat musik och dans f\u00f6r denna sp\u00e4nnande och unika f\u00f6rest\u00e4llning. F\u00f6rest\u00e4llningen gl\u00e4ntar p\u00e5 d\u00f6rren till n\u00e5gra m\u00e4nniskors liv. Med dans och musik gestaltas det unika, men ocks\u00e5 det allm\u00e4nm\u00e4nskliga. Vem best\u00e4mmer vem jag \u00e4r, vad jag tycker och vill med mitt liv? Blir\" \/>\n<meta property=\"og:url\" content=\"https:\/\/jag.se\/opinion\/pressreleases\/vet-du-vem-jag-ar-2\/\" \/>\n<meta property=\"og:site_name\" content=\"JAG Opinion\" \/>\n<meta property=\"og:image\" content=\"https:\/\/jag.se\/opinion\/wp-content\/uploads\/sites\/3\/2013\/03\/95252870ce93e7f4_org-11.jpg\" \/>\n\t<meta property=\"og:image:width\" content=\"716\" \/>\n\t<meta property=\"og:image:height\" content=\"422\" \/>\n\t<meta property=\"og:image:type\" content=\"image\/jpeg\" \/>\n<meta name=\"twitter:card\" content=\"summary_large_image\" \/>\n<meta name=\"twitter:label1\" content=\"Ber\u00e4knad l\u00e4stid\" \/>\n\t<meta name=\"twitter:data1\" content=\"1 minut\" \/>\n<script type=\"application\/ld+json\" class=\"yoast-schema-graph\">{\"@context\":\"https:\/\/schema.org\",\"@graph\":[{\"@type\":\"WebPage\",\"@id\":\"https:\/\/jag.se\/opinion\/pressreleases\/vet-du-vem-jag-ar-2\/\",\"url\":\"https:\/\/jag.se\/opinion\/pressreleases\/vet-du-vem-jag-ar-2\/\",\"name\":\"Vet du vem jag \u00e4r? - JAG Opinion\",\"isPartOf\":{\"@id\":\"https:\/\/jag.se\/opinion\/#website\"},\"datePublished\":\"2013-03-19T08:09:40+00:00\",\"dateModified\":\"2013-03-19T08:09:40+00:00\",\"breadcrumb\":{\"@id\":\"https:\/\/jag.se\/opinion\/pressreleases\/vet-du-vem-jag-ar-2\/#breadcrumb\"},\"inLanguage\":\"sv-SE\",\"potentialAction\":[{\"@type\":\"ReadAction\",\"target\":[\"https:\/\/jag.se\/opinion\/pressreleases\/vet-du-vem-jag-ar-2\/\"]}]},{\"@type\":\"BreadcrumbList\",\"@id\":\"https:\/\/jag.se\/opinion\/pressreleases\/vet-du-vem-jag-ar-2\/#breadcrumb\",\"itemListElement\":[{\"@type\":\"ListItem\",\"position\":1,\"name\":\"JAG start\",\"item\":\"https:\/\/jag.se\"},{\"@type\":\"ListItem\",\"position\":2,\"name\":\"Riksf\u00f6reningen JAG\",\"item\":\"https:\/\/jag.se\/opinion\/\"},{\"@type\":\"ListItem\",\"position\":3,\"name\":\"Pressmeddelanden\",\"item\":\"https:\/\/jag.se\/opinion\/pressreleases\/\"},{\"@type\":\"ListItem\",\"position\":4,\"name\":\"Vet du vem jag \u00e4r?\"}]},{\"@type\":\"WebSite\",\"@id\":\"https:\/\/jag.se\/opinion\/#website\",\"url\":\"https:\/\/jag.se\/opinion\/\",\"name\":\"JAG Opinion\",\"description\":\"\",\"potentialAction\":[{\"@type\":\"SearchAction\",\"target\":{\"@type\":\"EntryPoint\",\"urlTemplate\":\"https:\/\/jag.se\/opinion\/?s={search_term_string}\"},\"query-input\":\"required name=search_term_string\"}],\"inLanguage\":\"sv-SE\"}]}<\/script>\n<!-- \/ Yoast SEO plugin. -->","yoast_head_json":{"title":"Vet du vem jag \u00e4r? - JAG Opinion","robots":{"index":"index","follow":"follow","max-snippet":"max-snippet:-1","max-image-preview":"max-image-preview:large","max-video-preview":"max-video-preview:-1"},"canonical":"https:\/\/jag.se\/opinion\/pressreleases\/vet-du-vem-jag-ar-2\/","og_locale":"sv_SE","og_type":"article","og_title":"Vet du vem jag \u00e4r? - JAG Opinion","og_description":"Tillsammans med sina personliga assistenter och arbetsledare p\u00e5 den dagliga verksamheten har man\u00a0skapat musik och dans f\u00f6r denna sp\u00e4nnande och unika f\u00f6rest\u00e4llning. F\u00f6rest\u00e4llningen gl\u00e4ntar p\u00e5 d\u00f6rren till n\u00e5gra m\u00e4nniskors liv. Med dans och musik gestaltas det unika, men ocks\u00e5 det allm\u00e4nm\u00e4nskliga. Vem best\u00e4mmer vem jag \u00e4r, vad jag tycker och vill med mitt liv? Blir","og_url":"https:\/\/jag.se\/opinion\/pressreleases\/vet-du-vem-jag-ar-2\/","og_site_name":"JAG Opinion","og_image":[{"width":716,"height":422,"url":"https:\/\/jag.se\/opinion\/wp-content\/uploads\/sites\/3\/2013\/03\/95252870ce93e7f4_org-11.jpg","type":"image\/jpeg"}],"twitter_card":"summary_large_image","twitter_misc":{"Ber\u00e4knad l\u00e4stid":"1 minut"},"schema":{"@context":"https:\/\/schema.org","@graph":[{"@type":"WebPage","@id":"https:\/\/jag.se\/opinion\/pressreleases\/vet-du-vem-jag-ar-2\/","url":"https:\/\/jag.se\/opinion\/pressreleases\/vet-du-vem-jag-ar-2\/","name":"Vet du vem jag \u00e4r? - JAG Opinion","isPartOf":{"@id":"https:\/\/jag.se\/opinion\/#website"},"datePublished":"2013-03-19T08:09:40+00:00","dateModified":"2013-03-19T08:09:40+00:00","breadcrumb":{"@id":"https:\/\/jag.se\/opinion\/pressreleases\/vet-du-vem-jag-ar-2\/#breadcrumb"},"inLanguage":"sv-SE","potentialAction":[{"@type":"ReadAction","target":["https:\/\/jag.se\/opinion\/pressreleases\/vet-du-vem-jag-ar-2\/"]}]},{"@type":"BreadcrumbList","@id":"https:\/\/jag.se\/opinion\/pressreleases\/vet-du-vem-jag-ar-2\/#breadcrumb","itemListElement":[{"@type":"ListItem","position":1,"name":"JAG start","item":"https:\/\/jag.se"},{"@type":"ListItem","position":2,"name":"Riksf\u00f6reningen JAG","item":"https:\/\/jag.se\/opinion\/"},{"@type":"ListItem","position":3,"name":"Pressmeddelanden","item":"https:\/\/jag.se\/opinion\/pressreleases\/"},{"@type":"ListItem","position":4,"name":"Vet du vem jag \u00e4r?"}]},{"@type":"WebSite","@id":"https:\/\/jag.se\/opinion\/#website","url":"https:\/\/jag.se\/opinion\/","name":"JAG Opinion","description":"","potentialAction":[{"@type":"SearchAction","target":{"@type":"EntryPoint","urlTemplate":"https:\/\/jag.se\/opinion\/?s={search_term_string}"},"query-input":"required name=search_term_string"}],"inLanguage":"sv-SE"}]}},"_links":{"self":[{"href":"https:\/\/jag.se\/opinion\/wp-json\/wp\/v2\/pressreleases\/28142","targetHints":{"allow":["GET"]}}],"collection":[{"href":"https:\/\/jag.se\/opinion\/wp-json\/wp\/v2\/pressreleases"}],"about":[{"href":"https:\/\/jag.se\/opinion\/wp-json\/wp\/v2\/types\/pressreleases"}],"wp:featuredmedia":[{"embeddable":true,"href":"https:\/\/jag.se\/opinion\/wp-json\/wp\/v2\/media\/28143"}],"wp:attachment":[{"href":"https:\/\/jag.se\/opinion\/wp-json\/wp\/v2\/media?parent=28142"}],"curies":[{"name":"wp","href":"https:\/\/api.w.org\/{rel}","templated":true}]}}