{"id":28144,"date":"2013-01-17T12:53:00","date_gmt":"2013-01-17T11:53:00","guid":{"rendered":"https:\/\/jag.se\/opinion\/pressreleases\/se-jags-film-om-kampen-for-manskliga-rattigheter-och-personlig-assistans\/"},"modified":"2013-01-17T12:53:00","modified_gmt":"2013-01-17T11:53:00","slug":"se-jags-film-om-kampen-for-manskliga-rattigheter-och-personlig-assistans","status":"publish","type":"pressreleases","link":"https:\/\/jag.se\/opinion\/pressreleases\/se-jags-film-om-kampen-for-manskliga-rattigheter-och-personlig-assistans\/","title":{"rendered":"Se JAGs film om kampen f\u00f6r m\u00e4nskliga r\u00e4ttigheter och personlig assistans"},"content":{"rendered":"<p>Under tv\u00e5 intensiva m\u00e5nader under 2012 spelades filmen om F\u00f6reningen JAGs f\u00f6rsta 20 \u00e5r in. I filmen f\u00f6ljer du JAG-medlemmarna Magnus And\u00e9n, Lotta V\u00e4is\u00e4nen och Tim Sundberg som valt att medverka i filmen f\u00f6r att ber\u00e4tta om sitt liv med personlig assistans. Nu finns filmen att se p\u00e5 www.jag.se\u00a0(http:\/\/www.jag.se).<\/p>\n<p>\u2013 Filmen \u00e4r viktig och beh\u00f6vs f\u00f6r att visa att alla m\u00e4nniskor \u00e4r lika mycket v\u00e4rda och har r\u00e4tt att vara huvudperson i sitt eget liv. Personer som JAGs medlemmar levde f\u00f6r inte s\u00e5 l\u00e4nge sedan undang\u00f6mda p\u00e5 institutioner. Men med personlig assistans kan alla leva ett liv i frihet. Barn kan v\u00e4xa upp med sin familj och vuxna kan sj\u00e4lva v\u00e4lja var och med vem de vill bo. Det \u00e4r r\u00e4ttigheter som tyv\u00e4rr fortfarande \u00e4r l\u00e5ngt ifr\u00e5n sj\u00e4lvklara. JAGs medlemmar vet det, och har en st\u00e4ndig beredskap att motivera och f\u00f6rsvara sin r\u00e4tt att leva som andra. Ofta m\u00e5ste de upp p\u00e5 barrikaderna, s\u00e4ger Cecilia Blanck verksamhetschef p\u00e5 JAG.<\/p>\n<p>Filmen inleds med medlemmarnas protester mot f\u00f6rslaget att gode m\u00e4n inte skulle f\u00e5 jobba som personliga assistenter och vi f\u00e5r bland annat se bilder fr\u00e5n demonstrationen i Stockholm.<\/p>\n<p>Filmen \u00e4r gjord av F\u00f6reningen JAG i samarbete med filmaren Marcus von Boisman.<\/p>\n<p>Filmen har svensk text. En syntolkad version \u00e4r under bearbetning.<\/p>\n<p>Se filmen h\u00e4r.\u00a0(http:\/\/www.jag.se\/innehall\/filmer)<\/p>\n<p>\u00a0<\/p>\n","protected":false},"featured_media":28145,"template":"","class_list":["post-28144","pressreleases","type-pressreleases","status-publish","has-post-thumbnail","hentry"],"acf":[],"yoast_head":"<!-- This site is optimized with the Yoast SEO plugin v21.3 - https:\/\/yoast.com\/wordpress\/plugins\/seo\/ -->\n<title>Se JAGs film om kampen f\u00f6r m\u00e4nskliga r\u00e4ttigheter och personlig assistans - JAG Opinion<\/title>\n<meta name=\"robots\" content=\"index, follow, max-snippet:-1, max-image-preview:large, max-video-preview:-1\" \/>\n<link rel=\"canonical\" href=\"https:\/\/jag.se\/opinion\/pressreleases\/se-jags-film-om-kampen-for-manskliga-rattigheter-och-personlig-assistans\/\" \/>\n<meta property=\"og:locale\" content=\"sv_SE\" \/>\n<meta property=\"og:type\" content=\"article\" \/>\n<meta property=\"og:title\" content=\"Se JAGs film om kampen f\u00f6r m\u00e4nskliga r\u00e4ttigheter och personlig assistans - JAG Opinion\" \/>\n<meta property=\"og:description\" content=\"Under tv\u00e5 intensiva m\u00e5nader under 2012 spelades filmen om F\u00f6reningen JAGs f\u00f6rsta 20 \u00e5r in. I filmen f\u00f6ljer du JAG-medlemmarna Magnus And\u00e9n, Lotta V\u00e4is\u00e4nen och Tim Sundberg som valt att medverka i filmen f\u00f6r att ber\u00e4tta om sitt liv med personlig assistans. Nu finns filmen att se p\u00e5 www.jag.se\u00a0(http:\/\/www.jag.se). \u2013 Filmen \u00e4r viktig och beh\u00f6vs\" \/>\n<meta property=\"og:url\" content=\"https:\/\/jag.se\/opinion\/pressreleases\/se-jags-film-om-kampen-for-manskliga-rattigheter-och-personlig-assistans\/\" \/>\n<meta property=\"og:site_name\" content=\"JAG Opinion\" \/>\n<meta property=\"og:image\" content=\"https:\/\/jag.se\/opinion\/wp-content\/uploads\/sites\/3\/2013\/01\/bab2af66b22320f1_org-11.jpg\" \/>\n\t<meta property=\"og:image:width\" content=\"900\" \/>\n\t<meta property=\"og:image:height\" content=\"506\" \/>\n\t<meta property=\"og:image:type\" content=\"image\/jpeg\" \/>\n<meta name=\"twitter:card\" content=\"summary_large_image\" \/>\n<meta name=\"twitter:label1\" content=\"Ber\u00e4knad l\u00e4stid\" \/>\n\t<meta name=\"twitter:data1\" content=\"1 minut\" \/>\n<script type=\"application\/ld+json\" class=\"yoast-schema-graph\">{\"@context\":\"https:\/\/schema.org\",\"@graph\":[{\"@type\":\"WebPage\",\"@id\":\"https:\/\/jag.se\/opinion\/pressreleases\/se-jags-film-om-kampen-for-manskliga-rattigheter-och-personlig-assistans\/\",\"url\":\"https:\/\/jag.se\/opinion\/pressreleases\/se-jags-film-om-kampen-for-manskliga-rattigheter-och-personlig-assistans\/\",\"name\":\"Se JAGs film om kampen f\u00f6r m\u00e4nskliga r\u00e4ttigheter och personlig assistans - JAG Opinion\",\"isPartOf\":{\"@id\":\"https:\/\/jag.se\/opinion\/#website\"},\"datePublished\":\"2013-01-17T11:53:00+00:00\",\"dateModified\":\"2013-01-17T11:53:00+00:00\",\"breadcrumb\":{\"@id\":\"https:\/\/jag.se\/opinion\/pressreleases\/se-jags-film-om-kampen-for-manskliga-rattigheter-och-personlig-assistans\/#breadcrumb\"},\"inLanguage\":\"sv-SE\",\"potentialAction\":[{\"@type\":\"ReadAction\",\"target\":[\"https:\/\/jag.se\/opinion\/pressreleases\/se-jags-film-om-kampen-for-manskliga-rattigheter-och-personlig-assistans\/\"]}]},{\"@type\":\"BreadcrumbList\",\"@id\":\"https:\/\/jag.se\/opinion\/pressreleases\/se-jags-film-om-kampen-for-manskliga-rattigheter-och-personlig-assistans\/#breadcrumb\",\"itemListElement\":[{\"@type\":\"ListItem\",\"position\":1,\"name\":\"JAG start\",\"item\":\"https:\/\/jag.se\"},{\"@type\":\"ListItem\",\"position\":2,\"name\":\"Riksf\u00f6reningen JAG\",\"item\":\"https:\/\/jag.se\/opinion\/\"},{\"@type\":\"ListItem\",\"position\":3,\"name\":\"Pressmeddelanden\",\"item\":\"https:\/\/jag.se\/opinion\/pressreleases\/\"},{\"@type\":\"ListItem\",\"position\":4,\"name\":\"Se JAGs film om kampen f\u00f6r m\u00e4nskliga r\u00e4ttigheter och personlig assistans\"}]},{\"@type\":\"WebSite\",\"@id\":\"https:\/\/jag.se\/opinion\/#website\",\"url\":\"https:\/\/jag.se\/opinion\/\",\"name\":\"JAG Opinion\",\"description\":\"\",\"potentialAction\":[{\"@type\":\"SearchAction\",\"target\":{\"@type\":\"EntryPoint\",\"urlTemplate\":\"https:\/\/jag.se\/opinion\/?s={search_term_string}\"},\"query-input\":\"required name=search_term_string\"}],\"inLanguage\":\"sv-SE\"}]}<\/script>\n<!-- \/ Yoast SEO plugin. -->","yoast_head_json":{"title":"Se JAGs film om kampen f\u00f6r m\u00e4nskliga r\u00e4ttigheter och personlig assistans - JAG Opinion","robots":{"index":"index","follow":"follow","max-snippet":"max-snippet:-1","max-image-preview":"max-image-preview:large","max-video-preview":"max-video-preview:-1"},"canonical":"https:\/\/jag.se\/opinion\/pressreleases\/se-jags-film-om-kampen-for-manskliga-rattigheter-och-personlig-assistans\/","og_locale":"sv_SE","og_type":"article","og_title":"Se JAGs film om kampen f\u00f6r m\u00e4nskliga r\u00e4ttigheter och personlig assistans - JAG Opinion","og_description":"Under tv\u00e5 intensiva m\u00e5nader under 2012 spelades filmen om F\u00f6reningen JAGs f\u00f6rsta 20 \u00e5r in. I filmen f\u00f6ljer du JAG-medlemmarna Magnus And\u00e9n, Lotta V\u00e4is\u00e4nen och Tim Sundberg som valt att medverka i filmen f\u00f6r att ber\u00e4tta om sitt liv med personlig assistans. Nu finns filmen att se p\u00e5 www.jag.se\u00a0(http:\/\/www.jag.se). \u2013 Filmen \u00e4r viktig och beh\u00f6vs","og_url":"https:\/\/jag.se\/opinion\/pressreleases\/se-jags-film-om-kampen-for-manskliga-rattigheter-och-personlig-assistans\/","og_site_name":"JAG Opinion","og_image":[{"width":900,"height":506,"url":"https:\/\/jag.se\/opinion\/wp-content\/uploads\/sites\/3\/2013\/01\/bab2af66b22320f1_org-11.jpg","type":"image\/jpeg"}],"twitter_card":"summary_large_image","twitter_misc":{"Ber\u00e4knad l\u00e4stid":"1 minut"},"schema":{"@context":"https:\/\/schema.org","@graph":[{"@type":"WebPage","@id":"https:\/\/jag.se\/opinion\/pressreleases\/se-jags-film-om-kampen-for-manskliga-rattigheter-och-personlig-assistans\/","url":"https:\/\/jag.se\/opinion\/pressreleases\/se-jags-film-om-kampen-for-manskliga-rattigheter-och-personlig-assistans\/","name":"Se JAGs film om kampen f\u00f6r m\u00e4nskliga r\u00e4ttigheter och personlig assistans - JAG Opinion","isPartOf":{"@id":"https:\/\/jag.se\/opinion\/#website"},"datePublished":"2013-01-17T11:53:00+00:00","dateModified":"2013-01-17T11:53:00+00:00","breadcrumb":{"@id":"https:\/\/jag.se\/opinion\/pressreleases\/se-jags-film-om-kampen-for-manskliga-rattigheter-och-personlig-assistans\/#breadcrumb"},"inLanguage":"sv-SE","potentialAction":[{"@type":"ReadAction","target":["https:\/\/jag.se\/opinion\/pressreleases\/se-jags-film-om-kampen-for-manskliga-rattigheter-och-personlig-assistans\/"]}]},{"@type":"BreadcrumbList","@id":"https:\/\/jag.se\/opinion\/pressreleases\/se-jags-film-om-kampen-for-manskliga-rattigheter-och-personlig-assistans\/#breadcrumb","itemListElement":[{"@type":"ListItem","position":1,"name":"JAG start","item":"https:\/\/jag.se"},{"@type":"ListItem","position":2,"name":"Riksf\u00f6reningen JAG","item":"https:\/\/jag.se\/opinion\/"},{"@type":"ListItem","position":3,"name":"Pressmeddelanden","item":"https:\/\/jag.se\/opinion\/pressreleases\/"},{"@type":"ListItem","position":4,"name":"Se JAGs film om kampen f\u00f6r m\u00e4nskliga r\u00e4ttigheter och personlig assistans"}]},{"@type":"WebSite","@id":"https:\/\/jag.se\/opinion\/#website","url":"https:\/\/jag.se\/opinion\/","name":"JAG Opinion","description":"","potentialAction":[{"@type":"SearchAction","target":{"@type":"EntryPoint","urlTemplate":"https:\/\/jag.se\/opinion\/?s={search_term_string}"},"query-input":"required name=search_term_string"}],"inLanguage":"sv-SE"}]}},"_links":{"self":[{"href":"https:\/\/jag.se\/opinion\/wp-json\/wp\/v2\/pressreleases\/28144","targetHints":{"allow":["GET"]}}],"collection":[{"href":"https:\/\/jag.se\/opinion\/wp-json\/wp\/v2\/pressreleases"}],"about":[{"href":"https:\/\/jag.se\/opinion\/wp-json\/wp\/v2\/types\/pressreleases"}],"wp:featuredmedia":[{"embeddable":true,"href":"https:\/\/jag.se\/opinion\/wp-json\/wp\/v2\/media\/28145"}],"wp:attachment":[{"href":"https:\/\/jag.se\/opinion\/wp-json\/wp\/v2\/media?parent=28144"}],"curies":[{"name":"wp","href":"https:\/\/api.w.org\/{rel}","templated":true}]}}