{"id":28146,"date":"2012-12-07T07:30:58","date_gmt":"2012-12-07T06:30:58","guid":{"rendered":"https:\/\/jag.se\/opinion\/pressreleases\/institutioner-ar-inget-alternativ-till-personlig-assistans\/"},"modified":"2012-12-07T07:30:58","modified_gmt":"2012-12-07T06:30:58","slug":"institutioner-ar-inget-alternativ-till-personlig-assistans","status":"publish","type":"pressreleases","link":"https:\/\/jag.se\/opinion\/pressreleases\/institutioner-ar-inget-alternativ-till-personlig-assistans\/","title":{"rendered":"Institutioner \u00e4r inget alternativ till personlig assistans"},"content":{"rendered":"<p>Cecilia Blanck, verksamhetsansvarig p\u00e5 JAG och syster till F\u00f6reningen JAGs ordf\u00f6rande Magnus And\u00e9n, svarar p\u00e5 Gunnar Wetterbergs ledare i Expressen.<\/p>\n<p>&#8221;N\u00e4r Sacos samh\u00e4llspolitiske chef f\u00f6respr\u00e5kar institutioner ist\u00e4llet f\u00f6r personlig assistans tar han st\u00e4llning mot m\u00e4nskliga r\u00e4ttigheter. Den goda instutionen finns n\u00e4mligen inte. Det vet de tusentals svenskar som har egna erfarenheter av institutionsboende. Min bror \u00e4r en av dem.<\/p>\n<p>Den goda institutionen finns n\u00e4mligen inte. Alla institutioner k\u00e4nnetecknas av att individen underordnas gruppen. Jag har m\u00e5nga v\u00e4nner, ut\u00f6ver min bror, som har bott p\u00e5 olika varianter av f\u00f6rment \u201dgoda institutioner\u201d. Den organisation som jag arbetar i, F\u00f6reningen JAG, har haft flera medlemmar som av olika sk\u00e4l hamnat i gruppboenden. F\u00f6r den som har stora behov av kvalificerad service \u00e4r priset h\u00f6gt.\u00a0 Frihet, sj\u00e4lvbest\u00e4mmande och gemenskap med andra i samh\u00e4llet \u00e4r d\u00e4r bara vackra ord. Personalens behov g\u00e5r alltid f\u00f6rst. N\u00e5gra har f\u00e5tt betala med sitt liv, n\u00e4r omv\u00e5rdnaden eller bemanningen varit s\u00e5 d\u00e5lig att en lunginflammation inte behandlats i tid, eller ett epilepsianfall nattetid inte uppm\u00e4rksammats utan personen kv\u00e4vts till d\u00f6ds.<\/p>\n<p>Jag har de senaste tjugo \u00e5ren haft mycket kontakter med organisationer och beslutsfattare i andra l\u00e4nder, och det r\u00e5der numera stor enighet om att institutioner inte kan erbjuda acceptabla livsvillkor f\u00f6r n\u00e5gon. FNs konvention om r\u00e4ttigheter f\u00f6r personer med funktionsneds\u00e4ttningar sl\u00e5r i artikel 19 fast staternas ansvar f\u00f6r att personer med funktionsneds\u00e4ttning ska ha m\u00f6jlighet att v\u00e4lja var och med vem de vill leva, p\u00e5 samma villkor som andra, och inte vara tvungna att bo i s\u00e4rskilda boendeformer. Sverige har ratificerat konventionen och d\u00e4rmed erk\u00e4nt dess inneh\u00e5ll. Att h\u00e4vda att institutioner \u00e4r rimlig standard f\u00f6r funktionshindrade \u00e4r s\u00e5 bak\u00e5tstr\u00e4vande att det i det sammanhanget kan j\u00e4mf\u00f6ras med att vilja avskaffa kvinnlig r\u00f6str\u00e4tt.&#8221;<\/p>\n<p>\u00a0Hela\u00a0svaret hittar du p\u00e5 Newsmill: http:\/\/www.newsmill.se\/artikel\/2012\/12\/05\/institutioner-r-inget-alternativ-till-personlig-assistans\u00a0(http:\/\/www.newsmill.se\/artikel\/2012\/12\/05\/institutioner-r-inget-alternativ-till-personlig-assistans)<\/p>\n","protected":false},"featured_media":28147,"template":"","class_list":["post-28146","pressreleases","type-pressreleases","status-publish","has-post-thumbnail","hentry"],"acf":[],"yoast_head":"<!-- This site is optimized with the Yoast SEO plugin v21.3 - https:\/\/yoast.com\/wordpress\/plugins\/seo\/ -->\n<title>Institutioner \u00e4r inget alternativ till personlig assistans - JAG Opinion<\/title>\n<meta name=\"robots\" content=\"index, follow, max-snippet:-1, max-image-preview:large, max-video-preview:-1\" \/>\n<link rel=\"canonical\" href=\"https:\/\/jag.se\/opinion\/pressreleases\/institutioner-ar-inget-alternativ-till-personlig-assistans\/\" \/>\n<meta property=\"og:locale\" content=\"sv_SE\" \/>\n<meta property=\"og:type\" content=\"article\" \/>\n<meta property=\"og:title\" content=\"Institutioner \u00e4r inget alternativ till personlig assistans - JAG Opinion\" \/>\n<meta property=\"og:description\" content=\"Cecilia Blanck, verksamhetsansvarig p\u00e5 JAG och syster till F\u00f6reningen JAGs ordf\u00f6rande Magnus And\u00e9n, svarar p\u00e5 Gunnar Wetterbergs ledare i Expressen. &#8221;N\u00e4r Sacos samh\u00e4llspolitiske chef f\u00f6respr\u00e5kar institutioner ist\u00e4llet f\u00f6r personlig assistans tar han st\u00e4llning mot m\u00e4nskliga r\u00e4ttigheter. Den goda instutionen finns n\u00e4mligen inte. Det vet de tusentals svenskar som har egna erfarenheter av institutionsboende. Min bror\" \/>\n<meta property=\"og:url\" content=\"https:\/\/jag.se\/opinion\/pressreleases\/institutioner-ar-inget-alternativ-till-personlig-assistans\/\" \/>\n<meta property=\"og:site_name\" content=\"JAG Opinion\" \/>\n<meta property=\"og:image\" content=\"https:\/\/jag.se\/opinion\/wp-content\/uploads\/sites\/3\/2012\/12\/a1e33279f4198a9e_org-11.jpg\" \/>\n\t<meta property=\"og:image:width\" content=\"616\" \/>\n\t<meta property=\"og:image:height\" content=\"260\" \/>\n\t<meta property=\"og:image:type\" content=\"image\/jpeg\" \/>\n<meta name=\"twitter:card\" content=\"summary_large_image\" \/>\n<meta name=\"twitter:label1\" content=\"Ber\u00e4knad l\u00e4stid\" \/>\n\t<meta name=\"twitter:data1\" content=\"2 minuter\" \/>\n<script type=\"application\/ld+json\" class=\"yoast-schema-graph\">{\"@context\":\"https:\/\/schema.org\",\"@graph\":[{\"@type\":\"WebPage\",\"@id\":\"https:\/\/jag.se\/opinion\/pressreleases\/institutioner-ar-inget-alternativ-till-personlig-assistans\/\",\"url\":\"https:\/\/jag.se\/opinion\/pressreleases\/institutioner-ar-inget-alternativ-till-personlig-assistans\/\",\"name\":\"Institutioner \u00e4r inget alternativ till personlig assistans - JAG Opinion\",\"isPartOf\":{\"@id\":\"https:\/\/jag.se\/opinion\/#website\"},\"datePublished\":\"2012-12-07T06:30:58+00:00\",\"dateModified\":\"2012-12-07T06:30:58+00:00\",\"breadcrumb\":{\"@id\":\"https:\/\/jag.se\/opinion\/pressreleases\/institutioner-ar-inget-alternativ-till-personlig-assistans\/#breadcrumb\"},\"inLanguage\":\"sv-SE\",\"potentialAction\":[{\"@type\":\"ReadAction\",\"target\":[\"https:\/\/jag.se\/opinion\/pressreleases\/institutioner-ar-inget-alternativ-till-personlig-assistans\/\"]}]},{\"@type\":\"BreadcrumbList\",\"@id\":\"https:\/\/jag.se\/opinion\/pressreleases\/institutioner-ar-inget-alternativ-till-personlig-assistans\/#breadcrumb\",\"itemListElement\":[{\"@type\":\"ListItem\",\"position\":1,\"name\":\"JAG start\",\"item\":\"https:\/\/jag.se\"},{\"@type\":\"ListItem\",\"position\":2,\"name\":\"Riksf\u00f6reningen JAG\",\"item\":\"https:\/\/jag.se\/opinion\/\"},{\"@type\":\"ListItem\",\"position\":3,\"name\":\"Pressmeddelanden\",\"item\":\"https:\/\/jag.se\/opinion\/pressreleases\/\"},{\"@type\":\"ListItem\",\"position\":4,\"name\":\"Institutioner \u00e4r inget alternativ till personlig assistans\"}]},{\"@type\":\"WebSite\",\"@id\":\"https:\/\/jag.se\/opinion\/#website\",\"url\":\"https:\/\/jag.se\/opinion\/\",\"name\":\"JAG Opinion\",\"description\":\"\",\"potentialAction\":[{\"@type\":\"SearchAction\",\"target\":{\"@type\":\"EntryPoint\",\"urlTemplate\":\"https:\/\/jag.se\/opinion\/?s={search_term_string}\"},\"query-input\":\"required name=search_term_string\"}],\"inLanguage\":\"sv-SE\"}]}<\/script>\n<!-- \/ Yoast SEO plugin. -->","yoast_head_json":{"title":"Institutioner \u00e4r inget alternativ till personlig assistans - JAG Opinion","robots":{"index":"index","follow":"follow","max-snippet":"max-snippet:-1","max-image-preview":"max-image-preview:large","max-video-preview":"max-video-preview:-1"},"canonical":"https:\/\/jag.se\/opinion\/pressreleases\/institutioner-ar-inget-alternativ-till-personlig-assistans\/","og_locale":"sv_SE","og_type":"article","og_title":"Institutioner \u00e4r inget alternativ till personlig assistans - JAG Opinion","og_description":"Cecilia Blanck, verksamhetsansvarig p\u00e5 JAG och syster till F\u00f6reningen JAGs ordf\u00f6rande Magnus And\u00e9n, svarar p\u00e5 Gunnar Wetterbergs ledare i Expressen. &#8221;N\u00e4r Sacos samh\u00e4llspolitiske chef f\u00f6respr\u00e5kar institutioner ist\u00e4llet f\u00f6r personlig assistans tar han st\u00e4llning mot m\u00e4nskliga r\u00e4ttigheter. Den goda instutionen finns n\u00e4mligen inte. Det vet de tusentals svenskar som har egna erfarenheter av institutionsboende. Min bror","og_url":"https:\/\/jag.se\/opinion\/pressreleases\/institutioner-ar-inget-alternativ-till-personlig-assistans\/","og_site_name":"JAG Opinion","og_image":[{"width":616,"height":260,"url":"https:\/\/jag.se\/opinion\/wp-content\/uploads\/sites\/3\/2012\/12\/a1e33279f4198a9e_org-11.jpg","type":"image\/jpeg"}],"twitter_card":"summary_large_image","twitter_misc":{"Ber\u00e4knad l\u00e4stid":"2 minuter"},"schema":{"@context":"https:\/\/schema.org","@graph":[{"@type":"WebPage","@id":"https:\/\/jag.se\/opinion\/pressreleases\/institutioner-ar-inget-alternativ-till-personlig-assistans\/","url":"https:\/\/jag.se\/opinion\/pressreleases\/institutioner-ar-inget-alternativ-till-personlig-assistans\/","name":"Institutioner \u00e4r inget alternativ till personlig assistans - JAG Opinion","isPartOf":{"@id":"https:\/\/jag.se\/opinion\/#website"},"datePublished":"2012-12-07T06:30:58+00:00","dateModified":"2012-12-07T06:30:58+00:00","breadcrumb":{"@id":"https:\/\/jag.se\/opinion\/pressreleases\/institutioner-ar-inget-alternativ-till-personlig-assistans\/#breadcrumb"},"inLanguage":"sv-SE","potentialAction":[{"@type":"ReadAction","target":["https:\/\/jag.se\/opinion\/pressreleases\/institutioner-ar-inget-alternativ-till-personlig-assistans\/"]}]},{"@type":"BreadcrumbList","@id":"https:\/\/jag.se\/opinion\/pressreleases\/institutioner-ar-inget-alternativ-till-personlig-assistans\/#breadcrumb","itemListElement":[{"@type":"ListItem","position":1,"name":"JAG start","item":"https:\/\/jag.se"},{"@type":"ListItem","position":2,"name":"Riksf\u00f6reningen JAG","item":"https:\/\/jag.se\/opinion\/"},{"@type":"ListItem","position":3,"name":"Pressmeddelanden","item":"https:\/\/jag.se\/opinion\/pressreleases\/"},{"@type":"ListItem","position":4,"name":"Institutioner \u00e4r inget alternativ till personlig assistans"}]},{"@type":"WebSite","@id":"https:\/\/jag.se\/opinion\/#website","url":"https:\/\/jag.se\/opinion\/","name":"JAG Opinion","description":"","potentialAction":[{"@type":"SearchAction","target":{"@type":"EntryPoint","urlTemplate":"https:\/\/jag.se\/opinion\/?s={search_term_string}"},"query-input":"required name=search_term_string"}],"inLanguage":"sv-SE"}]}},"_links":{"self":[{"href":"https:\/\/jag.se\/opinion\/wp-json\/wp\/v2\/pressreleases\/28146","targetHints":{"allow":["GET"]}}],"collection":[{"href":"https:\/\/jag.se\/opinion\/wp-json\/wp\/v2\/pressreleases"}],"about":[{"href":"https:\/\/jag.se\/opinion\/wp-json\/wp\/v2\/types\/pressreleases"}],"wp:featuredmedia":[{"embeddable":true,"href":"https:\/\/jag.se\/opinion\/wp-json\/wp\/v2\/media\/28147"}],"wp:attachment":[{"href":"https:\/\/jag.se\/opinion\/wp-json\/wp\/v2\/media?parent=28146"}],"curies":[{"name":"wp","href":"https:\/\/api.w.org\/{rel}","templated":true}]}}