{"id":28148,"date":"2012-11-19T09:20:10","date_gmt":"2012-11-19T08:20:10","guid":{"rendered":"https:\/\/jag.se\/opinion\/pressreleases\/ny-bok-fran-foreningen-jag-jag-och-min-mat\/"},"modified":"2012-11-19T09:20:10","modified_gmt":"2012-11-19T08:20:10","slug":"ny-bok-fran-foreningen-jag-jag-och-min-mat","status":"publish","type":"pressreleases","link":"https:\/\/jag.se\/opinion\/pressreleases\/ny-bok-fran-foreningen-jag-jag-och-min-mat\/","title":{"rendered":"NY BOK fr\u00e5n F\u00f6reningen JAG: JAG och min mat"},"content":{"rendered":"<p>F\u00f6reningen JAG har givit ut en ny bok som handlar om mat. I boken finns reportage fr\u00e5n polcirkeln i norr till Sk\u00e5ne i s\u00f6der. De medverkande i boken \u00e4r 26 stycken medlemmar i JAG som delar med sig av sitt vardagsliv och sina favoritr\u00e4tter. Man bjuder ocks\u00e5 p\u00e5 sina tankar kring mat och \u00e4tande och smarta tips. Boken inneh\u00e5ller m\u00e5nga inspirerande bilder och \u00e4r l\u00e4ttl\u00e4st. JAG \u00e4r en ideell riksf\u00f6rening f\u00f6r personer med flera omfattande funktionsneds\u00e4ttningar, varav en avser den intellektuella f\u00f6rm\u00e5gan. JAG arbetar f\u00f6r att medlemmarna ska kunna leva sina liv fullt ut, p\u00e5 sina egna villkor, med b\u00e4sta m\u00f6jliga personliga assistans<\/p>\n<p>\u2013 Den h\u00e4r boken kom till f\u00f6r att mat \u00e4r en s\u00e5 stor och viktig del av livet. \u00c4ven om det ibland \u00e4r kr\u00e5ngligt att \u00e4ta n\u00e4r man har stora funktionsneds\u00e4ttningar och beh\u00f6ver personlig assistans, s\u00e5\u00a0kan man njuta av god mat och\u00a0m\u00e5ltidsgemenskapen, s\u00e4ger Jessica Linder Jansson som skrivit och \u00e4ven tagit de flesta av bokens fotografier.<\/p>\n<p>L\u00e4s n\u00e5gra sidor ur\u00a0boken h\u00e4r.\u00a0(http:\/\/www.jag.se\/innehall\/jag-och-min-mat)<\/p>\n<p>Vill du ha ett recensionsexemplar? Skicka d\u00e5 ett mail till info@jag.se\u00a0(info@jag.se)<\/p>\n<p>Ansvarig utgivare och distribut\u00f6r: F\u00f6reningen JAG<\/p>\n<p>Vill du har mer information om boken, maila till info@jag.se\u00a0(info@jag.se) eller ring 08-789 30 00 och fr\u00e5ga efter Jessica Linder Jansson.<\/p>\n","protected":false},"featured_media":28149,"template":"","class_list":["post-28148","pressreleases","type-pressreleases","status-publish","has-post-thumbnail","hentry"],"acf":[],"yoast_head":"<!-- This site is optimized with the Yoast SEO plugin v21.3 - https:\/\/yoast.com\/wordpress\/plugins\/seo\/ -->\n<title>NY BOK fr\u00e5n F\u00f6reningen JAG: JAG och min mat - JAG Opinion<\/title>\n<meta name=\"robots\" content=\"index, follow, max-snippet:-1, max-image-preview:large, max-video-preview:-1\" \/>\n<link rel=\"canonical\" href=\"https:\/\/jag.se\/opinion\/pressreleases\/ny-bok-fran-foreningen-jag-jag-och-min-mat\/\" \/>\n<meta property=\"og:locale\" content=\"sv_SE\" \/>\n<meta property=\"og:type\" content=\"article\" \/>\n<meta property=\"og:title\" content=\"NY BOK fr\u00e5n F\u00f6reningen JAG: JAG och min mat - JAG Opinion\" \/>\n<meta property=\"og:description\" content=\"F\u00f6reningen JAG har givit ut en ny bok som handlar om mat. I boken finns reportage fr\u00e5n polcirkeln i norr till Sk\u00e5ne i s\u00f6der. De medverkande i boken \u00e4r 26 stycken medlemmar i JAG som delar med sig av sitt vardagsliv och sina favoritr\u00e4tter. Man bjuder ocks\u00e5 p\u00e5 sina tankar kring mat och \u00e4tande och\" \/>\n<meta property=\"og:url\" content=\"https:\/\/jag.se\/opinion\/pressreleases\/ny-bok-fran-foreningen-jag-jag-och-min-mat\/\" \/>\n<meta property=\"og:site_name\" content=\"JAG Opinion\" \/>\n<meta property=\"og:image\" content=\"https:\/\/jag.se\/opinion\/wp-content\/uploads\/sites\/3\/2012\/11\/93ce94af05bc5514_org-11.jpg\" \/>\n\t<meta property=\"og:image:width\" content=\"790\" \/>\n\t<meta property=\"og:image:height\" content=\"781\" \/>\n\t<meta property=\"og:image:type\" content=\"image\/jpeg\" \/>\n<meta name=\"twitter:card\" content=\"summary_large_image\" \/>\n<meta name=\"twitter:label1\" content=\"Ber\u00e4knad l\u00e4stid\" \/>\n\t<meta name=\"twitter:data1\" content=\"1 minut\" \/>\n<script type=\"application\/ld+json\" class=\"yoast-schema-graph\">{\"@context\":\"https:\/\/schema.org\",\"@graph\":[{\"@type\":\"WebPage\",\"@id\":\"https:\/\/jag.se\/opinion\/pressreleases\/ny-bok-fran-foreningen-jag-jag-och-min-mat\/\",\"url\":\"https:\/\/jag.se\/opinion\/pressreleases\/ny-bok-fran-foreningen-jag-jag-och-min-mat\/\",\"name\":\"NY BOK fr\u00e5n F\u00f6reningen JAG: JAG och min mat - JAG Opinion\",\"isPartOf\":{\"@id\":\"https:\/\/jag.se\/opinion\/#website\"},\"datePublished\":\"2012-11-19T08:20:10+00:00\",\"dateModified\":\"2012-11-19T08:20:10+00:00\",\"breadcrumb\":{\"@id\":\"https:\/\/jag.se\/opinion\/pressreleases\/ny-bok-fran-foreningen-jag-jag-och-min-mat\/#breadcrumb\"},\"inLanguage\":\"sv-SE\",\"potentialAction\":[{\"@type\":\"ReadAction\",\"target\":[\"https:\/\/jag.se\/opinion\/pressreleases\/ny-bok-fran-foreningen-jag-jag-och-min-mat\/\"]}]},{\"@type\":\"BreadcrumbList\",\"@id\":\"https:\/\/jag.se\/opinion\/pressreleases\/ny-bok-fran-foreningen-jag-jag-och-min-mat\/#breadcrumb\",\"itemListElement\":[{\"@type\":\"ListItem\",\"position\":1,\"name\":\"JAG start\",\"item\":\"https:\/\/jag.se\"},{\"@type\":\"ListItem\",\"position\":2,\"name\":\"Riksf\u00f6reningen JAG\",\"item\":\"https:\/\/jag.se\/opinion\/\"},{\"@type\":\"ListItem\",\"position\":3,\"name\":\"Pressmeddelanden\",\"item\":\"https:\/\/jag.se\/opinion\/pressreleases\/\"},{\"@type\":\"ListItem\",\"position\":4,\"name\":\"NY BOK fr\u00e5n F\u00f6reningen JAG: JAG och min mat\"}]},{\"@type\":\"WebSite\",\"@id\":\"https:\/\/jag.se\/opinion\/#website\",\"url\":\"https:\/\/jag.se\/opinion\/\",\"name\":\"JAG Opinion\",\"description\":\"\",\"potentialAction\":[{\"@type\":\"SearchAction\",\"target\":{\"@type\":\"EntryPoint\",\"urlTemplate\":\"https:\/\/jag.se\/opinion\/?s={search_term_string}\"},\"query-input\":\"required name=search_term_string\"}],\"inLanguage\":\"sv-SE\"}]}<\/script>\n<!-- \/ Yoast SEO plugin. -->","yoast_head_json":{"title":"NY BOK fr\u00e5n F\u00f6reningen JAG: JAG och min mat - JAG Opinion","robots":{"index":"index","follow":"follow","max-snippet":"max-snippet:-1","max-image-preview":"max-image-preview:large","max-video-preview":"max-video-preview:-1"},"canonical":"https:\/\/jag.se\/opinion\/pressreleases\/ny-bok-fran-foreningen-jag-jag-och-min-mat\/","og_locale":"sv_SE","og_type":"article","og_title":"NY BOK fr\u00e5n F\u00f6reningen JAG: JAG och min mat - JAG Opinion","og_description":"F\u00f6reningen JAG har givit ut en ny bok som handlar om mat. I boken finns reportage fr\u00e5n polcirkeln i norr till Sk\u00e5ne i s\u00f6der. De medverkande i boken \u00e4r 26 stycken medlemmar i JAG som delar med sig av sitt vardagsliv och sina favoritr\u00e4tter. Man bjuder ocks\u00e5 p\u00e5 sina tankar kring mat och \u00e4tande och","og_url":"https:\/\/jag.se\/opinion\/pressreleases\/ny-bok-fran-foreningen-jag-jag-och-min-mat\/","og_site_name":"JAG Opinion","og_image":[{"width":790,"height":781,"url":"https:\/\/jag.se\/opinion\/wp-content\/uploads\/sites\/3\/2012\/11\/93ce94af05bc5514_org-11.jpg","type":"image\/jpeg"}],"twitter_card":"summary_large_image","twitter_misc":{"Ber\u00e4knad l\u00e4stid":"1 minut"},"schema":{"@context":"https:\/\/schema.org","@graph":[{"@type":"WebPage","@id":"https:\/\/jag.se\/opinion\/pressreleases\/ny-bok-fran-foreningen-jag-jag-och-min-mat\/","url":"https:\/\/jag.se\/opinion\/pressreleases\/ny-bok-fran-foreningen-jag-jag-och-min-mat\/","name":"NY BOK fr\u00e5n F\u00f6reningen JAG: JAG och min mat - JAG Opinion","isPartOf":{"@id":"https:\/\/jag.se\/opinion\/#website"},"datePublished":"2012-11-19T08:20:10+00:00","dateModified":"2012-11-19T08:20:10+00:00","breadcrumb":{"@id":"https:\/\/jag.se\/opinion\/pressreleases\/ny-bok-fran-foreningen-jag-jag-och-min-mat\/#breadcrumb"},"inLanguage":"sv-SE","potentialAction":[{"@type":"ReadAction","target":["https:\/\/jag.se\/opinion\/pressreleases\/ny-bok-fran-foreningen-jag-jag-och-min-mat\/"]}]},{"@type":"BreadcrumbList","@id":"https:\/\/jag.se\/opinion\/pressreleases\/ny-bok-fran-foreningen-jag-jag-och-min-mat\/#breadcrumb","itemListElement":[{"@type":"ListItem","position":1,"name":"JAG start","item":"https:\/\/jag.se"},{"@type":"ListItem","position":2,"name":"Riksf\u00f6reningen JAG","item":"https:\/\/jag.se\/opinion\/"},{"@type":"ListItem","position":3,"name":"Pressmeddelanden","item":"https:\/\/jag.se\/opinion\/pressreleases\/"},{"@type":"ListItem","position":4,"name":"NY BOK fr\u00e5n F\u00f6reningen JAG: JAG och min mat"}]},{"@type":"WebSite","@id":"https:\/\/jag.se\/opinion\/#website","url":"https:\/\/jag.se\/opinion\/","name":"JAG Opinion","description":"","potentialAction":[{"@type":"SearchAction","target":{"@type":"EntryPoint","urlTemplate":"https:\/\/jag.se\/opinion\/?s={search_term_string}"},"query-input":"required name=search_term_string"}],"inLanguage":"sv-SE"}]}},"_links":{"self":[{"href":"https:\/\/jag.se\/opinion\/wp-json\/wp\/v2\/pressreleases\/28148","targetHints":{"allow":["GET"]}}],"collection":[{"href":"https:\/\/jag.se\/opinion\/wp-json\/wp\/v2\/pressreleases"}],"about":[{"href":"https:\/\/jag.se\/opinion\/wp-json\/wp\/v2\/types\/pressreleases"}],"wp:featuredmedia":[{"embeddable":true,"href":"https:\/\/jag.se\/opinion\/wp-json\/wp\/v2\/media\/28149"}],"wp:attachment":[{"href":"https:\/\/jag.se\/opinion\/wp-json\/wp\/v2\/media?parent=28148"}],"curies":[{"name":"wp","href":"https:\/\/api.w.org\/{rel}","templated":true}]}}