{"id":28150,"date":"2012-11-12T07:18:30","date_gmt":"2012-11-12T06:18:30","guid":{"rendered":"https:\/\/jag.se\/opinion\/pressreleases\/linda-fran-foreningen-jag-i-finland-ska-prata-i-eu-parlamentet\/"},"modified":"2012-11-12T07:18:30","modified_gmt":"2012-11-12T06:18:30","slug":"linda-fran-foreningen-jag-i-finland-ska-prata-i-eu-parlamentet","status":"publish","type":"pressreleases","link":"https:\/\/jag.se\/opinion\/pressreleases\/linda-fran-foreningen-jag-i-finland-ska-prata-i-eu-parlamentet\/","title":{"rendered":"Linda fr\u00e5n F\u00f6reningen JAG i Finland ska prata i EU-parlamentet"},"content":{"rendered":"<p>I Finland har man best\u00e4mt att man ska avveckla de stora v\u00e5rdhemmen f\u00f6r personer med intellektuella funktionsneds\u00e4ttningar men det enda alternativ som f\u00f6rs fram \u00e4r gruppbost\u00e4der. Det finns en personlig assistans-lagstiftning i Finland men i praktiken utest\u00e4ngs personer med intellektuella funktionsneds\u00e4ttningar och nedsatt kommunikationsf\u00f6rm\u00e5ga. Detta p\u00e5 grund av en olycklig skrivning i lagen om att man f\u00f6r att kunna f\u00e5 personlig assistans ska kunna definiera assistansens inneh\u00e5ll och hur man vill organisera den \u2013 vilket exkluderar alla som inte sj\u00e4lvst\u00e4ndigt kan uttrycka sin vilja s\u00e5 att kommunens tj\u00e4nstem\u00e4n f\u00f6rst\u00e5r.<\/p>\n<p>Runda bords-samtalet arrangeras av ENIL, European Network on Independent Living (d\u00e4r F\u00f6reningen JAG \u00e4r medlem) och MHE, Mental Health Europe.<\/p>\n<p>Cecilia Blanck, verksamhetsansvarig p\u00e5 JAG, medverkar ocks\u00e5 liksom flera andra personer fr\u00e5n olika europeiska organisationer, bland andra Jan Ja\u0159ab, Europas representant p\u00e5 FNs kontor f\u00f6r m\u00e4nskliga r\u00e4ttigheter (UN OHCHR).<\/p>\n<p>V\u00e4rd f\u00f6r m\u00f6tet \u00e4r svenska EU-parlamentarikern Cecilia Wikstr\u00f6m (FP). Cecilia Wikstr\u00f6m \u00e4r vice ordf\u00f6rande i EUs Disability Intergroup och har ett starkt engagemang f\u00f6r m\u00e4nniskor\u00e4ttsfr\u00e5gor.<\/p>\n<p>Kontakt<br \/>\n\u00a0Cecilia Blanck cecilia.blanck@jag.se\u00a0(cecilia.blanck@jag.se) och Cecilia Wikstr\u00f6m, e-post cecilia.wikstrom@europarl.europa.eu\u00a0(cecilia.wikstrom@europarl.europa.eu)<\/p>\n","protected":false},"featured_media":28151,"template":"","class_list":["post-28150","pressreleases","type-pressreleases","status-publish","has-post-thumbnail","hentry"],"acf":[],"yoast_head":"<!-- This site is optimized with the Yoast SEO plugin v21.3 - https:\/\/yoast.com\/wordpress\/plugins\/seo\/ -->\n<title>Linda fr\u00e5n F\u00f6reningen JAG i Finland ska prata i EU-parlamentet - JAG Opinion<\/title>\n<meta name=\"robots\" content=\"index, follow, max-snippet:-1, max-image-preview:large, max-video-preview:-1\" \/>\n<link rel=\"canonical\" href=\"https:\/\/jag.se\/opinion\/pressreleases\/linda-fran-foreningen-jag-i-finland-ska-prata-i-eu-parlamentet\/\" \/>\n<meta property=\"og:locale\" content=\"sv_SE\" \/>\n<meta property=\"og:type\" content=\"article\" \/>\n<meta property=\"og:title\" content=\"Linda fr\u00e5n F\u00f6reningen JAG i Finland ska prata i EU-parlamentet - JAG Opinion\" \/>\n<meta property=\"og:description\" content=\"I Finland har man best\u00e4mt att man ska avveckla de stora v\u00e5rdhemmen f\u00f6r personer med intellektuella funktionsneds\u00e4ttningar men det enda alternativ som f\u00f6rs fram \u00e4r gruppbost\u00e4der. Det finns en personlig assistans-lagstiftning i Finland men i praktiken utest\u00e4ngs personer med intellektuella funktionsneds\u00e4ttningar och nedsatt kommunikationsf\u00f6rm\u00e5ga. Detta p\u00e5 grund av en olycklig skrivning i lagen om att\" \/>\n<meta property=\"og:url\" content=\"https:\/\/jag.se\/opinion\/pressreleases\/linda-fran-foreningen-jag-i-finland-ska-prata-i-eu-parlamentet\/\" \/>\n<meta property=\"og:site_name\" content=\"JAG Opinion\" \/>\n<meta property=\"og:image\" content=\"https:\/\/jag.se\/opinion\/wp-content\/uploads\/sites\/3\/2012\/11\/b14a0b1a26bcab62_org-11.jpg\" \/>\n\t<meta property=\"og:image:width\" content=\"450\" \/>\n\t<meta property=\"og:image:height\" content=\"170\" \/>\n\t<meta property=\"og:image:type\" content=\"image\/jpeg\" \/>\n<meta name=\"twitter:card\" content=\"summary_large_image\" \/>\n<meta name=\"twitter:label1\" content=\"Ber\u00e4knad l\u00e4stid\" \/>\n\t<meta name=\"twitter:data1\" content=\"1 minut\" \/>\n<script type=\"application\/ld+json\" class=\"yoast-schema-graph\">{\"@context\":\"https:\/\/schema.org\",\"@graph\":[{\"@type\":\"WebPage\",\"@id\":\"https:\/\/jag.se\/opinion\/pressreleases\/linda-fran-foreningen-jag-i-finland-ska-prata-i-eu-parlamentet\/\",\"url\":\"https:\/\/jag.se\/opinion\/pressreleases\/linda-fran-foreningen-jag-i-finland-ska-prata-i-eu-parlamentet\/\",\"name\":\"Linda fr\u00e5n F\u00f6reningen JAG i Finland ska prata i EU-parlamentet - JAG Opinion\",\"isPartOf\":{\"@id\":\"https:\/\/jag.se\/opinion\/#website\"},\"datePublished\":\"2012-11-12T06:18:30+00:00\",\"dateModified\":\"2012-11-12T06:18:30+00:00\",\"breadcrumb\":{\"@id\":\"https:\/\/jag.se\/opinion\/pressreleases\/linda-fran-foreningen-jag-i-finland-ska-prata-i-eu-parlamentet\/#breadcrumb\"},\"inLanguage\":\"sv-SE\",\"potentialAction\":[{\"@type\":\"ReadAction\",\"target\":[\"https:\/\/jag.se\/opinion\/pressreleases\/linda-fran-foreningen-jag-i-finland-ska-prata-i-eu-parlamentet\/\"]}]},{\"@type\":\"BreadcrumbList\",\"@id\":\"https:\/\/jag.se\/opinion\/pressreleases\/linda-fran-foreningen-jag-i-finland-ska-prata-i-eu-parlamentet\/#breadcrumb\",\"itemListElement\":[{\"@type\":\"ListItem\",\"position\":1,\"name\":\"JAG start\",\"item\":\"https:\/\/jag.se\"},{\"@type\":\"ListItem\",\"position\":2,\"name\":\"Riksf\u00f6reningen JAG\",\"item\":\"https:\/\/jag.se\/opinion\/\"},{\"@type\":\"ListItem\",\"position\":3,\"name\":\"Pressmeddelanden\",\"item\":\"https:\/\/jag.se\/opinion\/pressreleases\/\"},{\"@type\":\"ListItem\",\"position\":4,\"name\":\"Linda fr\u00e5n F\u00f6reningen JAG i Finland ska prata i EU-parlamentet\"}]},{\"@type\":\"WebSite\",\"@id\":\"https:\/\/jag.se\/opinion\/#website\",\"url\":\"https:\/\/jag.se\/opinion\/\",\"name\":\"JAG Opinion\",\"description\":\"\",\"potentialAction\":[{\"@type\":\"SearchAction\",\"target\":{\"@type\":\"EntryPoint\",\"urlTemplate\":\"https:\/\/jag.se\/opinion\/?s={search_term_string}\"},\"query-input\":\"required name=search_term_string\"}],\"inLanguage\":\"sv-SE\"}]}<\/script>\n<!-- \/ Yoast SEO plugin. -->","yoast_head_json":{"title":"Linda fr\u00e5n F\u00f6reningen JAG i Finland ska prata i EU-parlamentet - JAG Opinion","robots":{"index":"index","follow":"follow","max-snippet":"max-snippet:-1","max-image-preview":"max-image-preview:large","max-video-preview":"max-video-preview:-1"},"canonical":"https:\/\/jag.se\/opinion\/pressreleases\/linda-fran-foreningen-jag-i-finland-ska-prata-i-eu-parlamentet\/","og_locale":"sv_SE","og_type":"article","og_title":"Linda fr\u00e5n F\u00f6reningen JAG i Finland ska prata i EU-parlamentet - JAG Opinion","og_description":"I Finland har man best\u00e4mt att man ska avveckla de stora v\u00e5rdhemmen f\u00f6r personer med intellektuella funktionsneds\u00e4ttningar men det enda alternativ som f\u00f6rs fram \u00e4r gruppbost\u00e4der. Det finns en personlig assistans-lagstiftning i Finland men i praktiken utest\u00e4ngs personer med intellektuella funktionsneds\u00e4ttningar och nedsatt kommunikationsf\u00f6rm\u00e5ga. Detta p\u00e5 grund av en olycklig skrivning i lagen om att","og_url":"https:\/\/jag.se\/opinion\/pressreleases\/linda-fran-foreningen-jag-i-finland-ska-prata-i-eu-parlamentet\/","og_site_name":"JAG Opinion","og_image":[{"width":450,"height":170,"url":"https:\/\/jag.se\/opinion\/wp-content\/uploads\/sites\/3\/2012\/11\/b14a0b1a26bcab62_org-11.jpg","type":"image\/jpeg"}],"twitter_card":"summary_large_image","twitter_misc":{"Ber\u00e4knad l\u00e4stid":"1 minut"},"schema":{"@context":"https:\/\/schema.org","@graph":[{"@type":"WebPage","@id":"https:\/\/jag.se\/opinion\/pressreleases\/linda-fran-foreningen-jag-i-finland-ska-prata-i-eu-parlamentet\/","url":"https:\/\/jag.se\/opinion\/pressreleases\/linda-fran-foreningen-jag-i-finland-ska-prata-i-eu-parlamentet\/","name":"Linda fr\u00e5n F\u00f6reningen JAG i Finland ska prata i EU-parlamentet - JAG Opinion","isPartOf":{"@id":"https:\/\/jag.se\/opinion\/#website"},"datePublished":"2012-11-12T06:18:30+00:00","dateModified":"2012-11-12T06:18:30+00:00","breadcrumb":{"@id":"https:\/\/jag.se\/opinion\/pressreleases\/linda-fran-foreningen-jag-i-finland-ska-prata-i-eu-parlamentet\/#breadcrumb"},"inLanguage":"sv-SE","potentialAction":[{"@type":"ReadAction","target":["https:\/\/jag.se\/opinion\/pressreleases\/linda-fran-foreningen-jag-i-finland-ska-prata-i-eu-parlamentet\/"]}]},{"@type":"BreadcrumbList","@id":"https:\/\/jag.se\/opinion\/pressreleases\/linda-fran-foreningen-jag-i-finland-ska-prata-i-eu-parlamentet\/#breadcrumb","itemListElement":[{"@type":"ListItem","position":1,"name":"JAG start","item":"https:\/\/jag.se"},{"@type":"ListItem","position":2,"name":"Riksf\u00f6reningen JAG","item":"https:\/\/jag.se\/opinion\/"},{"@type":"ListItem","position":3,"name":"Pressmeddelanden","item":"https:\/\/jag.se\/opinion\/pressreleases\/"},{"@type":"ListItem","position":4,"name":"Linda fr\u00e5n F\u00f6reningen JAG i Finland ska prata i EU-parlamentet"}]},{"@type":"WebSite","@id":"https:\/\/jag.se\/opinion\/#website","url":"https:\/\/jag.se\/opinion\/","name":"JAG Opinion","description":"","potentialAction":[{"@type":"SearchAction","target":{"@type":"EntryPoint","urlTemplate":"https:\/\/jag.se\/opinion\/?s={search_term_string}"},"query-input":"required name=search_term_string"}],"inLanguage":"sv-SE"}]}},"_links":{"self":[{"href":"https:\/\/jag.se\/opinion\/wp-json\/wp\/v2\/pressreleases\/28150","targetHints":{"allow":["GET"]}}],"collection":[{"href":"https:\/\/jag.se\/opinion\/wp-json\/wp\/v2\/pressreleases"}],"about":[{"href":"https:\/\/jag.se\/opinion\/wp-json\/wp\/v2\/types\/pressreleases"}],"wp:featuredmedia":[{"embeddable":true,"href":"https:\/\/jag.se\/opinion\/wp-json\/wp\/v2\/media\/28151"}],"wp:attachment":[{"href":"https:\/\/jag.se\/opinion\/wp-json\/wp\/v2\/media?parent=28150"}],"curies":[{"name":"wp","href":"https:\/\/api.w.org\/{rel}","templated":true}]}}