{"id":28154,"date":"2012-07-02T21:26:46","date_gmt":"2012-07-02T19:26:46","guid":{"rendered":"https:\/\/jag.se\/opinion\/pressreleases\/foreningen-jag-samarbetar-med-fotograf-elisabeth-ohlson-wallin-i-almedalen\/"},"modified":"2012-07-02T21:26:46","modified_gmt":"2012-07-02T19:26:46","slug":"foreningen-jag-samarbetar-med-fotograf-elisabeth-ohlson-wallin-i-almedalen","status":"publish","type":"pressreleases","link":"https:\/\/jag.se\/opinion\/pressreleases\/foreningen-jag-samarbetar-med-fotograf-elisabeth-ohlson-wallin-i-almedalen\/","title":{"rendered":"F\u00f6reningen JAG samarbetar med fotograf Elisabeth Ohlson Wallin i Almedalen"},"content":{"rendered":"<p>F\u00f6reningen JAGs medlemmar \u00e4r i Visby under Almedalsveckan f\u00f6r att ta plats och g\u00f6ra sin r\u00f6st h\u00f6rd. P\u00e5 tisdagen kommer n\u00e5gra av medlemmarna, som ocks\u00e5 \u00e4r modeller i\u00a0Funkisbyr\u00e5n,\u00a0att fotograferas av Elisabeth Ohlson Wallin. Arrangemanget och fotograferingen kommer att ske mitt i vimlet p\u00e5 Donners plats klockan 13.30 och ta cirka en timme.<\/p>\n<p>Medlemmar i F\u00f6reningen JAG och Funkisbyr\u00e5n\u00a0har gjort flera spektakul\u00e4ra samarbeten\u00a0tidigare med Elisabeth Ohlson Wallin, senast i samband med\u00a0hennes utst\u00e4llning p\u00e5 Fredens Hus i Uppsala h\u00f6sten 2011.<\/p>\n<p>Elisabeth Ohlson Wallin medverkar ocks\u00e5 p\u00e5 F\u00f6reningen JAGs och Funkisbyr\u00e5ns seminarium p\u00e5 H\u00f6gskolan samma dag kl 16.00 (rum D22) med rubriken &#8221;Allas r\u00e4tt att synas och ta plats i det offentliga rummet&#8221;.<br \/>\n\u00a0<\/p>\n","protected":false},"featured_media":0,"template":"","class_list":["post-28154","pressreleases","type-pressreleases","status-publish","hentry"],"acf":[],"yoast_head":"<!-- This site is optimized with the Yoast SEO plugin v21.3 - https:\/\/yoast.com\/wordpress\/plugins\/seo\/ -->\n<title>F\u00f6reningen JAG samarbetar med fotograf Elisabeth Ohlson Wallin i Almedalen - JAG Opinion<\/title>\n<meta name=\"robots\" content=\"index, follow, max-snippet:-1, max-image-preview:large, max-video-preview:-1\" \/>\n<link rel=\"canonical\" href=\"https:\/\/jag.se\/opinion\/pressreleases\/foreningen-jag-samarbetar-med-fotograf-elisabeth-ohlson-wallin-i-almedalen\/\" \/>\n<meta property=\"og:locale\" content=\"sv_SE\" \/>\n<meta property=\"og:type\" content=\"article\" \/>\n<meta property=\"og:title\" content=\"F\u00f6reningen JAG samarbetar med fotograf Elisabeth Ohlson Wallin i Almedalen - JAG Opinion\" \/>\n<meta property=\"og:description\" content=\"F\u00f6reningen JAGs medlemmar \u00e4r i Visby under Almedalsveckan f\u00f6r att ta plats och g\u00f6ra sin r\u00f6st h\u00f6rd. P\u00e5 tisdagen kommer n\u00e5gra av medlemmarna, som ocks\u00e5 \u00e4r modeller i\u00a0Funkisbyr\u00e5n,\u00a0att fotograferas av Elisabeth Ohlson Wallin. Arrangemanget och fotograferingen kommer att ske mitt i vimlet p\u00e5 Donners plats klockan 13.30 och ta cirka en timme. Medlemmar i F\u00f6reningen\" \/>\n<meta property=\"og:url\" content=\"https:\/\/jag.se\/opinion\/pressreleases\/foreningen-jag-samarbetar-med-fotograf-elisabeth-ohlson-wallin-i-almedalen\/\" \/>\n<meta property=\"og:site_name\" content=\"JAG Opinion\" \/>\n<meta name=\"twitter:card\" content=\"summary_large_image\" \/>\n<meta name=\"twitter:label1\" content=\"Ber\u00e4knad l\u00e4stid\" \/>\n\t<meta name=\"twitter:data1\" content=\"1 minut\" \/>\n<script type=\"application\/ld+json\" class=\"yoast-schema-graph\">{\"@context\":\"https:\/\/schema.org\",\"@graph\":[{\"@type\":\"WebPage\",\"@id\":\"https:\/\/jag.se\/opinion\/pressreleases\/foreningen-jag-samarbetar-med-fotograf-elisabeth-ohlson-wallin-i-almedalen\/\",\"url\":\"https:\/\/jag.se\/opinion\/pressreleases\/foreningen-jag-samarbetar-med-fotograf-elisabeth-ohlson-wallin-i-almedalen\/\",\"name\":\"F\u00f6reningen JAG samarbetar med fotograf Elisabeth Ohlson Wallin i Almedalen - JAG Opinion\",\"isPartOf\":{\"@id\":\"https:\/\/jag.se\/opinion\/#website\"},\"datePublished\":\"2012-07-02T19:26:46+00:00\",\"dateModified\":\"2012-07-02T19:26:46+00:00\",\"breadcrumb\":{\"@id\":\"https:\/\/jag.se\/opinion\/pressreleases\/foreningen-jag-samarbetar-med-fotograf-elisabeth-ohlson-wallin-i-almedalen\/#breadcrumb\"},\"inLanguage\":\"sv-SE\",\"potentialAction\":[{\"@type\":\"ReadAction\",\"target\":[\"https:\/\/jag.se\/opinion\/pressreleases\/foreningen-jag-samarbetar-med-fotograf-elisabeth-ohlson-wallin-i-almedalen\/\"]}]},{\"@type\":\"BreadcrumbList\",\"@id\":\"https:\/\/jag.se\/opinion\/pressreleases\/foreningen-jag-samarbetar-med-fotograf-elisabeth-ohlson-wallin-i-almedalen\/#breadcrumb\",\"itemListElement\":[{\"@type\":\"ListItem\",\"position\":1,\"name\":\"JAG start\",\"item\":\"https:\/\/jag.se\"},{\"@type\":\"ListItem\",\"position\":2,\"name\":\"Riksf\u00f6reningen JAG\",\"item\":\"https:\/\/jag.se\/opinion\/\"},{\"@type\":\"ListItem\",\"position\":3,\"name\":\"Pressmeddelanden\",\"item\":\"https:\/\/jag.se\/opinion\/pressreleases\/\"},{\"@type\":\"ListItem\",\"position\":4,\"name\":\"F\u00f6reningen JAG samarbetar med fotograf Elisabeth Ohlson Wallin i Almedalen\"}]},{\"@type\":\"WebSite\",\"@id\":\"https:\/\/jag.se\/opinion\/#website\",\"url\":\"https:\/\/jag.se\/opinion\/\",\"name\":\"JAG Opinion\",\"description\":\"\",\"potentialAction\":[{\"@type\":\"SearchAction\",\"target\":{\"@type\":\"EntryPoint\",\"urlTemplate\":\"https:\/\/jag.se\/opinion\/?s={search_term_string}\"},\"query-input\":\"required name=search_term_string\"}],\"inLanguage\":\"sv-SE\"}]}<\/script>\n<!-- \/ Yoast SEO plugin. -->","yoast_head_json":{"title":"F\u00f6reningen JAG samarbetar med fotograf Elisabeth Ohlson Wallin i Almedalen - JAG Opinion","robots":{"index":"index","follow":"follow","max-snippet":"max-snippet:-1","max-image-preview":"max-image-preview:large","max-video-preview":"max-video-preview:-1"},"canonical":"https:\/\/jag.se\/opinion\/pressreleases\/foreningen-jag-samarbetar-med-fotograf-elisabeth-ohlson-wallin-i-almedalen\/","og_locale":"sv_SE","og_type":"article","og_title":"F\u00f6reningen JAG samarbetar med fotograf Elisabeth Ohlson Wallin i Almedalen - JAG Opinion","og_description":"F\u00f6reningen JAGs medlemmar \u00e4r i Visby under Almedalsveckan f\u00f6r att ta plats och g\u00f6ra sin r\u00f6st h\u00f6rd. P\u00e5 tisdagen kommer n\u00e5gra av medlemmarna, som ocks\u00e5 \u00e4r modeller i\u00a0Funkisbyr\u00e5n,\u00a0att fotograferas av Elisabeth Ohlson Wallin. Arrangemanget och fotograferingen kommer att ske mitt i vimlet p\u00e5 Donners plats klockan 13.30 och ta cirka en timme. Medlemmar i F\u00f6reningen","og_url":"https:\/\/jag.se\/opinion\/pressreleases\/foreningen-jag-samarbetar-med-fotograf-elisabeth-ohlson-wallin-i-almedalen\/","og_site_name":"JAG Opinion","twitter_card":"summary_large_image","twitter_misc":{"Ber\u00e4knad l\u00e4stid":"1 minut"},"schema":{"@context":"https:\/\/schema.org","@graph":[{"@type":"WebPage","@id":"https:\/\/jag.se\/opinion\/pressreleases\/foreningen-jag-samarbetar-med-fotograf-elisabeth-ohlson-wallin-i-almedalen\/","url":"https:\/\/jag.se\/opinion\/pressreleases\/foreningen-jag-samarbetar-med-fotograf-elisabeth-ohlson-wallin-i-almedalen\/","name":"F\u00f6reningen JAG samarbetar med fotograf Elisabeth Ohlson Wallin i Almedalen - JAG Opinion","isPartOf":{"@id":"https:\/\/jag.se\/opinion\/#website"},"datePublished":"2012-07-02T19:26:46+00:00","dateModified":"2012-07-02T19:26:46+00:00","breadcrumb":{"@id":"https:\/\/jag.se\/opinion\/pressreleases\/foreningen-jag-samarbetar-med-fotograf-elisabeth-ohlson-wallin-i-almedalen\/#breadcrumb"},"inLanguage":"sv-SE","potentialAction":[{"@type":"ReadAction","target":["https:\/\/jag.se\/opinion\/pressreleases\/foreningen-jag-samarbetar-med-fotograf-elisabeth-ohlson-wallin-i-almedalen\/"]}]},{"@type":"BreadcrumbList","@id":"https:\/\/jag.se\/opinion\/pressreleases\/foreningen-jag-samarbetar-med-fotograf-elisabeth-ohlson-wallin-i-almedalen\/#breadcrumb","itemListElement":[{"@type":"ListItem","position":1,"name":"JAG start","item":"https:\/\/jag.se"},{"@type":"ListItem","position":2,"name":"Riksf\u00f6reningen JAG","item":"https:\/\/jag.se\/opinion\/"},{"@type":"ListItem","position":3,"name":"Pressmeddelanden","item":"https:\/\/jag.se\/opinion\/pressreleases\/"},{"@type":"ListItem","position":4,"name":"F\u00f6reningen JAG samarbetar med fotograf Elisabeth Ohlson Wallin i Almedalen"}]},{"@type":"WebSite","@id":"https:\/\/jag.se\/opinion\/#website","url":"https:\/\/jag.se\/opinion\/","name":"JAG Opinion","description":"","potentialAction":[{"@type":"SearchAction","target":{"@type":"EntryPoint","urlTemplate":"https:\/\/jag.se\/opinion\/?s={search_term_string}"},"query-input":"required name=search_term_string"}],"inLanguage":"sv-SE"}]}},"_links":{"self":[{"href":"https:\/\/jag.se\/opinion\/wp-json\/wp\/v2\/pressreleases\/28154","targetHints":{"allow":["GET"]}}],"collection":[{"href":"https:\/\/jag.se\/opinion\/wp-json\/wp\/v2\/pressreleases"}],"about":[{"href":"https:\/\/jag.se\/opinion\/wp-json\/wp\/v2\/types\/pressreleases"}],"wp:attachment":[{"href":"https:\/\/jag.se\/opinion\/wp-json\/wp\/v2\/media?parent=28154"}],"curies":[{"name":"wp","href":"https:\/\/api.w.org\/{rel}","templated":true}]}}