{"id":28155,"date":"2012-06-28T17:09:00","date_gmt":"2012-06-28T15:09:00","guid":{"rendered":"https:\/\/jag.se\/opinion\/pressreleases\/foreningen-jag-och-funkisbyran-deltar-i-almedalsveckan\/"},"modified":"2012-06-28T17:09:00","modified_gmt":"2012-06-28T15:09:00","slug":"foreningen-jag-och-funkisbyran-deltar-i-almedalsveckan","status":"publish","type":"pressreleases","link":"https:\/\/jag.se\/opinion\/pressreleases\/foreningen-jag-och-funkisbyran-deltar-i-almedalsveckan\/","title":{"rendered":"F\u00f6reningen JAG och Funkisbyr\u00e5n deltar i Almedalsveckan"},"content":{"rendered":"<p>JAGs program under Almedalsveckan<\/p>\n<p>V\u00e4lkommen till JAGs arrangemang i Almedalen n\u00e4sta vecka:<\/p>\n<p>Den svenska assistansreformen \u2013 f\u00f6rebild eller avskr\u00e4ckande exempel?<br \/>\nM\u00e5ndag 2\/7 kl 15.00\u201316.30. Debatt p\u00e5 H\u00f6gskolan p\u00e5 Gotland, Cram\u00e9rgatan 3, rum B22<br \/>\nArrangeras i samarbete med ENIL och STIL.<\/p>\n<p>Allas r\u00e4tt att synas och ta plats i det offentliga rummet<br \/>\nTisdag 3\/7 kl 16.00\u201317.30. Seminarium p\u00e5 H\u00f6gskolan p\u00e5 Gotland, Cram\u00e9rgatan 3, rum D22<\/p>\n<p>Kultur f\u00f6r alla i hela landet<br \/>\nOnsdag 4\/7 kl 14.00\u201315.30. Seminarium p\u00e5 H\u00f6gskolan p\u00e5 Gotland, Cram\u00e9rgatan 3, rum B22<\/p>\n<p>Historien om en svensk medborgarr\u00e4ttsr\u00f6relse<br \/>\nTorsdag 5\/7 kl 9.00\u201310.00 Filmvisning &amp; diskussion p\u00e5 H\u00f6gskolan p\u00e5 Gotland, Cram\u00e9rgatan 3, rum D22<\/p>\n<p>Prova p\u00e5 att m\u00e5la \u2013 olika tekniker och olika s\u00e4tt att m\u00e5la p\u00e5<br \/>\nTorsdag 5\/7 kl 11\u201314 eller kl 15\u201318. M\u00e5leriworkshop p\u00e5 H\u00f6gskolan p\u00e5 Gotland, Cram\u00e9rgatan 3, rum D22<br \/>\nAnm\u00e4l dig till Mats Lindberg, e-post mats.lindberg@jag.se senast 29\/6 och meddela vilken workshop du vill vara med p\u00e5.<\/p>\n","protected":false},"featured_media":28156,"template":"","class_list":["post-28155","pressreleases","type-pressreleases","status-publish","has-post-thumbnail","hentry"],"acf":[],"yoast_head":"<!-- This site is optimized with the Yoast SEO plugin v21.3 - https:\/\/yoast.com\/wordpress\/plugins\/seo\/ -->\n<title>F\u00f6reningen JAG och Funkisbyr\u00e5n deltar i Almedalsveckan - JAG Opinion<\/title>\n<meta name=\"robots\" content=\"index, follow, max-snippet:-1, max-image-preview:large, max-video-preview:-1\" \/>\n<link rel=\"canonical\" href=\"https:\/\/jag.se\/opinion\/pressreleases\/foreningen-jag-och-funkisbyran-deltar-i-almedalsveckan\/\" \/>\n<meta property=\"og:locale\" content=\"sv_SE\" \/>\n<meta property=\"og:type\" content=\"article\" \/>\n<meta property=\"og:title\" content=\"F\u00f6reningen JAG och Funkisbyr\u00e5n deltar i Almedalsveckan - JAG Opinion\" \/>\n<meta property=\"og:description\" content=\"JAGs program under Almedalsveckan V\u00e4lkommen till JAGs arrangemang i Almedalen n\u00e4sta vecka: Den svenska assistansreformen \u2013 f\u00f6rebild eller avskr\u00e4ckande exempel? M\u00e5ndag 2\/7 kl 15.00\u201316.30. Debatt p\u00e5 H\u00f6gskolan p\u00e5 Gotland, Cram\u00e9rgatan 3, rum B22 Arrangeras i samarbete med ENIL och STIL. Allas r\u00e4tt att synas och ta plats i det offentliga rummet Tisdag 3\/7 kl 16.00\u201317.30.\" \/>\n<meta property=\"og:url\" content=\"https:\/\/jag.se\/opinion\/pressreleases\/foreningen-jag-och-funkisbyran-deltar-i-almedalsveckan\/\" \/>\n<meta property=\"og:site_name\" content=\"JAG Opinion\" \/>\n<meta property=\"og:image\" content=\"https:\/\/jag.se\/opinion\/wp-content\/uploads\/sites\/3\/2012\/06\/adcae0e1e2d8b563_org-11-scaled.jpg\" \/>\n\t<meta property=\"og:image:width\" content=\"2560\" \/>\n\t<meta property=\"og:image:height\" content=\"1920\" \/>\n\t<meta property=\"og:image:type\" content=\"image\/jpeg\" \/>\n<meta name=\"twitter:card\" content=\"summary_large_image\" \/>\n<meta name=\"twitter:label1\" content=\"Ber\u00e4knad l\u00e4stid\" \/>\n\t<meta name=\"twitter:data1\" content=\"1 minut\" \/>\n<script type=\"application\/ld+json\" class=\"yoast-schema-graph\">{\"@context\":\"https:\/\/schema.org\",\"@graph\":[{\"@type\":\"WebPage\",\"@id\":\"https:\/\/jag.se\/opinion\/pressreleases\/foreningen-jag-och-funkisbyran-deltar-i-almedalsveckan\/\",\"url\":\"https:\/\/jag.se\/opinion\/pressreleases\/foreningen-jag-och-funkisbyran-deltar-i-almedalsveckan\/\",\"name\":\"F\u00f6reningen JAG och Funkisbyr\u00e5n deltar i Almedalsveckan - JAG Opinion\",\"isPartOf\":{\"@id\":\"https:\/\/jag.se\/opinion\/#website\"},\"datePublished\":\"2012-06-28T15:09:00+00:00\",\"dateModified\":\"2012-06-28T15:09:00+00:00\",\"breadcrumb\":{\"@id\":\"https:\/\/jag.se\/opinion\/pressreleases\/foreningen-jag-och-funkisbyran-deltar-i-almedalsveckan\/#breadcrumb\"},\"inLanguage\":\"sv-SE\",\"potentialAction\":[{\"@type\":\"ReadAction\",\"target\":[\"https:\/\/jag.se\/opinion\/pressreleases\/foreningen-jag-och-funkisbyran-deltar-i-almedalsveckan\/\"]}]},{\"@type\":\"BreadcrumbList\",\"@id\":\"https:\/\/jag.se\/opinion\/pressreleases\/foreningen-jag-och-funkisbyran-deltar-i-almedalsveckan\/#breadcrumb\",\"itemListElement\":[{\"@type\":\"ListItem\",\"position\":1,\"name\":\"JAG start\",\"item\":\"https:\/\/jag.se\"},{\"@type\":\"ListItem\",\"position\":2,\"name\":\"Riksf\u00f6reningen JAG\",\"item\":\"https:\/\/jag.se\/opinion\/\"},{\"@type\":\"ListItem\",\"position\":3,\"name\":\"Pressmeddelanden\",\"item\":\"https:\/\/jag.se\/opinion\/pressreleases\/\"},{\"@type\":\"ListItem\",\"position\":4,\"name\":\"F\u00f6reningen JAG och Funkisbyr\u00e5n deltar i Almedalsveckan\"}]},{\"@type\":\"WebSite\",\"@id\":\"https:\/\/jag.se\/opinion\/#website\",\"url\":\"https:\/\/jag.se\/opinion\/\",\"name\":\"JAG Opinion\",\"description\":\"\",\"potentialAction\":[{\"@type\":\"SearchAction\",\"target\":{\"@type\":\"EntryPoint\",\"urlTemplate\":\"https:\/\/jag.se\/opinion\/?s={search_term_string}\"},\"query-input\":\"required name=search_term_string\"}],\"inLanguage\":\"sv-SE\"}]}<\/script>\n<!-- \/ Yoast SEO plugin. -->","yoast_head_json":{"title":"F\u00f6reningen JAG och Funkisbyr\u00e5n deltar i Almedalsveckan - JAG Opinion","robots":{"index":"index","follow":"follow","max-snippet":"max-snippet:-1","max-image-preview":"max-image-preview:large","max-video-preview":"max-video-preview:-1"},"canonical":"https:\/\/jag.se\/opinion\/pressreleases\/foreningen-jag-och-funkisbyran-deltar-i-almedalsveckan\/","og_locale":"sv_SE","og_type":"article","og_title":"F\u00f6reningen JAG och Funkisbyr\u00e5n deltar i Almedalsveckan - JAG Opinion","og_description":"JAGs program under Almedalsveckan V\u00e4lkommen till JAGs arrangemang i Almedalen n\u00e4sta vecka: Den svenska assistansreformen \u2013 f\u00f6rebild eller avskr\u00e4ckande exempel? M\u00e5ndag 2\/7 kl 15.00\u201316.30. Debatt p\u00e5 H\u00f6gskolan p\u00e5 Gotland, Cram\u00e9rgatan 3, rum B22 Arrangeras i samarbete med ENIL och STIL. Allas r\u00e4tt att synas och ta plats i det offentliga rummet Tisdag 3\/7 kl 16.00\u201317.30.","og_url":"https:\/\/jag.se\/opinion\/pressreleases\/foreningen-jag-och-funkisbyran-deltar-i-almedalsveckan\/","og_site_name":"JAG Opinion","og_image":[{"width":2560,"height":1920,"url":"https:\/\/jag.se\/opinion\/wp-content\/uploads\/sites\/3\/2012\/06\/adcae0e1e2d8b563_org-11-scaled.jpg","type":"image\/jpeg"}],"twitter_card":"summary_large_image","twitter_misc":{"Ber\u00e4knad l\u00e4stid":"1 minut"},"schema":{"@context":"https:\/\/schema.org","@graph":[{"@type":"WebPage","@id":"https:\/\/jag.se\/opinion\/pressreleases\/foreningen-jag-och-funkisbyran-deltar-i-almedalsveckan\/","url":"https:\/\/jag.se\/opinion\/pressreleases\/foreningen-jag-och-funkisbyran-deltar-i-almedalsveckan\/","name":"F\u00f6reningen JAG och Funkisbyr\u00e5n deltar i Almedalsveckan - JAG Opinion","isPartOf":{"@id":"https:\/\/jag.se\/opinion\/#website"},"datePublished":"2012-06-28T15:09:00+00:00","dateModified":"2012-06-28T15:09:00+00:00","breadcrumb":{"@id":"https:\/\/jag.se\/opinion\/pressreleases\/foreningen-jag-och-funkisbyran-deltar-i-almedalsveckan\/#breadcrumb"},"inLanguage":"sv-SE","potentialAction":[{"@type":"ReadAction","target":["https:\/\/jag.se\/opinion\/pressreleases\/foreningen-jag-och-funkisbyran-deltar-i-almedalsveckan\/"]}]},{"@type":"BreadcrumbList","@id":"https:\/\/jag.se\/opinion\/pressreleases\/foreningen-jag-och-funkisbyran-deltar-i-almedalsveckan\/#breadcrumb","itemListElement":[{"@type":"ListItem","position":1,"name":"JAG start","item":"https:\/\/jag.se"},{"@type":"ListItem","position":2,"name":"Riksf\u00f6reningen JAG","item":"https:\/\/jag.se\/opinion\/"},{"@type":"ListItem","position":3,"name":"Pressmeddelanden","item":"https:\/\/jag.se\/opinion\/pressreleases\/"},{"@type":"ListItem","position":4,"name":"F\u00f6reningen JAG och Funkisbyr\u00e5n deltar i Almedalsveckan"}]},{"@type":"WebSite","@id":"https:\/\/jag.se\/opinion\/#website","url":"https:\/\/jag.se\/opinion\/","name":"JAG Opinion","description":"","potentialAction":[{"@type":"SearchAction","target":{"@type":"EntryPoint","urlTemplate":"https:\/\/jag.se\/opinion\/?s={search_term_string}"},"query-input":"required name=search_term_string"}],"inLanguage":"sv-SE"}]}},"_links":{"self":[{"href":"https:\/\/jag.se\/opinion\/wp-json\/wp\/v2\/pressreleases\/28155","targetHints":{"allow":["GET"]}}],"collection":[{"href":"https:\/\/jag.se\/opinion\/wp-json\/wp\/v2\/pressreleases"}],"about":[{"href":"https:\/\/jag.se\/opinion\/wp-json\/wp\/v2\/types\/pressreleases"}],"wp:featuredmedia":[{"embeddable":true,"href":"https:\/\/jag.se\/opinion\/wp-json\/wp\/v2\/media\/28156"}],"wp:attachment":[{"href":"https:\/\/jag.se\/opinion\/wp-json\/wp\/v2\/media?parent=28155"}],"curies":[{"name":"wp","href":"https:\/\/api.w.org\/{rel}","templated":true}]}}