{"id":28159,"date":"2012-06-05T12:32:30","date_gmt":"2012-06-05T10:32:30","guid":{"rendered":"https:\/\/jag.se\/opinion\/pressreleases\/igar-fick-antligen-brukarkooperativet-jag-sitt-tillstandsbevis\/"},"modified":"2012-06-05T12:32:30","modified_gmt":"2012-06-05T10:32:30","slug":"igar-fick-antligen-brukarkooperativet-jag-sitt-tillstandsbevis","status":"publish","type":"pressreleases","link":"https:\/\/jag.se\/opinion\/pressreleases\/igar-fick-antligen-brukarkooperativet-jag-sitt-tillstandsbevis\/","title":{"rendered":"Ig\u00e5r fick \u00e4ntligen Brukarkooperativet JAG sitt tillst\u00e5ndsbevis"},"content":{"rendered":"<p>Tillst\u00e5ndet g\u00e4ller tillsvidare.<\/p>\n<p>Brukarkooperativet JAG bedriver verksamhet i hela Sverige. Kansliorganisationen finns i Stockholm. F\u00f6r varje medlems assistans sluts ett avtal mellan kooperativet, medlemmen (den assistansber\u00e4ttigade) och en servicegarant, som \u00e4r assistansanordarens representant. En direktkontakt med servicegaranten garanteras under all tid medlemmen har assistans. Servicegaranten ska med kort varsel kunna infinna sig hos den assistansber\u00e4ttigade och s\u00e4kerst\u00e4lla att servicen fungerar tillfredst\u00e4llande. Till st\u00f6d i assistansen finns regionala r\u00e5dgivare p\u00e5 flera orter i landet.<\/p>\n<p>Verksamhetens inneh\u00e5ll<br \/>\nJAGs assistansverksamheten pr\u00e4glas av ett ideellt icke-vinstdrivande syfte. Inriktningen utg\u00e5r fr\u00e5n Independent Living och m\u00e5let \u00e4r att den assistansber\u00e4ttigade ska ges f\u00f6ruts\u00e4ttningar till ett fritt, oberoende och gott liv. Verksamheten \u00e4r utformad f\u00f6r att s\u00e4kerst\u00e4lla trygghet, s\u00e4kerhet och kvalitet i assistansen, bland annat genom servicegaranti, utbildningsgaranti och handledning. Samordning och arbetsledning sk\u00f6ts av servicegaranten som ansvarar f\u00f6r lokal administration, rekrytering, planering, ledning och uppf\u00f6ljningsuppgifter. Central administration sk\u00f6ts fr\u00e5n verksamhetens kansli.<\/p>\n<p>Det centrala i Brukarkooperativet JAGs v\u00e4rdegrund \u00e4r att ha ett respektfullt f\u00f6rh\u00e5llningss\u00e4tt. Verksamheten arbetar aktivt i \u00e4mnet under introduktion, utbildningar, r\u00e5dgivningssamtal och m\u00f6ten. Den assistansber\u00e4ttigade ska vara huvudpersonen, oavsett\u00a0 funktionsneds\u00e4ttning. Ett respektfullt och gott bem\u00f6tande blir en naturlig f\u00f6ljd av ett gott f\u00f6rh\u00e5llningss\u00e4tt.<\/p>\n","protected":false},"featured_media":0,"template":"","class_list":["post-28159","pressreleases","type-pressreleases","status-publish","hentry"],"acf":[],"yoast_head":"<!-- This site is optimized with the Yoast SEO plugin v21.3 - https:\/\/yoast.com\/wordpress\/plugins\/seo\/ -->\n<title>Ig\u00e5r fick \u00e4ntligen Brukarkooperativet JAG sitt tillst\u00e5ndsbevis - JAG Opinion<\/title>\n<meta name=\"robots\" content=\"index, follow, max-snippet:-1, max-image-preview:large, max-video-preview:-1\" \/>\n<link rel=\"canonical\" href=\"https:\/\/jag.se\/opinion\/pressreleases\/igar-fick-antligen-brukarkooperativet-jag-sitt-tillstandsbevis\/\" \/>\n<meta property=\"og:locale\" content=\"sv_SE\" \/>\n<meta property=\"og:type\" content=\"article\" \/>\n<meta property=\"og:title\" content=\"Ig\u00e5r fick \u00e4ntligen Brukarkooperativet JAG sitt tillst\u00e5ndsbevis - JAG Opinion\" \/>\n<meta property=\"og:description\" content=\"Tillst\u00e5ndet g\u00e4ller tillsvidare. Brukarkooperativet JAG bedriver verksamhet i hela Sverige. Kansliorganisationen finns i Stockholm. F\u00f6r varje medlems assistans sluts ett avtal mellan kooperativet, medlemmen (den assistansber\u00e4ttigade) och en servicegarant, som \u00e4r assistansanordarens representant. En direktkontakt med servicegaranten garanteras under all tid medlemmen har assistans. Servicegaranten ska med kort varsel kunna infinna sig hos den assistansber\u00e4ttigade\" \/>\n<meta property=\"og:url\" content=\"https:\/\/jag.se\/opinion\/pressreleases\/igar-fick-antligen-brukarkooperativet-jag-sitt-tillstandsbevis\/\" \/>\n<meta property=\"og:site_name\" content=\"JAG Opinion\" \/>\n<meta name=\"twitter:card\" content=\"summary_large_image\" \/>\n<meta name=\"twitter:label1\" content=\"Ber\u00e4knad l\u00e4stid\" \/>\n\t<meta name=\"twitter:data1\" content=\"1 minut\" \/>\n<script type=\"application\/ld+json\" class=\"yoast-schema-graph\">{\"@context\":\"https:\/\/schema.org\",\"@graph\":[{\"@type\":\"WebPage\",\"@id\":\"https:\/\/jag.se\/opinion\/pressreleases\/igar-fick-antligen-brukarkooperativet-jag-sitt-tillstandsbevis\/\",\"url\":\"https:\/\/jag.se\/opinion\/pressreleases\/igar-fick-antligen-brukarkooperativet-jag-sitt-tillstandsbevis\/\",\"name\":\"Ig\u00e5r fick \u00e4ntligen Brukarkooperativet JAG sitt tillst\u00e5ndsbevis - JAG Opinion\",\"isPartOf\":{\"@id\":\"https:\/\/jag.se\/opinion\/#website\"},\"datePublished\":\"2012-06-05T10:32:30+00:00\",\"dateModified\":\"2012-06-05T10:32:30+00:00\",\"breadcrumb\":{\"@id\":\"https:\/\/jag.se\/opinion\/pressreleases\/igar-fick-antligen-brukarkooperativet-jag-sitt-tillstandsbevis\/#breadcrumb\"},\"inLanguage\":\"sv-SE\",\"potentialAction\":[{\"@type\":\"ReadAction\",\"target\":[\"https:\/\/jag.se\/opinion\/pressreleases\/igar-fick-antligen-brukarkooperativet-jag-sitt-tillstandsbevis\/\"]}]},{\"@type\":\"BreadcrumbList\",\"@id\":\"https:\/\/jag.se\/opinion\/pressreleases\/igar-fick-antligen-brukarkooperativet-jag-sitt-tillstandsbevis\/#breadcrumb\",\"itemListElement\":[{\"@type\":\"ListItem\",\"position\":1,\"name\":\"JAG start\",\"item\":\"https:\/\/jag.se\"},{\"@type\":\"ListItem\",\"position\":2,\"name\":\"Riksf\u00f6reningen JAG\",\"item\":\"https:\/\/jag.se\/opinion\/\"},{\"@type\":\"ListItem\",\"position\":3,\"name\":\"Pressmeddelanden\",\"item\":\"https:\/\/jag.se\/opinion\/pressreleases\/\"},{\"@type\":\"ListItem\",\"position\":4,\"name\":\"Ig\u00e5r fick \u00e4ntligen Brukarkooperativet JAG sitt tillst\u00e5ndsbevis\"}]},{\"@type\":\"WebSite\",\"@id\":\"https:\/\/jag.se\/opinion\/#website\",\"url\":\"https:\/\/jag.se\/opinion\/\",\"name\":\"JAG Opinion\",\"description\":\"\",\"potentialAction\":[{\"@type\":\"SearchAction\",\"target\":{\"@type\":\"EntryPoint\",\"urlTemplate\":\"https:\/\/jag.se\/opinion\/?s={search_term_string}\"},\"query-input\":\"required name=search_term_string\"}],\"inLanguage\":\"sv-SE\"}]}<\/script>\n<!-- \/ Yoast SEO plugin. -->","yoast_head_json":{"title":"Ig\u00e5r fick \u00e4ntligen Brukarkooperativet JAG sitt tillst\u00e5ndsbevis - JAG Opinion","robots":{"index":"index","follow":"follow","max-snippet":"max-snippet:-1","max-image-preview":"max-image-preview:large","max-video-preview":"max-video-preview:-1"},"canonical":"https:\/\/jag.se\/opinion\/pressreleases\/igar-fick-antligen-brukarkooperativet-jag-sitt-tillstandsbevis\/","og_locale":"sv_SE","og_type":"article","og_title":"Ig\u00e5r fick \u00e4ntligen Brukarkooperativet JAG sitt tillst\u00e5ndsbevis - JAG Opinion","og_description":"Tillst\u00e5ndet g\u00e4ller tillsvidare. Brukarkooperativet JAG bedriver verksamhet i hela Sverige. Kansliorganisationen finns i Stockholm. F\u00f6r varje medlems assistans sluts ett avtal mellan kooperativet, medlemmen (den assistansber\u00e4ttigade) och en servicegarant, som \u00e4r assistansanordarens representant. En direktkontakt med servicegaranten garanteras under all tid medlemmen har assistans. Servicegaranten ska med kort varsel kunna infinna sig hos den assistansber\u00e4ttigade","og_url":"https:\/\/jag.se\/opinion\/pressreleases\/igar-fick-antligen-brukarkooperativet-jag-sitt-tillstandsbevis\/","og_site_name":"JAG Opinion","twitter_card":"summary_large_image","twitter_misc":{"Ber\u00e4knad l\u00e4stid":"1 minut"},"schema":{"@context":"https:\/\/schema.org","@graph":[{"@type":"WebPage","@id":"https:\/\/jag.se\/opinion\/pressreleases\/igar-fick-antligen-brukarkooperativet-jag-sitt-tillstandsbevis\/","url":"https:\/\/jag.se\/opinion\/pressreleases\/igar-fick-antligen-brukarkooperativet-jag-sitt-tillstandsbevis\/","name":"Ig\u00e5r fick \u00e4ntligen Brukarkooperativet JAG sitt tillst\u00e5ndsbevis - JAG Opinion","isPartOf":{"@id":"https:\/\/jag.se\/opinion\/#website"},"datePublished":"2012-06-05T10:32:30+00:00","dateModified":"2012-06-05T10:32:30+00:00","breadcrumb":{"@id":"https:\/\/jag.se\/opinion\/pressreleases\/igar-fick-antligen-brukarkooperativet-jag-sitt-tillstandsbevis\/#breadcrumb"},"inLanguage":"sv-SE","potentialAction":[{"@type":"ReadAction","target":["https:\/\/jag.se\/opinion\/pressreleases\/igar-fick-antligen-brukarkooperativet-jag-sitt-tillstandsbevis\/"]}]},{"@type":"BreadcrumbList","@id":"https:\/\/jag.se\/opinion\/pressreleases\/igar-fick-antligen-brukarkooperativet-jag-sitt-tillstandsbevis\/#breadcrumb","itemListElement":[{"@type":"ListItem","position":1,"name":"JAG start","item":"https:\/\/jag.se"},{"@type":"ListItem","position":2,"name":"Riksf\u00f6reningen JAG","item":"https:\/\/jag.se\/opinion\/"},{"@type":"ListItem","position":3,"name":"Pressmeddelanden","item":"https:\/\/jag.se\/opinion\/pressreleases\/"},{"@type":"ListItem","position":4,"name":"Ig\u00e5r fick \u00e4ntligen Brukarkooperativet JAG sitt tillst\u00e5ndsbevis"}]},{"@type":"WebSite","@id":"https:\/\/jag.se\/opinion\/#website","url":"https:\/\/jag.se\/opinion\/","name":"JAG Opinion","description":"","potentialAction":[{"@type":"SearchAction","target":{"@type":"EntryPoint","urlTemplate":"https:\/\/jag.se\/opinion\/?s={search_term_string}"},"query-input":"required name=search_term_string"}],"inLanguage":"sv-SE"}]}},"_links":{"self":[{"href":"https:\/\/jag.se\/opinion\/wp-json\/wp\/v2\/pressreleases\/28159","targetHints":{"allow":["GET"]}}],"collection":[{"href":"https:\/\/jag.se\/opinion\/wp-json\/wp\/v2\/pressreleases"}],"about":[{"href":"https:\/\/jag.se\/opinion\/wp-json\/wp\/v2\/types\/pressreleases"}],"wp:attachment":[{"href":"https:\/\/jag.se\/opinion\/wp-json\/wp\/v2\/media?parent=28159"}],"curies":[{"name":"wp","href":"https:\/\/api.w.org\/{rel}","templated":true}]}}